{"id":359737,"date":"2025-10-31T19:55:55","date_gmt":"2025-10-31T18:55:55","guid":{"rendered":"https:\/\/zakrasnejsivimperk.cz\/?p=359737"},"modified":"2025-10-31T19:55:55","modified_gmt":"2025-10-31T18:55:55","slug":"ceska-republika-uroda-ktera-meni-krajinu-lesnicky-pribeh-z-tyniste-nad-orlici","status":"publish","type":"post","link":"https:\/\/zakrasnejsivimperk.cz\/?p=359737","title":{"rendered":"\u010cESK\u00c1 REPUBLIKA: \u00daroda, kter\u00e1 m\u011bn\u00ed krajinu. Lesnick\u00fd p\u0159\u00edb\u011bh z T\u00fdni\u0161t\u011b nad Orlic\u00ed"},"content":{"rendered":"<p><img loading=\"lazy\" decoding=\"async\" class=\"aligncenter wp-image-359739 size-full\" src=\"https:\/\/zakrasnejsivimperk.cz\/wp-content\/uploads\/2025\/10\/22\/Uroda-ktera-meni-krajinu-2.jpeg\" alt=\"\" width=\"1874\" height=\"911\" srcset=\"https:\/\/zakrasnejsivimperk.cz\/wp-content\/uploads\/2025\/10\/22\/Uroda-ktera-meni-krajinu-2.jpeg 1874w, https:\/\/zakrasnejsivimperk.cz\/wp-content\/uploads\/2025\/10\/22\/Uroda-ktera-meni-krajinu-2-300x146.jpeg 300w, https:\/\/zakrasnejsivimperk.cz\/wp-content\/uploads\/2025\/10\/22\/Uroda-ktera-meni-krajinu-2-1024x498.jpeg 1024w, https:\/\/zakrasnejsivimperk.cz\/wp-content\/uploads\/2025\/10\/22\/Uroda-ktera-meni-krajinu-2-768x373.jpeg 768w, https:\/\/zakrasnejsivimperk.cz\/wp-content\/uploads\/2025\/10\/22\/Uroda-ktera-meni-krajinu-2-1536x747.jpeg 1536w, https:\/\/zakrasnejsivimperk.cz\/wp-content\/uploads\/2025\/10\/22\/Uroda-ktera-meni-krajinu-2-326x159.jpeg 326w, https:\/\/zakrasnejsivimperk.cz\/wp-content\/uploads\/2025\/10\/22\/Uroda-ktera-meni-krajinu-2-734x357.jpeg 734w, https:\/\/zakrasnejsivimperk.cz\/wp-content\/uploads\/2025\/10\/22\/Uroda-ktera-meni-krajinu-2-994x483.jpeg 994w\" sizes=\"(max-width: 1874px) 100vw, 1874px\" \/><\/p>\n<p>&nbsp;<\/p>\n<h6>Velkou \u00farodu kvalitn\u00edch plod\u016f v\u0161ech ovocn\u00fdch lesn\u00edch d\u0159evin letos hl\u00e1s\u00ed Semen\u00e1\u0159sk\u00fd z\u00e1vod v T\u00fdni\u0161ti nad Orlic\u00ed. Lesy \u010cR pr\u00e1v\u011b zpracov\u00e1vaj\u00ed jeden\u00e1ct tun plan\u00fdch hru\u0161ek, jablek, t\u0159e\u0161n\u00ed i malvi\u010dek vz\u00e1cn\u00fdch oskeru\u0161\u00ed. Z nich vzejdou statis\u00edce stromk\u016f, kter\u00e9 zpest\u0159\u00ed rem\u00edzky i lesy a podpo\u0159\u00ed biodiverzitu.<\/h6>\n<p><em><img loading=\"lazy\" decoding=\"async\" class=\"size-medium wp-image-136995 alignright\" src=\"https:\/\/zakrasnejsivimperk.cz\/wp-content\/uploads\/2018\/08\/03\/logo-lesy-cr-300x134.gif\" alt=\"\" width=\"300\" height=\"134\" srcset=\"https:\/\/zakrasnejsivimperk.cz\/wp-content\/uploads\/2018\/08\/03\/logo-lesy-cr-300x134.gif 300w, https:\/\/zakrasnejsivimperk.cz\/wp-content\/uploads\/2018\/08\/03\/logo-lesy-cr-745x333.gif 745w\" sizes=\"(max-width: 300px) 100vw, 300px\" \/>\u201eD\u00edky dobr\u00fdm klimatick\u00fdm podm\u00ednk\u00e1m b\u011bhem kveten\u00ed a opylov\u00e1n\u00ed kv\u011bt\u016f jsou mno\u017estv\u00ed i kvalita leto\u0161n\u00edch plod\u016f v\u0161ech ovocn\u00fdch lesn\u00edch d\u0159evin mimo\u0159\u00e1dn\u00e9,\u201c<\/em> \u0159\u00edk\u00e1 Milo\u0161 Pa\u0159\u00edzek, \u0159editel Semen\u00e1\u0159sk\u00e9ho z\u00e1vodu Les\u016f \u010cR.<\/p>\n<p>Ze strom\u016f ofici\u00e1ln\u011b uznan\u00fdch pro sb\u011br osiva v cel\u00e9 republice sebrali lesn\u00edci ze st\u00e1tn\u00edho podniku celkem \u010dty\u0159i tuny t\u0159e\u0161n\u00ed pta\u010d\u00edch, t\u0159i tuny plod\u016f z jablon\u00ed lesn\u00edch, dv\u011b tuny z hru\u0161n\u00ed polni\u010dek a dv\u011b tuny z je\u0159\u00e1bu oskeru\u0161e.<\/p>\n<p><em>\u201eP\u0159ed zpracov\u00e1n\u00edm je uchov\u00e1v\u00e1me v chladu. Abychom odd\u011blili semena od du\u017eniny, pou\u017e\u00edv\u00e1me speci\u00e1ln\u00ed postupy a technologie. Vylu\u0161t\u011bn\u00e1 semena pak je\u0161t\u011b p\u0159ed uskladn\u011bn\u00edm su\u0161\u00edme a \u010dist\u00edme od zbytk\u016f du\u017eniny. V\u00fdsev p\u0159edch\u00e1z\u00ed stratifikace, kter\u00e1 p\u0159ekon\u00e1 kl\u00ed\u010dn\u00ed klid. U t\u0159e\u0161n\u011b pta\u010d\u00ed to m\u016f\u017ee trvat a\u017e \u010dty\u0159i m\u011bs\u00edce,\u201c<\/em> vysv\u011btluje Pa\u0159\u00edzek a d\u011bkuje v\u0161em lesn\u00edk\u016fm, kte\u0159\u00ed se na sb\u011bru leto\u0161n\u00ed \u00farody pod\u00edleli.<\/p>\n<p>Plan\u00e9 ovocn\u00e9 d\u0159eviny poskytuj\u00ed potravu a \u00fakryt mnoha \u017eivo\u010dich\u016fm, tak\u017ee zvy\u0161uj\u00ed biodiverzitu. Nav\u00edc zadr\u017euj\u00ed vodu a br\u00e1n\u00ed erozi p\u016fdy. I d\u00edky nim je krajina rozmanit\u011bj\u0161\u00ed.<\/p>\n<p><strong>Text a foto: (tz-l\u010dr)<\/strong><\/p>\n<p>&nbsp;<\/p>\n<p><img loading=\"lazy\" decoding=\"async\" class=\"aligncenter wp-image-359740 size-full\" src=\"https:\/\/zakrasnejsivimperk.cz\/wp-content\/uploads\/2025\/10\/22\/Uroda-ktera-meni-krajinu-3.jpeg\" alt=\"\" width=\"1874\" height=\"911\" srcset=\"https:\/\/zakrasnejsivimperk.cz\/wp-content\/uploads\/2025\/10\/22\/Uroda-ktera-meni-krajinu-3.jpeg 1874w, https:\/\/zakrasnejsivimperk.cz\/wp-content\/uploads\/2025\/10\/22\/Uroda-ktera-meni-krajinu-3-300x146.jpeg 300w, https:\/\/zakrasnejsivimperk.cz\/wp-content\/uploads\/2025\/10\/22\/Uroda-ktera-meni-krajinu-3-1024x498.jpeg 1024w, https:\/\/zakrasnejsivimperk.cz\/wp-content\/uploads\/2025\/10\/22\/Uroda-ktera-meni-krajinu-3-768x373.jpeg 768w, https:\/\/zakrasnejsivimperk.cz\/wp-content\/uploads\/2025\/10\/22\/Uroda-ktera-meni-krajinu-3-1536x747.jpeg 1536w, https:\/\/zakrasnejsivimperk.cz\/wp-content\/uploads\/2025\/10\/22\/Uroda-ktera-meni-krajinu-3-326x159.jpeg 326w, https:\/\/zakrasnejsivimperk.cz\/wp-content\/uploads\/2025\/10\/22\/Uroda-ktera-meni-krajinu-3-734x357.jpeg 734w, https:\/\/zakrasnejsivimperk.cz\/wp-content\/uploads\/2025\/10\/22\/Uroda-ktera-meni-krajinu-3-994x483.jpeg 994w\" sizes=\"(max-width: 1874px) 100vw, 1874px\" \/><\/p>\n<p>&nbsp;<\/p>\n<p><img loading=\"lazy\" decoding=\"async\" class=\"aligncenter wp-image-359742 size-full\" src=\"https:\/\/zakrasnejsivimperk.cz\/wp-content\/uploads\/2025\/10\/22\/Uroda-ktera-meni-krajinu-5.jpeg\" alt=\"\" width=\"1874\" height=\"911\" srcset=\"https:\/\/zakrasnejsivimperk.cz\/wp-content\/uploads\/2025\/10\/22\/Uroda-ktera-meni-krajinu-5.jpeg 1874w, https:\/\/zakrasnejsivimperk.cz\/wp-content\/uploads\/2025\/10\/22\/Uroda-ktera-meni-krajinu-5-300x146.jpeg 300w, https:\/\/zakrasnejsivimperk.cz\/wp-content\/uploads\/2025\/10\/22\/Uroda-ktera-meni-krajinu-5-1024x498.jpeg 1024w, https:\/\/zakrasnejsivimperk.cz\/wp-content\/uploads\/2025\/10\/22\/Uroda-ktera-meni-krajinu-5-768x373.jpeg 768w, https:\/\/zakrasnejsivimperk.cz\/wp-content\/uploads\/2025\/10\/22\/Uroda-ktera-meni-krajinu-5-1536x747.jpeg 1536w, https:\/\/zakrasnejsivimperk.cz\/wp-content\/uploads\/2025\/10\/22\/Uroda-ktera-meni-krajinu-5-326x159.jpeg 326w, https:\/\/zakrasnejsivimperk.cz\/wp-content\/uploads\/2025\/10\/22\/Uroda-ktera-meni-krajinu-5-734x357.jpeg 734w, https:\/\/zakrasnejsivimperk.cz\/wp-content\/uploads\/2025\/10\/22\/Uroda-ktera-meni-krajinu-5-994x483.jpeg 994w\" sizes=\"(max-width: 1874px) 100vw, 1874px\" \/><\/p>\n<p>&nbsp;<\/p>\n<p><img loading=\"lazy\" decoding=\"async\" class=\"aligncenter wp-image-359738 size-full\" src=\"https:\/\/zakrasnejsivimperk.cz\/wp-content\/uploads\/2025\/10\/22\/Uroda-ktera-meni-krajinu-1.jpeg\" alt=\"\" width=\"1874\" height=\"911\" srcset=\"https:\/\/zakrasnejsivimperk.cz\/wp-content\/uploads\/2025\/10\/22\/Uroda-ktera-meni-krajinu-1.jpeg 1874w, https:\/\/zakrasnejsivimperk.cz\/wp-content\/uploads\/2025\/10\/22\/Uroda-ktera-meni-krajinu-1-300x146.jpeg 300w, https:\/\/zakrasnejsivimperk.cz\/wp-content\/uploads\/2025\/10\/22\/Uroda-ktera-meni-krajinu-1-1024x498.jpeg 1024w, https:\/\/zakrasnejsivimperk.cz\/wp-content\/uploads\/2025\/10\/22\/Uroda-ktera-meni-krajinu-1-768x373.jpeg 768w, https:\/\/zakrasnejsivimperk.cz\/wp-content\/uploads\/2025\/10\/22\/Uroda-ktera-meni-krajinu-1-1536x747.jpeg 1536w, https:\/\/zakrasnejsivimperk.cz\/wp-content\/uploads\/2025\/10\/22\/Uroda-ktera-meni-krajinu-1-326x159.jpeg 326w, https:\/\/zakrasnejsivimperk.cz\/wp-content\/uploads\/2025\/10\/22\/Uroda-ktera-meni-krajinu-1-734x357.jpeg 734w, https:\/\/zakrasnejsivimperk.cz\/wp-content\/uploads\/2025\/10\/22\/Uroda-ktera-meni-krajinu-1-994x483.jpeg 994w\" sizes=\"(max-width: 1874px) 100vw, 1874px\" \/><\/p>\n<p>&nbsp;<\/p>\n<p><img loading=\"lazy\" decoding=\"async\" class=\"aligncenter wp-image-359741 size-full\" src=\"https:\/\/zakrasnejsivimperk.cz\/wp-content\/uploads\/2025\/10\/22\/Uroda-ktera-meni-krajinu-4.jpeg\" alt=\"\" width=\"1874\" height=\"911\" srcset=\"https:\/\/zakrasnejsivimperk.cz\/wp-content\/uploads\/2025\/10\/22\/Uroda-ktera-meni-krajinu-4.jpeg 1874w, https:\/\/zakrasnejsivimperk.cz\/wp-content\/uploads\/2025\/10\/22\/Uroda-ktera-meni-krajinu-4-300x146.jpeg 300w, https:\/\/zakrasnejsivimperk.cz\/wp-content\/uploads\/2025\/10\/22\/Uroda-ktera-meni-krajinu-4-1024x498.jpeg 1024w, https:\/\/zakrasnejsivimperk.cz\/wp-content\/uploads\/2025\/10\/22\/Uroda-ktera-meni-krajinu-4-768x373.jpeg 768w, https:\/\/zakrasnejsivimperk.cz\/wp-content\/uploads\/2025\/10\/22\/Uroda-ktera-meni-krajinu-4-1536x747.jpeg 1536w, https:\/\/zakrasnejsivimperk.cz\/wp-content\/uploads\/2025\/10\/22\/Uroda-ktera-meni-krajinu-4-326x159.jpeg 326w, https:\/\/zakrasnejsivimperk.cz\/wp-content\/uploads\/2025\/10\/22\/Uroda-ktera-meni-krajinu-4-734x357.jpeg 734w, https:\/\/zakrasnejsivimperk.cz\/wp-content\/uploads\/2025\/10\/22\/Uroda-ktera-meni-krajinu-4-994x483.jpeg 994w\" sizes=\"(max-width: 1874px) 100vw, 1874px\" \/><\/p>\n<hr \/>\n<p>&nbsp;<\/p>\n<h4>Informovali jsme:<\/h4>\n<h6 class=\"entry-title\"><a href=\"https:\/\/zakrasnejsivimperk.cz\/?p=358438\" target=\"_blank\" rel=\"noopener\">JI\u017dN\u00cd \u010cECHY: P\u0159irozen\u00e1 koryta tok\u016f a nov\u00e9 t\u016fn\u011b v Novohradsk\u00fdch hor\u00e1ch a na \u0160umav\u011b obnovily Lesy \u010cR<\/a><\/h6>\n<h6 class=\"entry-title\"><a href=\"https:\/\/zakrasnejsivimperk.cz\/?p=357307\" target=\"_blank\" rel=\"noopener\">\u010cESK\u00c1 REPUBLIKA: Bob\u0159\u00ed sout\u011bska v CHKO \u010cesk\u00e9 st\u0159edoho\u0159\u00ed se od \u0159\u00edjna znovu otev\u0159ela pro ve\u0159ejnost<\/a><\/h6>\n<h6 class=\"entry-title\"><a href=\"https:\/\/zakrasnejsivimperk.cz\/?p=357292\" target=\"_blank\" rel=\"noopener\">AKTUALITY: Rok po povodn\u00edch. Lesy \u010cR obnovuj\u00ed koryta tok\u016f i lesn\u00ed cesty, investice u\u017e p\u0159es\u00e1hly 170 milion\u016f korun<\/a><\/h6>\n<h6 class=\"entry-title\"><a href=\"https:\/\/zakrasnejsivimperk.cz\/?p=355789\" target=\"_blank\" rel=\"noopener\">\u010cESK\u00c1 REPUBLIKA: Z\u00e1chrann\u00fd projekt zah\u00e1jily v Dr\u00e1bsk\u00fdch sv\u011btni\u010dk\u00e1ch L\u010cR<\/a><\/h6>\n<h6 class=\"entry-title\"><a href=\"https:\/\/zakrasnejsivimperk.cz\/?p=353389\" target=\"_blank\" rel=\"noopener\">JI\u017dN\u00cd \u010cECHY: Lesy \u010cR obnovily p\u0159ehr\u00e1\u017eky v Borkovick\u00fdch blatech<\/a><\/h6>\n<h6 class=\"entry-title\"><a href=\"https:\/\/zakrasnejsivimperk.cz\/?p=352037\" target=\"_blank\" rel=\"noopener\">\u010cESK\u00c9 REPUBLIKA: Lesy \u010cR v\u00a0Lednicko-valtick\u00e9m are\u00e1lu obnov\u00ed letos historickou alej borovic vejmutovek<\/a><\/h6>\n<h6 class=\"entry-title\"><a href=\"https:\/\/zakrasnejsivimperk.cz\/?p=352028\" target=\"_blank\" rel=\"noopener\">\u010cESK\u00c1 REPUBLIKA: Jednoduch\u00e9 \u00fapravy, velk\u00fd efekt: Lesy \u010cR vrac\u00ed vodu do krajiny u obce Puk\u0161ice<\/a><\/h6>\n<h6 class=\"entry-title\"><a href=\"https:\/\/zakrasnejsivimperk.cz\/?p=350288\" target=\"_blank\" rel=\"noopener\">\u010cESK\u00c1 REPUBLIKA: Lesy \u010cR postavily modern\u00ed budovu lesn\u00ed spr\u00e1vy s velk\u00fdm pod\u00edlem d\u0159eva<\/a><\/h6>\n<h6 class=\"entry-title\"><a href=\"https:\/\/zakrasnejsivimperk.cz\/?p=349017\" target=\"_blank\" rel=\"noopener\">\u010cESK\u00c1 REPUBLIKA: Vodu lesu. Nov\u00e1 n\u00e1dr\u017e vznikla na Doma\u017elicku d\u00edlem Les\u016f \u010cR<\/a><\/h6>\n<h6 class=\"entry-title\"><a href=\"https:\/\/zakrasnejsivimperk.cz\/?p=348212\" target=\"_blank\" rel=\"noopener\">\u010cESK\u00c1 REPUBLIKA: Lesy \u010cesk\u00e9 republiky p\u0159edstavuj\u00ed \u201costrovy obnovy p\u0159\u00edrody\u201c<\/a><\/h6>\n<h6 class=\"entry-title\"><a href=\"https:\/\/zakrasnejsivimperk.cz\/?p=347905\" target=\"_blank\" rel=\"noopener\">ZE SV\u011aTA: Adaptace les\u016f na klimatickou zm\u011bnu: \u010cesko a Japonsko sd\u00edlej\u00ed sv\u00e9 vlastn\u00ed zku\u0161enosti<\/a><\/h6>\n<h6 class=\"entry-title\"><a href=\"https:\/\/zakrasnejsivimperk.cz\/?p=346501\" target=\"_blank\" rel=\"noopener\">\u010cESK\u00c1 REPUBLIKA: P\u0159\u00edprava na zm\u011bnu klimatu. Lesn\u00edci sb\u00edraj\u00ed data na demonstra\u010dn\u00edch ploch\u00e1ch<\/a><\/h6>\n<h6 class=\"entry-title\"><a href=\"https:\/\/zakrasnejsivimperk.cz\/?p=345354\" target=\"_blank\" rel=\"noopener\">\u010cESK\u00c1 REPUBLIKA: Vodn\u00ed re\u017eim v Kru\u0161n\u00fdch hor\u00e1ch obnovuj\u00ed hrazen\u00edm meliorac\u00ed<\/a><\/h6>\n<h6 class=\"entry-title\"><a href=\"https:\/\/zakrasnejsivimperk.cz\/?p=345298\" target=\"_blank\" rel=\"noopener\">\u010cESK\u00c1 REPUBLIKA: Lesn\u00ed semen\u00e1\u0159i p\u0159ipravuj\u00ed osivo a expeduj\u00ed ho do \u0161kolek<\/a><\/h6>\n<h6 class=\"entry-title\"><a href=\"https:\/\/zakrasnejsivimperk.cz\/?p=343577\" target=\"_blank\" rel=\"noopener\">\u010cESK\u00c1 REPUBLIKA: Des\u00edtky milion\u016f nov\u00fdch strom\u016f. Lesy \u010cR s\u00e1zej\u00ed budoucnost<\/a><\/h6>\n<h6 class=\"entry-title\"><a href=\"https:\/\/zakrasnejsivimperk.cz\/?p=342361\" target=\"_blank\" rel=\"noopener\">\u010cESK\u00c1 REPUBLIKA: Lesn\u00edci jsou p\u0159ipraven\u00ed na rojen\u00ed k\u016frovce, objem napaden\u00fdch strom\u016f v\u00fdrazn\u011b kles\u00e1<\/a><\/h6>\n<h6 class=\"entry-title\"><a href=\"https:\/\/zakrasnejsivimperk.cz\/?p=339852\" target=\"_blank\" rel=\"noopener\">\u010cESK\u00c1 REPUBLIKA: Odstra\u0148uj\u00ed nebezpe\u010dn\u00e9 stromy u turistick\u00fdch tras<\/a><\/h6>\n<h6 class=\"entry-title\"><a href=\"https:\/\/zakrasnejsivimperk.cz\/?p=338049\" target=\"_blank\" rel=\"noopener\">\u010cESK\u00c1 REPUBLIKA: P\u0159\u00edb\u011bh\u016fm z poesiomatu m\u016f\u017eete naslouchat v Podkomorsk\u00fdch les\u00edch<\/a><\/h6>\n<h6 class=\"entry-title\"><a href=\"https:\/\/zakrasnejsivimperk.cz\/?p=335080\" target=\"_blank\" rel=\"noopener\">\u010cESK\u00c1 REPUBLIKA: Lesy \u010cR postavily u d\u00e1lkov\u00fdch turistick\u00fdch tras 31 \u00fatulen<\/a><\/h6>\n<h6 class=\"entry-title\"><a href=\"https:\/\/zakrasnejsivimperk.cz\/?p=335068\" target=\"_blank\" rel=\"noopener\">\u010cESK\u00c1 REPUBLIKA: Nov\u00e1 n\u00e1dr\u017e u Letovic ochr\u00e1n\u00ed p\u0159ed povodn\u011bmi i suchem<\/a><\/h6>\n<h6 class=\"entry-title\"><a href=\"https:\/\/zakrasnejsivimperk.cz\/?p=333990\" target=\"_blank\" rel=\"noopener\">\u010cESK\u00c1 REPUBLIKA: Lesy \u010cR obnovuj\u00ed kask\u00e1du p\u011bti vodn\u00edch n\u00e1dr\u017e\u00ed u Rakovn\u00edka<\/a><\/h6>\n<h6 class=\"entry-title\"><a href=\"https:\/\/zakrasnejsivimperk.cz\/?p=331899\" target=\"_blank\" rel=\"noopener\">\u010cESK\u00c1 REPUBLIKA: Oborn\u00ed muflon s nejsiln\u011bj\u0161\u00ed sv\u011btovou trofej\u00ed z Les\u016f \u010cR<\/a><\/h6>\n<h6 class=\"entry-title\"><a href=\"https:\/\/zakrasnejsivimperk.cz\/?p=331248\" target=\"_blank\" rel=\"noopener\">\u010cESK\u00c1 REPUBLIKA: P\u0159\u00edrod\u011b bl\u00edzk\u00e9 opat\u0159en\u00ed. Z mal\u00e9 nefunk\u010dn\u00ed n\u00e1dr\u017ee na K\u0159ivokl\u00e1tsku je pr\u016fto\u010dn\u00e1 t\u016f\u0148<\/a><\/h6>\n<h6 class=\"entry-title\"><a href=\"https:\/\/zakrasnejsivimperk.cz\/?p=330548\" target=\"_blank\" rel=\"noopener\">\u010cESK\u00c1 REPUBLIKA: Lesy \u010cR obnovily P\u00edsa\u0159\u016fv rybn\u00edk v p\u0159\u00edrodn\u00edm parku \u010cesk\u00fd les<\/a><\/h6>\n<h6 class=\"entry-title\"><a href=\"https:\/\/zakrasnejsivimperk.cz\/?p=328743\" target=\"_blank\" rel=\"noopener\">\u010cESK\u00c1 REPUBLIKA: Lesy \u010cR zachra\u0148uj\u00ed z\u0159\u00edceninu gotick\u00e9ho hradu Himl\u0161tejn<\/a><\/h6>\n<h6 class=\"entry-title\"><a href=\"https:\/\/zakrasnejsivimperk.cz\/?p=328737\" target=\"_blank\" rel=\"noopener\">\u010cESK\u00c1 REPUBLIKA: Vodn\u00ed n\u00e1dr\u017e Pod Emauzy upravily Lesy \u010cR do nov\u00e9 podoby<\/a><\/h6>\n<h6 class=\"entry-title\"><a href=\"https:\/\/zakrasnejsivimperk.cz\/?p=328485\" target=\"_blank\" rel=\"noopener\">\u010cESK\u00c1 REPUBLIKA: Po lo\u0148sk\u00e9 vich\u0159ici se les p\u0159irozen\u011b obnovuje, spr\u00e1vci tam tak\u00e9 vytvo\u0159ili dev\u011bt t\u016fn\u00ed<\/a><\/h6>\n<h6 class=\"entry-title\"><a href=\"https:\/\/zakrasnejsivimperk.cz\/?p=327881\" target=\"_blank\" rel=\"noopener\">\u010cESK\u00c1 REPUBLIKA: V\u00e1no\u010dn\u00ed stromky d\u011btem u\u017e podes\u00e1t\u00e9 daruj\u00ed Lesy \u010cR<\/a><\/h6>\n<h6 class=\"entry-title\"><a href=\"https:\/\/zakrasnejsivimperk.cz\/?p=324664\" target=\"_blank\" rel=\"noopener\">\u010cESK\u00c1 REPUBLIKA: Lesy \u010cR si vychov\u00e1vaj\u00ed budouc\u00ed schopn\u00e9 zam\u011bstnance<\/a><\/h6>\n<h6 class=\"entry-title\"><a href=\"https:\/\/zakrasnejsivimperk.cz\/?p=323756\" target=\"_blank\" rel=\"noopener\">\u010cESK\u00c1 REPUBLIKA: Zv\u011b\u0159inu z nov\u00e9 zpracovny si koup\u00edte v prodejn\u011b v \u017didlochovic\u00edch<\/a><\/h6>\n<h6 class=\"entry-title\"><a href=\"https:\/\/zakrasnejsivimperk.cz\/?p=320203\" target=\"_blank\" rel=\"noopener\">\u010cESK\u00c1 REPUBLIKA: K opraven\u00e9 rozhledn\u011b na Anensk\u00e9m vrchu v Orlick\u00fdch hor\u00e1ch vrac\u00ed Lesy \u010cR p\u016fvodn\u00ed mari\u00e1nsk\u00fd sloup<\/a><\/h6>\n<h6><a href=\"https:\/\/zakrasnejsivimperk.cz\/?p=319650\" target=\"_blank\" rel=\"noopener\">JI\u017dN\u00cd \u010cECHY: P\u011bt nov\u00fdch n\u00e1dr\u017e\u00ed vzniklo na m\u00edst\u011b zanikl\u00fdch rybn\u00edk\u016f ze 16. stolet\u00ed<\/a><\/h6>\n<h6 class=\"entry-title\"><a href=\"https:\/\/zakrasnejsivimperk.cz\/?p=317791\" target=\"_blank\" rel=\"noopener\">JI\u017dN\u00cd \u010cECHY: U rybn\u00edk\u016f na T\u0159ebo\u0148sku postavily Lesy \u010cR dv\u011b nov\u00e9 \u00fatulny<\/a><\/h6>\n<h6><a href=\"https:\/\/zakrasnejsivimperk.cz\/?p=310328\" target=\"_blank\" rel=\"noopener\">\u010cESK\u00c1 REPUBLIKA: Adaptujeme lesy. St\u00e1tn\u00ed podnik p\u0159edstavuje nov\u00fd t\u0159in\u00e1ctid\u00edln\u00fd seri\u00e1l vide\u00ed<\/a><\/h6>\n<h6><a href=\"https:\/\/zakrasnejsivimperk.cz\/?p=314498\" target=\"_blank\" rel=\"noopener\">\u010cESK\u00c1 REPUBLIKA: Lesn\u00edci v Jesen\u00edk\u00e1ch spolupracuj\u00ed s dobrovoln\u00edky z Hnut\u00ed DUHA sedm\u00fdm rokem<\/a><\/h6>\n<h6><a href=\"https:\/\/zakrasnejsivimperk.cz\/?p=317379\" target=\"_blank\" rel=\"noopener\">\u010cESK\u00c1 REPUBLIKA: Novou n\u00e1dr\u017e s t\u016fn\u011bmi vybudovaly na Tachovsku Lesy \u010cR<\/a><\/h6>\n<h6><a href=\"https:\/\/zakrasnejsivimperk.cz\/?p=316347\" target=\"_blank\" rel=\"noopener\">\u010cESK\u00c1 REPUBLIKA: Potok zase meandruje krajinou, v meliora\u010dn\u00edch kan\u00e1lech jsou t\u016fn\u011b a obnov\u00ed se i ra\u0161elin\u00edky<\/a><\/h6>\n<h6><a href=\"https:\/\/zakrasnejsivimperk.cz\/?p=315374\" target=\"_blank\" rel=\"noopener\">\u010cESK\u00c1 REPUBLIKA: V odvod\u0148ovac\u00edch kan\u00e1lech a korytech jizerskohorsk\u00fdch potok\u016f zadr\u017euj\u00ed vodu stovky kl\u00e1d a fo\u0161en<\/a><\/h6>\n<h6><a href=\"https:\/\/zakrasnejsivimperk.cz\/?p=311047\" target=\"_blank\" rel=\"noopener\">\u010cESK\u00c1 REPUBLIKA: P\u011bt nov\u00fdch t\u016fn\u00ed vzniklo v zanikl\u00e9 n\u00e1dr\u017ei v p\u0159\u00edrodn\u00edm parku na Jihlavsku<\/a><\/h6>\n<h6><a href=\"https:\/\/zakrasnejsivimperk.cz\/?p=309144\" target=\"_blank\" rel=\"noopener\">\u010cESK\u00c1 REPUBLIKA: Vodu v les\u00edch zadr\u017euje \u010dtrn\u00e1ct nov\u00fdch t\u016fn\u00ed a mok\u0159ad\u016f<\/a><\/h6>\n<h6><a href=\"https:\/\/zakrasnejsivimperk.cz\/?p=308869\" target=\"_blank\" rel=\"noopener\">\u010cESK\u00c1 REPUBLIKA: Rozhlednu v Orlick\u00fdch hor\u00e1ch v l\u00e9t\u011b zrekonstruuj\u00ed Lesy \u010cesk\u00e9 republiky<\/a><\/h6>\n<h6><a href=\"https:\/\/zakrasnejsivimperk.cz\/?p=307476\" target=\"_blank\" rel=\"noopener\">\u010cESK\u00c1 REPUBLIKA: Shoda na vyv\u00e1\u017een\u00e9m zp\u016fsobu hospoda\u0159en\u00ed ve \u017dd\u00e1nick\u00e9m lese a Ch\u0159ibech<\/a><\/h6>\n<h6><a href=\"https:\/\/zakrasnejsivimperk.cz\/?p=308129\" target=\"_blank\" rel=\"noopener\">\u010cESK\u00c1 REPUBLIKA: Opraven\u00fd historick\u00fd most otestuj\u00ed v sobotu \u00fa\u010dastn\u00edci turistick\u00e9ho pochodu<\/a><\/h6>\n<h6><a href=\"https:\/\/zakrasnejsivimperk.cz\/?p=306861\" target=\"_blank\" rel=\"noopener\">\u010cESK\u00c1 REPUBLIKA: Lesy \u010cR obnovily op\u011brnou ze\u010f u Dr\u017ekovsk\u00e9ho potoka po\u0161kozenou povodn\u011bmi<\/a><\/h6>\n<h6><a href=\"https:\/\/zakrasnejsivimperk.cz\/?p=306208\" target=\"_blank\" rel=\"noopener\">\u010cESK\u00c1 REPUBLIKA: Na Krnovsku obnovily Lesy \u010cR druhou vodn\u00ed n\u00e1dr\u017e<\/a><\/h6>\n<h6><a href=\"https:\/\/zakrasnejsivimperk.cz\/?p=306477\" target=\"_blank\" rel=\"noopener\">\u010cESK\u00c1 REPUBLIKA: Za\u010d\u00edn\u00e1 T\u00fdden les\u016f. St\u00e1tn\u00ed podnik letos up\u0159ednostn\u00ed p\u0159irozenou obnovu porost\u016f na historicky nejv\u011bt\u0161\u00ed plo\u0161e<\/a><\/h6>\n<h6><a href=\"https:\/\/zakrasnejsivimperk.cz\/?p=305803\" target=\"_blank\" rel=\"noopener\">\u010cESK\u00c1 REPUBLIKA: \u017dhav\u00e9 t\u00e9ma: Kv\u016fli suchu nerozd\u011bl\u00e1vejte v p\u0159\u00edrod\u011b ohe\u0148, hroz\u00ed po\u017e\u00e1ry<\/a><\/h6>\n<h6><a href=\"https:\/\/zakrasnejsivimperk.cz\/?p=304932\" target=\"_blank\" rel=\"noopener\">\u010cESK\u00c1 REPUBLIKA: Lesn\u00edci se p\u0159ipravuj\u00ed na k\u016frovce, prvn\u00ed masivn\u00ed rojen\u00ed \u010dekaj\u00ed v kv\u011btnu<\/a><\/h6>\n<h6><a href=\"https:\/\/zakrasnejsivimperk.cz\/?p=305213\" target=\"_blank\" rel=\"noopener\">\u010cESK\u00c1 REPUBLIKA: Soustavu \u010dty\u0159 t\u016fn\u00ed vytvo\u0159ili vodohospod\u00e1\u0159i na Opavsku<\/a><\/h6>\n<h6><a href=\"https:\/\/zakrasnejsivimperk.cz\/?p=303626\" target=\"_blank\" rel=\"noopener\">\u010cESK\u00c1 REPUBLIKA: Lesy \u010cR obnovily dv\u011b historick\u00e9 n\u00e1dr\u017ee a t\u016f\u0148 s vodou ze z\u00e1meck\u00e9 stud\u00e1nky<\/a><\/h6>\n<h6><a href=\"https:\/\/zakrasnejsivimperk.cz\/?p=302811\" target=\"_blank\" rel=\"noopener\">\u010cESK\u00c1 REPUBLIKA: Lu\u017en\u00ed lesy mezi B\u0159eclav\u00ed a Valticemi \u010derpaj\u00ed z jarn\u00ed z\u00e1plavy cel\u00fd rok<\/a><\/h6>\n<h6><a href=\"https:\/\/zakrasnejsivimperk.cz\/?p=302697\" target=\"_blank\" rel=\"noopener\">\u010cESK\u00c1 REPUBLIKA: Druhou leto\u0161n\u00ed \u00fatulnu dokon\u010dily Lesy \u010cR pod Kl\u00ednovcem<\/a><\/h6>\n<hr \/>\n<p>&nbsp;<\/p>\n","protected":false},"excerpt":{"rendered":"<p>&nbsp; Velkou <\/p>\n","protected":false},"author":2,"featured_media":359740,"comment_status":"open","ping_status":"open","sticky":false,"template":"","format":"gallery","meta":{"footnotes":""},"categories":[128],"tags":[],"jetpack_featured_media_url":"https:\/\/zakrasnejsivimperk.cz\/wp-content\/uploads\/2025\/10\/22\/Uroda-ktera-meni-krajinu-3.jpeg","_links":{"self":[{"href":"https:\/\/zakrasnejsivimperk.cz\/index.php?rest_route=\/wp\/v2\/posts\/359737"}],"collection":[{"href":"https:\/\/zakrasnejsivimperk.cz\/index.php?rest_route=\/wp\/v2\/posts"}],"about":[{"href":"https:\/\/zakrasnejsivimperk.cz\/index.php?rest_route=\/wp\/v2\/types\/post"}],"author":[{"embeddable":true,"href":"https:\/\/zakrasnejsivimperk.cz\/index.php?rest_route=\/wp\/v2\/users\/2"}],"replies":[{"embeddable":true,"href":"https:\/\/zakrasnejsivimperk.cz\/index.php?rest_route=%2Fwp%2Fv2%2Fcomments&post=359737"}],"version-history":[{"count":1,"href":"https:\/\/zakrasnejsivimperk.cz\/index.php?rest_route=\/wp\/v2\/posts\/359737\/revisions"}],"predecessor-version":[{"id":359743,"href":"https:\/\/zakrasnejsivimperk.cz\/index.php?rest_route=\/wp\/v2\/posts\/359737\/revisions\/359743"}],"wp:featuredmedia":[{"embeddable":true,"href":"https:\/\/zakrasnejsivimperk.cz\/index.php?rest_route=\/wp\/v2\/media\/359740"}],"wp:attachment":[{"href":"https:\/\/zakrasnejsivimperk.cz\/index.php?rest_route=%2Fwp%2Fv2%2Fmedia&parent=359737"}],"wp:term":[{"taxonomy":"category","embeddable":true,"href":"https:\/\/zakrasnejsivimperk.cz\/index.php?rest_route=%2Fwp%2Fv2%2Fcategories&post=359737"},{"taxonomy":"post_tag","embeddable":true,"href":"https:\/\/zakrasnejsivimperk.cz\/index.php?rest_route=%2Fwp%2Fv2%2Ftags&post=359737"}],"curies":[{"name":"wp","href":"https:\/\/api.w.org\/{rel}","templated":true}]}}