{"id":359222,"date":"2025-10-15T14:36:53","date_gmt":"2025-10-15T13:36:53","guid":{"rendered":"https:\/\/zakrasnejsivimperk.cz\/?p=359222"},"modified":"2025-10-15T14:38:24","modified_gmt":"2025-10-15T13:38:24","slug":"aktuality-narodni-parky-sumava-a-bavorsky-les-mezi-nejlepsimi-v-evrope","status":"publish","type":"post","link":"https:\/\/zakrasnejsivimperk.cz\/?p=359222","title":{"rendered":"AKTUALITY: N\u00e1rodn\u00ed parky \u0160umava a Bavorsk\u00fd les mezi nejlep\u0161\u00edmi v Evrop\u011b"},"content":{"rendered":"<p><img loading=\"lazy\" decoding=\"async\" class=\"aligncenter wp-image-97958 size-thumbnail\" src=\"https:\/\/zakrasnejsivimperk.cz\/wp-content\/uploads\/2017\/05\/15\/logo-nps-150x150.jpg\" alt=\"\" width=\"150\" height=\"150\" srcset=\"https:\/\/zakrasnejsivimperk.cz\/wp-content\/uploads\/2017\/05\/15\/logo-nps-150x150.jpg 150w, https:\/\/zakrasnejsivimperk.cz\/wp-content\/uploads\/2017\/05\/15\/logo-nps-300x300.jpg 300w, https:\/\/zakrasnejsivimperk.cz\/wp-content\/uploads\/2017\/05\/15\/logo-nps-768x768.jpg 768w, https:\/\/zakrasnejsivimperk.cz\/wp-content\/uploads\/2017\/05\/15\/logo-nps-357x357.jpg 357w, https:\/\/zakrasnejsivimperk.cz\/wp-content\/uploads\/2017\/05\/15\/logo-nps-483x483.jpg 483w, https:\/\/zakrasnejsivimperk.cz\/wp-content\/uploads\/2017\/05\/15\/logo-nps-210x210.jpg 210w, https:\/\/zakrasnejsivimperk.cz\/wp-content\/uploads\/2017\/05\/15\/logo-nps.jpg 960w\" sizes=\"(max-width: 150px) 100vw, 150px\" \/><\/p>\n<p>&nbsp;<\/p>\n<h6>\u201eToto \u00fazem\u00ed je bezpochyby jedn\u00edm z nejd\u016fle\u017eit\u011bj\u0161\u00edch lesn\u00edch chr\u00e1n\u011bn\u00fdch \u00fazem\u00ed v celoevropsk\u00e9m kontextu. Bez p\u0159eshrani\u010dn\u00ed spolupr\u00e1ce a spole\u010dn\u00fdch, koordinovan\u00fdch opat\u0159en\u00ed by tento \u00fasp\u011bch nebyl mo\u017en\u00fd.\u201c Takov\u00fd z\u00e1v\u011br vyvodila Europarc Federation, zast\u0159e\u0161uj\u00edc\u00ed organizace evropsk\u00fdch velkoplo\u0161n\u00fdch chr\u00e1n\u011bn\u00fdch \u00fazem\u00ed, ke spolupr\u00e1ci n\u00e1rodn\u00edch park\u016f \u0160umava a Bavorsk\u00fd les. Oba n\u00e1rodn\u00ed parky se tak mohou op\u011bt radovat z ocen\u011bn\u00ed Transboundary Parks.<\/h6>\n<p>Od roku 2009 je bavorsko-\u010desk\u00e9 duo dr\u017eitelem tohoto ocen\u011bn\u00ed, kter\u00e9 se zpravidla obnovuje ka\u017ed\u00fdch p\u011bt let. Oba parky se tak za\u0159adily do vybran\u00e9ho kruhu jeden\u00e1cti p\u0159eshrani\u010dn\u00edch chr\u00e1n\u011bn\u00fdch \u00fazem\u00ed v Evrop\u011b. \u201e<em>Va\u0161e spolupr\u00e1ce, jej\u00ed\u017e ko\u0159eny sahaj\u00ed do 90. let, je dnes vzorem dlouhodob\u00e9ho a d\u016fv\u011bryhodn\u00e9ho partnerstv\u00ed. V pr\u016fb\u011bhu let se vyvinula v mnohostrannou, nep\u0159etr\u017eitou a nekomplikovanou spolupr\u00e1ci, kter\u00e1 zahrnuje v\u0161echny aspekty spr\u00e1vy chr\u00e1n\u011bn\u00fdch \u00fazem\u00ed,\u201c<\/em> chv\u00e1l\u00ed prezident Europarc Federation Michael Ho\u0161ek ve sv\u00e9m blahop\u0159ejn\u00e9m dopise.<\/p>\n<p>Ocen\u011bn\u00ed p\u0159evzal minul\u00fd t\u00fdden Martin Star\u00fd, n\u00e1m\u011bstek \u0159editele Spr\u00e1vy N\u00e1rodn\u00edho parku \u0160umava, na konferenci Europarc Federation v litevsk\u00e9m Bir\u0161tonasu. \u201e<em>D\u011bkuji za zp\u011btnou vazbu k na\u0161\u00ed pr\u00e1ci, ale tak\u00e9 za dlouholetou podporu,\u201c <\/em>\u0159ekl Martin Star\u00fd.<em> \u201eJe mi ct\u00ed, \u017ee mohu pracovat pro na\u0161e jedine\u010dn\u00e9 parky. Parky, ve kter\u00fdch m\u00e1 p\u0159\u00edroda pr\u00e1vo b\u00fdt p\u0159\u00edrodou. A\u0165 je tedy tento den oslavou divok\u00e9 p\u0159\u00edrody a trval\u00e9 p\u0159eshrani\u010dn\u00ed spolupr\u00e1ce mezi \u010ceskem a N\u011bmeckem.\u201c<\/em><\/p>\n<p>Ob\u011b chr\u00e1n\u011bn\u00e1 \u00fazem\u00ed spolupracuj\u00ed mimo jin\u00e9 v oblasti v\u00fdzkumu, environment\u00e1ln\u00edho vzd\u011bl\u00e1v\u00e1n\u00ed, monitoringu voln\u011b \u017eij\u00edc\u00edch \u017eivo\u010dich\u016f, public relations a lesn\u00edho managementu. Dokonce prob\u00edhaj\u00ed i spole\u010dn\u00e9 hl\u00eddky str\u00e1\u017ec\u016f. Proto je spolupr\u00e1ce obou n\u00e1rodn\u00edch park\u016f podle prezidenta Europarc Federation Michaela Ho\u0161ka jedn\u00edm z nejosv\u011bd\u010den\u011bj\u0161\u00edch a nejinspirativn\u011bj\u0161\u00edch p\u0159\u00edklad\u016f p\u0159eshrani\u010dn\u00edho managementu v Evrop\u011b.<\/p>\n<p><em>\u201eToto ocen\u011bn\u00ed n\u00e1s samoz\u0159ejm\u011b velmi t\u011b\u0161\u00ed,\u201c<\/em> \u0159\u00edk\u00e1 Ursula Schuster, \u0159editelka Spr\u00e1vy N\u00e1rodn\u00edho parku Bavorsk\u00fd les. <em>\u201eJe to nejen uzn\u00e1n\u00ed toho, \u010deho jsme ji\u017e v minulosti dos\u00e1hli, ale tak\u00e9 motivace k pokra\u010dov\u00e1n\u00ed v p\u0159inejmen\u0161\u00edm stejn\u011b intenzivn\u00ed spolupr\u00e1ci. P\u0159\u00edroda toti\u017e nezn\u00e1 hranic. Proto je spolupr\u00e1ce na\u0161ich dvou n\u00e1rodn\u00edch park\u016f \u0161t\u011bst\u00edm pro ochranu p\u0159\u00edrodn\u00edch proces\u016f v na\u0161ich divok\u00fdch les\u00edch.\u201c<\/em><\/p>\n<p><em>\u201eJsem nad\u0161en\u00fd,\u201c<\/em> p\u0159id\u00e1v\u00e1 se Pavel Huben\u00fd, \u0159editel Spr\u00e1vy N\u00e1rodn\u00edho parku \u0160umava. <em>\u201eAno, oba n\u00e1rodn\u00ed parky v\u00edme, \u017ee na\u0161e spolupr\u00e1ce nese plody jak pro ochranu p\u0159\u00edrody, tak pro ve\u0159ejnost. \u017de d\u00e1v\u00e1 smysl a vede ke kr\u00e1sn\u011bj\u0161\u00ed a divo\u010dej\u0161\u00ed p\u0159\u00edrod\u011b. Ale skute\u010dnost, \u017ee tahle na\u0161e pr\u00e1ce je oce\u0148ov\u00e1na na mezin\u00e1rodn\u00ed \u00farovni, je opravdu skv\u011bl\u00e1 a ukazuje n\u00e1m, \u017ee jdeme p\u0159i p\u00e9\u010di o N\u00e1rodn\u00ed park \u0160umava spr\u00e1vn\u00fdm sm\u011brem. Ocen\u011bn\u00ed Transboundary Parks Award nen\u00ed ale jen potvrzen\u00edm dob\u0159e na\u0161l\u00e1pnut\u00e9 spolupr\u00e1ce se Spr\u00e1vou N\u00e1rodn\u00edho parku Bavorsk\u00fd les, je to i zodpov\u011bdnost za budoucnost a za udr\u017een\u00ed spole\u010dn\u00e9 cesty i v dal\u0161\u00edch desetilet\u00edch.\u201c<\/em><\/p>\n<p><strong>(tz-np\u0161)<\/strong><\/p>\n<hr \/>\n<p>&nbsp;<\/p>\n","protected":false},"excerpt":{"rendered":"<p>&nbsp; \u201eToto <\/p>\n","protected":false},"author":2,"featured_media":359223,"comment_status":"open","ping_status":"open","sticky":false,"template":"","format":"gallery","meta":{"footnotes":""},"categories":[179],"tags":[],"jetpack_featured_media_url":"https:\/\/zakrasnejsivimperk.cz\/wp-content\/uploads\/2025\/10\/15\/nove-oceneni.jpg","_links":{"self":[{"href":"https:\/\/zakrasnejsivimperk.cz\/index.php?rest_route=\/wp\/v2\/posts\/359222"}],"collection":[{"href":"https:\/\/zakrasnejsivimperk.cz\/index.php?rest_route=\/wp\/v2\/posts"}],"about":[{"href":"https:\/\/zakrasnejsivimperk.cz\/index.php?rest_route=\/wp\/v2\/types\/post"}],"author":[{"embeddable":true,"href":"https:\/\/zakrasnejsivimperk.cz\/index.php?rest_route=\/wp\/v2\/users\/2"}],"replies":[{"embeddable":true,"href":"https:\/\/zakrasnejsivimperk.cz\/index.php?rest_route=%2Fwp%2Fv2%2Fcomments&post=359222"}],"version-history":[{"count":1,"href":"https:\/\/zakrasnejsivimperk.cz\/index.php?rest_route=\/wp\/v2\/posts\/359222\/revisions"}],"predecessor-version":[{"id":359224,"href":"https:\/\/zakrasnejsivimperk.cz\/index.php?rest_route=\/wp\/v2\/posts\/359222\/revisions\/359224"}],"wp:featuredmedia":[{"embeddable":true,"href":"https:\/\/zakrasnejsivimperk.cz\/index.php?rest_route=\/wp\/v2\/media\/359223"}],"wp:attachment":[{"href":"https:\/\/zakrasnejsivimperk.cz\/index.php?rest_route=%2Fwp%2Fv2%2Fmedia&parent=359222"}],"wp:term":[{"taxonomy":"category","embeddable":true,"href":"https:\/\/zakrasnejsivimperk.cz\/index.php?rest_route=%2Fwp%2Fv2%2Fcategories&post=359222"},{"taxonomy":"post_tag","embeddable":true,"href":"https:\/\/zakrasnejsivimperk.cz\/index.php?rest_route=%2Fwp%2Fv2%2Ftags&post=359222"}],"curies":[{"name":"wp","href":"https:\/\/api.w.org\/{rel}","templated":true}]}}