{"id":359043,"date":"2025-10-16T13:05:22","date_gmt":"2025-10-16T12:05:22","guid":{"rendered":"https:\/\/zakrasnejsivimperk.cz\/?p=359043"},"modified":"2025-10-17T13:18:08","modified_gmt":"2025-10-17T12:18:08","slug":"jizni-cechy-zacina-obdobi-podzimnich-vylovu-po-pauze-se-letos-opet-lovi-i-rozmberk-nejvetsi-cesky-rybnik","status":"publish","type":"post","link":"https:\/\/zakrasnejsivimperk.cz\/?p=359043","title":{"rendered":"JI\u017dN\u00cd \u010cECHY: Za\u010d\u00edn\u00e1 obdob\u00ed podzimn\u00edch v\u00fdlov\u016f. Po pauze se letos op\u011bt lov\u00ed i Ro\u017emberk \u2013 nejv\u011bt\u0161\u00ed \u010desk\u00fd rybn\u00edk"},"content":{"rendered":"<p><img loading=\"lazy\" decoding=\"async\" class=\"aligncenter wp-image-359050 size-full\" src=\"https:\/\/zakrasnejsivimperk.cz\/wp-content\/uploads\/2025\/10\/14\/vylov-6.jpg\" alt=\"\" width=\"1040\" height=\"693\" srcset=\"https:\/\/zakrasnejsivimperk.cz\/wp-content\/uploads\/2025\/10\/14\/vylov-6.jpg 1040w, https:\/\/zakrasnejsivimperk.cz\/wp-content\/uploads\/2025\/10\/14\/vylov-6-300x200.jpg 300w, https:\/\/zakrasnejsivimperk.cz\/wp-content\/uploads\/2025\/10\/14\/vylov-6-1024x682.jpg 1024w, https:\/\/zakrasnejsivimperk.cz\/wp-content\/uploads\/2025\/10\/14\/vylov-6-768x512.jpg 768w, https:\/\/zakrasnejsivimperk.cz\/wp-content\/uploads\/2025\/10\/14\/vylov-6-536x357.jpg 536w, https:\/\/zakrasnejsivimperk.cz\/wp-content\/uploads\/2025\/10\/14\/vylov-6-725x483.jpg 725w\" sizes=\"(max-width: 1040px) 100vw, 1040px\" \/><\/p>\n<p>&nbsp;<\/p>\n<h6>Podzimn\u00ed v\u00fdlovy jsou v ji\u017en\u00edch \u010cech\u00e1ch ka\u017edoro\u010dn\u00ed tradic\u00ed, kter\u00e1 k regionu neodmysliteln\u011b pat\u0159\u00ed. Od konce z\u00e1\u0159\u00ed do konce listopadu se ryb\u00e1\u0159i vyd\u00e1vaj\u00ed na des\u00edtky jiho\u010desk\u00fdch rybn\u00edk\u016f, aby z nich vyt\u00e1hli kapry, amury i \u0161tiky \u2013 a spolu s nimi i tis\u00edce n\u00e1v\u0161t\u011bvn\u00edk\u016f, kte\u0159\u00ed si p\u0159ich\u00e1zej\u00ed u\u017e\u00edt autentickou atmosf\u00e9ru, \u010derstv\u00e9 ryb\u00ed speciality i doprovodn\u00e9 programy.<\/h6>\n<p><img loading=\"lazy\" decoding=\"async\" class=\"size-medium wp-image-178503 alignright\" src=\"https:\/\/zakrasnejsivimperk.cz\/wp-content\/uploads\/2019\/12\/03\/ji\u017en\u00ed-\u010dechy-opravdov\u00e1-l\u00e1ska-logo-300x140.png\" alt=\"\" width=\"300\" height=\"140\" srcset=\"https:\/\/zakrasnejsivimperk.cz\/wp-content\/uploads\/2019\/12\/03\/ji\u017en\u00ed-\u010dechy-opravdov\u00e1-l\u00e1ska-logo-300x140.png 300w, https:\/\/zakrasnejsivimperk.cz\/wp-content\/uploads\/2019\/12\/03\/ji\u017en\u00ed-\u010dechy-opravdov\u00e1-l\u00e1ska-logo-768x358.png 768w, https:\/\/zakrasnejsivimperk.cz\/wp-content\/uploads\/2019\/12\/03\/ji\u017en\u00ed-\u010dechy-opravdov\u00e1-l\u00e1ska-logo-765x357.png 765w, https:\/\/zakrasnejsivimperk.cz\/wp-content\/uploads\/2019\/12\/03\/ji\u017en\u00ed-\u010dechy-opravdov\u00e1-l\u00e1ska-logo.png 960w\" sizes=\"(max-width: 300px) 100vw, 300px\" \/>Leto\u0161n\u00ed sezona je v\u00fdjime\u010dn\u00e1. Po lo\u0148sk\u00e9 pauze zp\u016fsoben\u00e9 povodn\u011bmi se op\u011bt uskute\u010dn\u00ed ve\u0159ejn\u00fd v\u00fdlov nejv\u011bt\u0161\u00edho \u010desk\u00e9ho rybn\u00edka \u2013 Ro\u017emberka. Ten prob\u011bhne od 17. do 19. \u0159\u00edjna a nab\u00eddne tradi\u010dn\u00ed rann\u00ed z\u00e1tahy, prodej \u010derstv\u00fdch ryb p\u0159\u00edmo z k\u00e1d\u00ed, doprovodn\u00fd program i ob\u010derstven\u00ed s ryb\u00edmi specialitami.<\/p>\n<p>Mezi nejnav\u0161t\u011bvovan\u011bj\u0161\u00ed akce pat\u0159\u00ed tak\u00e9 v\u00fdlov Munick\u00e9ho rybn\u00edka u Hlubok\u00e9 nad Vltavou, kter\u00fd se uskute\u010dn\u00ed 25.\u201327. \u0159\u00edjna. Na hr\u00e1zi nebude chyb\u011bt \u017eiv\u00e1 hudba, st\u00e1nky s ryb\u00edmi dobrotami ani tradi\u010dn\u00ed prvn\u00ed z\u00e1tah v brzk\u00fdch rann\u00edch hodin\u00e1ch. V\u00fdlov dopln\u00ed t\u00fdden ryb\u00edch specialit v hlubock\u00fdch restaurac\u00edch (24.\u201331. \u0159\u00edjna) a Ryb\u00e1\u0159sk\u00fd den v N\u00e1rodn\u00edm zem\u011bd\u011blsk\u00e9m muzeu Ohrada (31. \u0159\u00edjna).<\/p>\n<p>Podzimn\u00ed atmosf\u00e9ru si mohou n\u00e1v\u0161t\u011bvn\u00edci u\u017e\u00edt tak\u00e9 u \u0159ady dal\u0161\u00edch jiho\u010desk\u00fdch rybn\u00edk\u016f, kter\u00e9 nab\u00eddnou nejen uk\u00e1zku poctiv\u00e9ho ryb\u00e1\u0159sk\u00e9ho \u0159emesla, ale i skv\u011blou gastronomii a doprovodn\u00e9 akce pro cel\u00e9 rodiny.<\/p>\n<p><em>\u201eV\u00fdlovy jsou pro Ji\u017en\u00ed \u010cechy symbolem podzimu. Ka\u017ed\u00fd z nich m\u00e1 neopakovatelnou atmosf\u00e9ru \u2013 spojen\u00ed pr\u00e1ce ryb\u00e1\u0159\u016f, v\u016fn\u011b vody, p\u0159\u00edrody a gastronomie. Lid\u00e9 sem jezd\u00ed nejen za \u010derstvou rybou, ale i za z\u00e1\u017eitkem, kter\u00fd jinde neza\u017eij\u00ed. Obzvl\u00e1\u0161\u0165 n\u00e1s t\u011b\u0161\u00ed, \u017ee se po lo\u0148sk\u00e9 pauze vrac\u00ed v\u00fdlov Ro\u017emberka, kter\u00fd k jiho\u010desk\u00e9mu podzimu pat\u0159\u00ed stejn\u011b jako kapr na \u0161t\u011bdrove\u010dern\u00ed tabuli,\u201c<\/em> \u0159\u00edk\u00e1 Jana P\u00edchov\u00e1 z Jiho\u010desk\u00e9 centr\u00e1ly cestovn\u00edho ruchu.<\/p>\n<h6>Z \u0159\u00edjnov\u00e9 nab\u00eddky l\u00e1k\u00e1 nap\u0159\u00edklad:<\/h6>\n<ul>\n<li>\u00b7 17.\u201319. \u0159\u00edjna \u2013 rybn\u00edk Ro\u017emberk<\/li>\n<li>\u00b7 18. \u0159\u00edjna \u2013 Podkosteln\u00ed rybn\u00edk (Putim)<\/li>\n<li>\u00b7 21. \u0159\u00edjna \u2013 rybn\u00edk Podrou\u017eek u Netolic<\/li>\n<li>\u00b7 25. \u0159\u00edjna \u2013 Dolansk\u00fd rybn\u00edk u Boletic<\/li>\n<li>\u00b7 28. \u0159\u00edjna \u2013 rybn\u00edk Bezdrev (v r\u00e1mci Ryb\u00e1\u0159sk\u00fdch slavnost\u00ed Hlubok\u00e1)<\/li>\n<li>\u00b7 29.\u201331. \u0159\u00edjna \u2013 Horusick\u00fd rybn\u00edk<\/li>\n<\/ul>\n<h6>Z listopadov\u00e9 \u010d\u00e1sti sezony stoj\u00ed za pozornost:<\/h6>\n<ul>\n<li>\u00b7 3.\u20135. listopadu \u2013 rybn\u00edk Sv\u011bt (T\u0159ebo\u0148)<\/li>\n<li>\u00b7 6. listopadu \u2013 rybn\u00edk Blatec (D\u00edv\u010dice)<\/li>\n<li>\u00b7 17.\u201320. listopadu \u2013 Bo\u0161ileck\u00fd rybn\u00edk<\/li>\n<li>\u00b7 18. listopadu \u2013 rybn\u00edk Vlhavsk\u00fd<\/li>\n<\/ul>\n<p>Aktu\u00e1ln\u00ed p\u0159ehled v\u0161ech leto\u0161n\u00edch v\u00fdlov\u016f, v\u010detn\u011b p\u0159esn\u00fdch term\u00edn\u016f a doprovodn\u00fdch akc\u00ed, najdete na <a href=\"https:\/\/www.jiznicechy.cz\/top\/51-podzimni-vylovy\" target=\"_blank\" rel=\"noopener\"><strong>bit.ly\/TOP_Podzimn\u00ed_v\u00fdlovy<\/strong><\/a>.<\/p>\n<p>&nbsp;<\/p>\n<p><strong>Text a foto: (tz-jccr)<\/strong><\/p>\n<p>&nbsp;<\/p>\n<p><img loading=\"lazy\" decoding=\"async\" class=\"aligncenter wp-image-359045 size-full\" src=\"https:\/\/zakrasnejsivimperk.cz\/wp-content\/uploads\/2025\/10\/14\/vylov-1.jpg\" alt=\"\" width=\"1040\" height=\"693\" srcset=\"https:\/\/zakrasnejsivimperk.cz\/wp-content\/uploads\/2025\/10\/14\/vylov-1.jpg 1040w, https:\/\/zakrasnejsivimperk.cz\/wp-content\/uploads\/2025\/10\/14\/vylov-1-300x200.jpg 300w, https:\/\/zakrasnejsivimperk.cz\/wp-content\/uploads\/2025\/10\/14\/vylov-1-1024x682.jpg 1024w, https:\/\/zakrasnejsivimperk.cz\/wp-content\/uploads\/2025\/10\/14\/vylov-1-768x512.jpg 768w, https:\/\/zakrasnejsivimperk.cz\/wp-content\/uploads\/2025\/10\/14\/vylov-1-536x357.jpg 536w, https:\/\/zakrasnejsivimperk.cz\/wp-content\/uploads\/2025\/10\/14\/vylov-1-725x483.jpg 725w\" sizes=\"(max-width: 1040px) 100vw, 1040px\" \/><\/p>\n<p>&nbsp;<\/p>\n<p><img loading=\"lazy\" decoding=\"async\" class=\"aligncenter wp-image-359049 size-full\" src=\"https:\/\/zakrasnejsivimperk.cz\/wp-content\/uploads\/2025\/10\/14\/vylov-5.jpg\" alt=\"\" width=\"1040\" height=\"693\" srcset=\"https:\/\/zakrasnejsivimperk.cz\/wp-content\/uploads\/2025\/10\/14\/vylov-5.jpg 1040w, https:\/\/zakrasnejsivimperk.cz\/wp-content\/uploads\/2025\/10\/14\/vylov-5-300x200.jpg 300w, https:\/\/zakrasnejsivimperk.cz\/wp-content\/uploads\/2025\/10\/14\/vylov-5-1024x682.jpg 1024w, https:\/\/zakrasnejsivimperk.cz\/wp-content\/uploads\/2025\/10\/14\/vylov-5-768x512.jpg 768w, https:\/\/zakrasnejsivimperk.cz\/wp-content\/uploads\/2025\/10\/14\/vylov-5-536x357.jpg 536w, https:\/\/zakrasnejsivimperk.cz\/wp-content\/uploads\/2025\/10\/14\/vylov-5-725x483.jpg 725w\" sizes=\"(max-width: 1040px) 100vw, 1040px\" \/><\/p>\n<p>&nbsp;<\/p>\n<p><img loading=\"lazy\" decoding=\"async\" class=\"aligncenter wp-image-359048 size-full\" src=\"https:\/\/zakrasnejsivimperk.cz\/wp-content\/uploads\/2025\/10\/14\/vylov-4.jpg\" alt=\"\" width=\"1040\" height=\"693\" srcset=\"https:\/\/zakrasnejsivimperk.cz\/wp-content\/uploads\/2025\/10\/14\/vylov-4.jpg 1040w, https:\/\/zakrasnejsivimperk.cz\/wp-content\/uploads\/2025\/10\/14\/vylov-4-300x200.jpg 300w, https:\/\/zakrasnejsivimperk.cz\/wp-content\/uploads\/2025\/10\/14\/vylov-4-1024x682.jpg 1024w, https:\/\/zakrasnejsivimperk.cz\/wp-content\/uploads\/2025\/10\/14\/vylov-4-768x512.jpg 768w, https:\/\/zakrasnejsivimperk.cz\/wp-content\/uploads\/2025\/10\/14\/vylov-4-536x357.jpg 536w, https:\/\/zakrasnejsivimperk.cz\/wp-content\/uploads\/2025\/10\/14\/vylov-4-725x483.jpg 725w\" sizes=\"(max-width: 1040px) 100vw, 1040px\" \/><\/p>\n<p>&nbsp;<\/p>\n<p><img loading=\"lazy\" decoding=\"async\" class=\"aligncenter wp-image-359051 size-full\" src=\"https:\/\/zakrasnejsivimperk.cz\/wp-content\/uploads\/2025\/10\/14\/vylov-7.jpg\" alt=\"\" width=\"913\" height=\"911\" srcset=\"https:\/\/zakrasnejsivimperk.cz\/wp-content\/uploads\/2025\/10\/14\/vylov-7.jpg 913w, https:\/\/zakrasnejsivimperk.cz\/wp-content\/uploads\/2025\/10\/14\/vylov-7-300x300.jpg 300w, https:\/\/zakrasnejsivimperk.cz\/wp-content\/uploads\/2025\/10\/14\/vylov-7-150x150.jpg 150w, https:\/\/zakrasnejsivimperk.cz\/wp-content\/uploads\/2025\/10\/14\/vylov-7-768x766.jpg 768w, https:\/\/zakrasnejsivimperk.cz\/wp-content\/uploads\/2025\/10\/14\/vylov-7-358x357.jpg 358w, https:\/\/zakrasnejsivimperk.cz\/wp-content\/uploads\/2025\/10\/14\/vylov-7-484x483.jpg 484w, https:\/\/zakrasnejsivimperk.cz\/wp-content\/uploads\/2025\/10\/14\/vylov-7-210x210.jpg 210w\" sizes=\"(max-width: 913px) 100vw, 913px\" \/><\/p>\n<p>&nbsp;<\/p>\n<p><img loading=\"lazy\" decoding=\"async\" class=\"aligncenter wp-image-359046 size-full\" src=\"https:\/\/zakrasnejsivimperk.cz\/wp-content\/uploads\/2025\/10\/14\/vylov-2.jpg\" alt=\"\" width=\"1040\" height=\"780\" srcset=\"https:\/\/zakrasnejsivimperk.cz\/wp-content\/uploads\/2025\/10\/14\/vylov-2.jpg 1040w, https:\/\/zakrasnejsivimperk.cz\/wp-content\/uploads\/2025\/10\/14\/vylov-2-300x225.jpg 300w, https:\/\/zakrasnejsivimperk.cz\/wp-content\/uploads\/2025\/10\/14\/vylov-2-1024x768.jpg 1024w, https:\/\/zakrasnejsivimperk.cz\/wp-content\/uploads\/2025\/10\/14\/vylov-2-768x576.jpg 768w, https:\/\/zakrasnejsivimperk.cz\/wp-content\/uploads\/2025\/10\/14\/vylov-2-476x357.jpg 476w, https:\/\/zakrasnejsivimperk.cz\/wp-content\/uploads\/2025\/10\/14\/vylov-2-644x483.jpg 644w\" sizes=\"(max-width: 1040px) 100vw, 1040px\" \/><\/p>\n<p>&nbsp;<\/p>\n<p><img loading=\"lazy\" decoding=\"async\" class=\"aligncenter wp-image-359047 size-full\" src=\"https:\/\/zakrasnejsivimperk.cz\/wp-content\/uploads\/2025\/10\/14\/vylov-3.jpg\" alt=\"\" width=\"1040\" height=\"780\" srcset=\"https:\/\/zakrasnejsivimperk.cz\/wp-content\/uploads\/2025\/10\/14\/vylov-3.jpg 1040w, https:\/\/zakrasnejsivimperk.cz\/wp-content\/uploads\/2025\/10\/14\/vylov-3-300x225.jpg 300w, https:\/\/zakrasnejsivimperk.cz\/wp-content\/uploads\/2025\/10\/14\/vylov-3-1024x768.jpg 1024w, https:\/\/zakrasnejsivimperk.cz\/wp-content\/uploads\/2025\/10\/14\/vylov-3-768x576.jpg 768w, https:\/\/zakrasnejsivimperk.cz\/wp-content\/uploads\/2025\/10\/14\/vylov-3-476x357.jpg 476w, https:\/\/zakrasnejsivimperk.cz\/wp-content\/uploads\/2025\/10\/14\/vylov-3-644x483.jpg 644w\" sizes=\"(max-width: 1040px) 100vw, 1040px\" \/><\/p>\n<hr \/>\n<p>&nbsp;<\/p>\n<p><img loading=\"lazy\" decoding=\"async\" class=\"aligncenter wp-image-359054 size-full\" src=\"https:\/\/zakrasnejsivimperk.cz\/wp-content\/uploads\/2025\/10\/14\/plakat-rozmberk-17-a-1910.jpg\" alt=\"\" width=\"940\" height=\"788\" srcset=\"https:\/\/zakrasnejsivimperk.cz\/wp-content\/uploads\/2025\/10\/14\/plakat-rozmberk-17-a-1910.jpg 940w, https:\/\/zakrasnejsivimperk.cz\/wp-content\/uploads\/2025\/10\/14\/plakat-rozmberk-17-a-1910-300x251.jpg 300w, https:\/\/zakrasnejsivimperk.cz\/wp-content\/uploads\/2025\/10\/14\/plakat-rozmberk-17-a-1910-768x644.jpg 768w, https:\/\/zakrasnejsivimperk.cz\/wp-content\/uploads\/2025\/10\/14\/plakat-rozmberk-17-a-1910-426x357.jpg 426w, https:\/\/zakrasnejsivimperk.cz\/wp-content\/uploads\/2025\/10\/14\/plakat-rozmberk-17-a-1910-576x483.jpg 576w\" sizes=\"(max-width: 940px) 100vw, 940px\" \/><\/p>\n<hr \/>\n<p>&nbsp;<\/p>\n<h6>Informujeme:<\/h6>\n<h4 class=\"entry-title\"><a href=\"https:\/\/zakrasnejsivimperk.cz\/?p=359068\" target=\"_blank\" rel=\"noopener\">JI\u017dN\u00cd \u010cECHY: Edukativn\u00ed program Jiho\u010desk\u00e9ho kraje a Jiho\u010desk\u00e9 univerzity o\u017eiv\u00ed v\u00fdlov Ro\u017emberka<\/a><\/h4>\n<hr \/>\n<p>&nbsp;<\/p>\n","protected":false},"excerpt":{"rendered":"<p>&nbsp; Podzimn\u00ed <\/p>\n","protected":false},"author":2,"featured_media":359052,"comment_status":"open","ping_status":"open","sticky":false,"template":"","format":"gallery","meta":{"footnotes":""},"categories":[72,107],"tags":[],"jetpack_featured_media_url":"https:\/\/zakrasnejsivimperk.cz\/wp-content\/uploads\/2025\/10\/14\/ram-vylovy.jpg","_links":{"self":[{"href":"https:\/\/zakrasnejsivimperk.cz\/index.php?rest_route=\/wp\/v2\/posts\/359043"}],"collection":[{"href":"https:\/\/zakrasnejsivimperk.cz\/index.php?rest_route=\/wp\/v2\/posts"}],"about":[{"href":"https:\/\/zakrasnejsivimperk.cz\/index.php?rest_route=\/wp\/v2\/types\/post"}],"author":[{"embeddable":true,"href":"https:\/\/zakrasnejsivimperk.cz\/index.php?rest_route=\/wp\/v2\/users\/2"}],"replies":[{"embeddable":true,"href":"https:\/\/zakrasnejsivimperk.cz\/index.php?rest_route=%2Fwp%2Fv2%2Fcomments&post=359043"}],"version-history":[{"count":3,"href":"https:\/\/zakrasnejsivimperk.cz\/index.php?rest_route=\/wp\/v2\/posts\/359043\/revisions"}],"predecessor-version":[{"id":359092,"href":"https:\/\/zakrasnejsivimperk.cz\/index.php?rest_route=\/wp\/v2\/posts\/359043\/revisions\/359092"}],"wp:featuredmedia":[{"embeddable":true,"href":"https:\/\/zakrasnejsivimperk.cz\/index.php?rest_route=\/wp\/v2\/media\/359052"}],"wp:attachment":[{"href":"https:\/\/zakrasnejsivimperk.cz\/index.php?rest_route=%2Fwp%2Fv2%2Fmedia&parent=359043"}],"wp:term":[{"taxonomy":"category","embeddable":true,"href":"https:\/\/zakrasnejsivimperk.cz\/index.php?rest_route=%2Fwp%2Fv2%2Fcategories&post=359043"},{"taxonomy":"post_tag","embeddable":true,"href":"https:\/\/zakrasnejsivimperk.cz\/index.php?rest_route=%2Fwp%2Fv2%2Ftags&post=359043"}],"curies":[{"name":"wp","href":"https:\/\/api.w.org\/{rel}","templated":true}]}}