{"id":358824,"date":"2025-10-21T10:01:31","date_gmt":"2025-10-21T09:01:31","guid":{"rendered":"https:\/\/zakrasnejsivimperk.cz\/?p=358824"},"modified":"2025-10-23T09:32:30","modified_gmt":"2025-10-23T08:32:30","slug":"jizni-cechy-cesky-krumlov-bude-hostit-festival-divadelni-fimfarum","status":"publish","type":"post","link":"https:\/\/zakrasnejsivimperk.cz\/?p=358824","title":{"rendered":"JI\u017dN\u00cd \u010cECHY: \u010cesk\u00fd Krumlov bude hostit festival Divadeln\u00ed Fimf\u00e1rum"},"content":{"rendered":"<p><img loading=\"lazy\" decoding=\"async\" class=\"aligncenter wp-image-358826 size-full\" src=\"https:\/\/zakrasnejsivimperk.cz\/wp-content\/uploads\/2025\/10\/10\/Fimfarum_CK-2.jpg\" alt=\"\" width=\"1366\" height=\"911\" srcset=\"https:\/\/zakrasnejsivimperk.cz\/wp-content\/uploads\/2025\/10\/10\/Fimfarum_CK-2.jpg 1366w, https:\/\/zakrasnejsivimperk.cz\/wp-content\/uploads\/2025\/10\/10\/Fimfarum_CK-2-300x200.jpg 300w, https:\/\/zakrasnejsivimperk.cz\/wp-content\/uploads\/2025\/10\/10\/Fimfarum_CK-2-1024x683.jpg 1024w, https:\/\/zakrasnejsivimperk.cz\/wp-content\/uploads\/2025\/10\/10\/Fimfarum_CK-2-768x512.jpg 768w, https:\/\/zakrasnejsivimperk.cz\/wp-content\/uploads\/2025\/10\/10\/Fimfarum_CK-2-535x357.jpg 535w, https:\/\/zakrasnejsivimperk.cz\/wp-content\/uploads\/2025\/10\/10\/Fimfarum_CK-2-724x483.jpg 724w\" sizes=\"(max-width: 1366px) 100vw, 1366px\" \/><\/p>\n<p>&nbsp;<\/p>\n<h6>\u010cesk\u00fd Krumlov se stane nov\u00fdm domovem celost\u00e1tn\u00ed p\u0159ehl\u00eddky amat\u00e9rsk\u00e9ho divadla pro d\u011bti a ml\u00e1de\u017e. Festival Divadeln\u00ed Fimf\u00e1rum \u010cesk\u00fd Krumlov se uskute\u010dn\u00ed od 5. do 9. listopadu 2025 a nab\u00eddne pestr\u00fd program inscenac\u00ed pro d\u011bti, mlad\u00e9 div\u00e1ky i cel\u00e9 rodiny.<\/h6>\n<p>Festival, kter\u00fd dosud v\u00edce ne\u017e t\u0159i desetilet\u00ed prob\u00edhal pod n\u00e1zvem Popelka Rakovn\u00edk, se p\u0159esouv\u00e1 do \u010cesk\u00e9ho Krumlova a pod nov\u00fdm n\u00e1zvem. \u010cesk\u00fd Krumlov zaujal ve v\u00fdb\u011brov\u00e9m \u0159\u00edzen\u00ed svou komplexn\u00ed nab\u00eddkou a partnerskou spoluprac\u00ed \u010dty\u0159 m\u00edstn\u00edch kulturn\u00edch instituc\u00ed \u2013 m\u011bstsk\u00e9ho divadla, region\u00e1ln\u00edho muzea, m\u011bstsk\u00e9 knihovny a z\u00e1kladn\u00ed um\u011bleck\u00e9 \u0161koly.<\/p>\n<p><em>\u201eKdy\u017e jsme byli osloveni s mo\u017enost\u00ed nav\u00e1zat na tradici t\u00e9to p\u0159ehl\u00eddky, pova\u017eovali jsme to za skv\u011blou p\u0159\u00edle\u017eitost. Listopad b\u00fdv\u00e1 klidn\u011bj\u0161\u00edm obdob\u00edm, a festival tak p\u0159inese do m\u011bsta nov\u00fd kulturn\u00ed program a z\u00e1rove\u0148 sem p\u0159ivede talentovan\u00e9 d\u011bti, mlad\u00e9 lidi i jejich rodiny. Vn\u00edm\u00e1me to jako p\u0159irozen\u00e9 obohacen\u00ed kulturn\u00ed nab\u00eddky m\u011bsta a pos\u00edlen\u00ed jeho role jako v\u00fdznamn\u00e9ho kulturn\u00edho centra,\u201c<\/em> \u0159\u00edk\u00e1 m\u00edstostarosta Dalibor Uhl\u00ed\u0159.<\/p>\n<p>Divadeln\u00ed Fimf\u00e1rum p\u0159iv\u00edt\u00e1 nejlep\u0161\u00ed amat\u00e9rsk\u00e9 inscenace z krajsk\u00fdch postupov\u00fdch p\u0159ehl\u00eddek po cel\u00e9 \u010cR a z\u00e1rove\u0148 nab\u00eddne i inspirativn\u00ed p\u0159edstaven\u00ed profesion\u00e1ln\u00edch soubor\u016f. \u201e<em>P\u0159ijede kolem dvou set \u00fa\u010dinkuj\u00edc\u00edch, odborn\u00e1 porota slo\u017een\u00e1 z re\u017eis\u00e9r\u016f, dramaturg\u016f \u010di sc\u00e9nograf\u016f bude dopln\u011bna d\u011btskou porotou. N\u00e1v\u0161t\u011bvn\u00edci se mohou t\u011b\u0161it na inscenace r\u016fzn\u00fdch \u017e\u00e1nr\u016f od klasick\u00fdch poh\u00e1dek p\u0159es modern\u00ed divadeln\u00ed adaptace a\u017e po origin\u00e1ln\u00ed autorsk\u00e1 p\u0159edstaven\u00ed. Program je koncipov\u00e1n tak, aby si na sv\u00e9 p\u0159i\u0161li opravdu v\u0161ichni,\u201c<\/em> dopl\u0148uje \u0159editel M\u011bstsk\u00e9ho divadla \u010cesk\u00fd Krumlov Jan Voz\u00e1bal.<\/p>\n<p>Do \u010cesk\u00e9ho Krumlova zav\u00edtaj\u00ed talentovan\u00e9 soubory z r\u016fzn\u00fdch kout\u016f republiky. Nap\u0159\u00edklad Divadeln\u00ed spolek VOJAN z Libice nad Cidlinou p\u0159edstav\u00ed inscenaci Popelka: Bylo nebylo? a nab\u00eddne tak hrav\u00fd, a p\u0159edev\u0161\u00edm aktualizovan\u00fd pohled na tento jinak v\u0161emi zn\u00e1m\u00fd p\u0159\u00edb\u011bh. Divadeln\u00ed klub mlad\u00fdch z \u010cesk\u00e9 L\u00edpy uvede sou\u010dasnou bajku Kdo nesk\u00e1\u010de, nen\u00ed holub aneb Zob\u00e1ky k sob\u011b, je\u017e otev\u00edr\u00e1 t\u00e9ma p\u0159edsudk\u016f mezi mlad\u00fdmi. A Podbrdsk\u00e9 n\u00e1rodn\u00ed divadlo z Dob\u0159\u00ed\u0161e rozesm\u011bje div\u00e1ky inscenac\u00ed \u010certovsk\u00e9 poh\u00e1dky, kter\u00e1 v rychl\u00e9m tempu a s vtipem o\u017eivuje p\u011bt kr\u00e1tk\u00fdch p\u0159\u00edb\u011bh\u016f pln\u00fdch \u010dertovsk\u00fdch kousk\u016f a lidsk\u00e9 chytrosti.<\/p>\n<p>Svou tvorbu p\u0159edstav\u00ed nap\u0159\u00edklad Tuleni v papi\u0148\u00e1ku z Prachatic, kte\u0159\u00ed tvo\u0159\u00ed origin\u00e1ln\u00ed studentsk\u00e9 inscenace s neot\u0159el\u00fdm humorem, Divadeln\u00ed spolek Thespis z Teplic, brn\u011bnsk\u00e9 divadlo pro d\u011bti a ml\u00e1de\u017e Pol\u00e1rka nebo mlad\u00fd soubor V\u010dil a tu z Hlu\u010d\u00edna, funguj\u00edc\u00ed p\u0159i tamn\u00ed z\u00e1kladn\u00ed um\u011bleck\u00e9 \u0161kole, a \u0159ada dal\u0161\u00edch soubor\u016f.<\/p>\n<p>Dopoledn\u00ed \u010d\u00e1st programu bude ur\u010dena mate\u0159sk\u00fdm, z\u00e1kladn\u00edm a st\u0159edn\u00edm \u0161kol\u00e1m, odpoledn\u00ed a v\u00edkendov\u00e1 p\u0159edstaven\u00ed pak \u0161irok\u00e9 ve\u0159ejnosti. Sou\u010d\u00e1st\u00ed festivalu budou tak\u00e9 workshopy, odborn\u00e9 diskuze, p\u0159edn\u00e1\u0161ky a rozborov\u00e9 semin\u00e1\u0159e. \u201e<em>V\u00fdjime\u010dn\u00fdm rysem festivalu je krom\u011b fundovan\u00e9 odborn\u00e9 poroty i tzv. \u201ed\u011btsk\u00e1 porota\u201c, kter\u00e1 je slo\u017eena z d\u011bt\u00ed ve v\u011bku dan\u00fdch c\u00edlov\u00fdch skupin, kter\u00fdm je inscenace ur\u010dena. Pr\u00e1v\u011b jejich hodnocen\u00ed b\u00fdv\u00e1 tou nejsiln\u011bj\u0161\u00ed a nejp\u0159esv\u011bd\u010div\u011bj\u0161\u00ed zp\u011btnou vazbou pro tv\u016frce divadeln\u00edch inscenac\u00ed. Pro mal\u00e9 divadeln\u00ed nad\u0161ence z \u0159ad \u0161irok\u00e9 ve\u0159ejnosti jsme p\u0159ipravili z\u00e1\u017eitkov\u00fd \u00b4Loudal\u016fv divadeln\u00ed p\u0159\u00edm\u011b\u0161t\u00e1k\u00b4, kde budou moci d\u011bti tr\u00e1vit cel\u00fd den sledov\u00e1n\u00edm divadeln\u00edch p\u0159edstaven\u00ed, kreativn\u00ed hrou a pov\u00edd\u00e1n\u00edm o vid\u011bn\u00fdch inscenac\u00edch. Aktu\u00e1ln\u00ed ro\u010dn\u00edk celost\u00e1tn\u00ed p\u0159ehl\u00eddky bychom r\u00e1di v\u011bnovali 100. v\u00fdro\u010d\u00ed od narozen\u00ed v\u00fdznamn\u00e9 ilustr\u00e1torky d\u011btsk\u00e9 literatury, mal\u00ed\u0159ky a sc\u00e9nografky Aleny Ladov\u00e9,\u201c<\/em> dod\u00e1v\u00e1 dramaturg Jarom\u00edr Hru\u0161ka.<\/p>\n<p>Smyslem tvorby pro d\u011bti a ml\u00e1de\u017e obecn\u011b je krom\u011b neoddiskutovateln\u00e9 estetick\u00e9 funkce tak\u00e9 osobn\u00ed a osobnostn\u00ed rozvoj d\u00edt\u011bte a dosp\u00edvaj\u00edc\u00edho, vytv\u00e1\u0159en\u00ed, zako\u0159e\u0148ov\u00e1n\u00ed a osvojov\u00e1n\u00ed si z\u00e1kladn\u00edch \u017eivotn\u00edch hodnot a z\u00e1rove\u0148 p\u011bstov\u00e1n\u00ed kritick\u00e9ho my\u0161len\u00ed. Schopnost\u00ed a dovednost\u00ed, kter\u00e9 pat\u0159\u00ed k nezbytn\u00e9 v\u00fdbav\u011b jedince pro \u00fasp\u011b\u0161nou orientaci a reakci na dne\u0161n\u00ed komplikovan\u00fd sv\u011bt po\u010d\u00e1tku 21. stolet\u00ed. A tento festival se bude sna\u017eit v\u00fd\u0161e uveden\u00e9mu maxim\u00e1ln\u011b napom\u00e1hat.<\/p>\n<p>Motto festivalu: \u201eP\u0159ij\u010fte si na FIMF\u00c1RUM pro sv\u016fj divadeln\u00ed z\u00e1\u017eitek! P\u0159ij\u010fte na festival, kde se d\u011bti st\u00e1vaj\u00ed dosp\u011blej\u0161\u00edmi a dosp\u011bl\u00ed se na chv\u00edli st\u00e1vaj\u00ed d\u011btmi!\u201c<\/p>\n<p>&nbsp;<\/p>\n<p>V\u00edce informac\u00ed a kompletn\u00ed program jsou k dispozici na webu <a href=\"https:\/\/www.fimfarumck.cz\/cz\/divadelni-fimfarum-cesky-krumlov\/\" target=\"_blank\" rel=\"noopener\"><strong>www.fimfarumck.cz<\/strong><\/a>.<\/p>\n<p>&nbsp;<\/p>\n<p><strong>Petra NEST\u00c1VALOV\u00c1, M\u011bsto \u010cesk\u00fd Krumlov<\/strong><\/p>\n<p>Foto: archiv m\u011bsta<\/p>\n<p>&nbsp;<\/p>\n<p><img loading=\"lazy\" decoding=\"async\" class=\"aligncenter wp-image-358827 size-full\" src=\"https:\/\/zakrasnejsivimperk.cz\/wp-content\/uploads\/2025\/10\/10\/Fimfarum_CK-3.jpg\" alt=\"\" width=\"1366\" height=\"911\" srcset=\"https:\/\/zakrasnejsivimperk.cz\/wp-content\/uploads\/2025\/10\/10\/Fimfarum_CK-3.jpg 1366w, https:\/\/zakrasnejsivimperk.cz\/wp-content\/uploads\/2025\/10\/10\/Fimfarum_CK-3-300x200.jpg 300w, https:\/\/zakrasnejsivimperk.cz\/wp-content\/uploads\/2025\/10\/10\/Fimfarum_CK-3-1024x683.jpg 1024w, https:\/\/zakrasnejsivimperk.cz\/wp-content\/uploads\/2025\/10\/10\/Fimfarum_CK-3-768x512.jpg 768w, https:\/\/zakrasnejsivimperk.cz\/wp-content\/uploads\/2025\/10\/10\/Fimfarum_CK-3-535x357.jpg 535w, https:\/\/zakrasnejsivimperk.cz\/wp-content\/uploads\/2025\/10\/10\/Fimfarum_CK-3-724x483.jpg 724w\" sizes=\"(max-width: 1366px) 100vw, 1366px\" \/><\/p>\n<p>&nbsp;<\/p>\n<p><img loading=\"lazy\" decoding=\"async\" class=\"aligncenter wp-image-358825 size-full\" src=\"https:\/\/zakrasnejsivimperk.cz\/wp-content\/uploads\/2025\/10\/10\/Fimfarum_CK-1.jpg\" alt=\"\" width=\"1367\" height=\"911\" srcset=\"https:\/\/zakrasnejsivimperk.cz\/wp-content\/uploads\/2025\/10\/10\/Fimfarum_CK-1.jpg 1367w, https:\/\/zakrasnejsivimperk.cz\/wp-content\/uploads\/2025\/10\/10\/Fimfarum_CK-1-300x200.jpg 300w, https:\/\/zakrasnejsivimperk.cz\/wp-content\/uploads\/2025\/10\/10\/Fimfarum_CK-1-1024x682.jpg 1024w, https:\/\/zakrasnejsivimperk.cz\/wp-content\/uploads\/2025\/10\/10\/Fimfarum_CK-1-768x512.jpg 768w, https:\/\/zakrasnejsivimperk.cz\/wp-content\/uploads\/2025\/10\/10\/Fimfarum_CK-1-536x357.jpg 536w, https:\/\/zakrasnejsivimperk.cz\/wp-content\/uploads\/2025\/10\/10\/Fimfarum_CK-1-725x483.jpg 725w\" sizes=\"(max-width: 1367px) 100vw, 1367px\" \/><\/p>\n<hr \/>\n<p>&nbsp;<\/p>\n<h4>Jin\u00e9 zpr\u00e1vy z \u010cesk\u00e9ho Krumlova:<\/h4>\n<h6 class=\"entry-title\"><a href=\"https:\/\/zakrasnejsivimperk.cz\/?p=358380\" target=\"_blank\" rel=\"noopener\">JI\u017dN\u00cd \u010cECHY: V Krumlov\u011b za\u010daly p\u0159\u00edpravn\u00e9 pr\u00e1ce pro demolici vyho\u0159el\u00e9ho baz\u00e9nu<\/a><\/h6>\n<h6 class=\"entry-title\"><a href=\"https:\/\/zakrasnejsivimperk.cz\/?p=353287\" target=\"_blank\" rel=\"noopener\">JI\u017dN\u00cd \u010cECHY: Dal\u0161\u00ed dru\u017estevn\u00ed d\u016fm vznikne z b\u00fdval\u00e9 vojensk\u00e9 ubytovny<\/a><\/h6>\n<h6 class=\"entry-title\"><a href=\"https:\/\/zakrasnejsivimperk.cz\/?p=351464\" target=\"_blank\" rel=\"noopener\">JI\u017dN\u00cd \u010cECHY: Pr\u00e1zdniny ve \u0161kol\u00e1ch: modernizace, opravy a speci\u00e1ln\u00ed t\u0159\u00edda<\/a><\/h6>\n<h6 class=\"entry-title\"><a href=\"https:\/\/zakrasnejsivimperk.cz\/?p=350285\" target=\"_blank\" rel=\"noopener\">JI\u017dN\u00cd \u010cECHY: \u010cesk\u00fd Krumlov uzav\u0159e partnerstv\u00ed s m\u011bstskou \u010d\u00e1st\u00ed Praha 1<\/a><\/h6>\n<h6 class=\"entry-title\"><a href=\"https:\/\/zakrasnejsivimperk.cz\/?p=347659\" target=\"_blank\" rel=\"noopener\">JI\u017dN\u00cd \u010cECHY: \u010cesk\u00fd Krumlov upravil pravidla pro vjezd vozidel do p\u011b\u0161\u00ed z\u00f3ny<\/a><\/h6>\n<h6 class=\"entry-title\"><a href=\"https:\/\/zakrasnejsivimperk.cz\/?p=347885\" target=\"_blank\" rel=\"noopener\">JI\u017dN\u00cd \u010cECHY: T\u0159i osobnosti p\u0159evzaly Cenu m\u011bsta \u010cesk\u00fd Krumlov za rok 2024<\/a><\/h6>\n<h6 class=\"entry-title\"><a href=\"https:\/\/zakrasnejsivimperk.cz\/?p=346416\" target=\"_blank\" rel=\"noopener\">JI\u017dN\u00cd \u010cECHY: Krumlovsk\u00e1 n\u00e1plavka nese jm\u00e9no v\u00fdtvarn\u00edka Miroslava P\u00e1rala<\/a><\/h6>\n<h6 class=\"entry-title\"><a href=\"https:\/\/zakrasnejsivimperk.cz\/?p=346270\" target=\"_blank\" rel=\"noopener\">STALO SE DNES: Most dr. Edvarda Bene\u0161e v \u010cesk\u00e9m Krumlov\u011b se vr\u00e1til po rekonstrukci do provozu<\/a><\/h6>\n<h6 class=\"entry-title\"><a href=\"https:\/\/zakrasnejsivimperk.cz\/?p=344533\" target=\"_blank\" rel=\"noopener\">JI\u017dN\u00cd \u010cECHY: \u010cesk\u00fd Krumlov na cest\u011b k titulu M\u011bsto p\u0159\u00e1telsk\u00e9 k d\u011btem<\/a><\/h6>\n<h6 class=\"entry-title\"><a href=\"https:\/\/zakrasnejsivimperk.cz\/?p=343814\" target=\"_blank\" rel=\"noopener\">JI\u017dN\u00cd \u010cECHY: Filipojakubsk\u00e1 noc a prvn\u00ed m\u00e1j? V \u010cesk\u00e9m Krumlov\u011b jedin\u011b kouzeln\u011b!<\/a><\/h6>\n<h6 class=\"entry-title\"><a href=\"https:\/\/zakrasnejsivimperk.cz\/?p=342521\" target=\"_blank\" rel=\"noopener\">JI\u017dN\u00cd \u010cECHY: \u010cesk\u00fd Krumlov o\u017eije velikono\u010dn\u00edmi tradicemi, chut\u011bmi a z\u00e1bavou pro celou rodinu<\/a><\/h6>\n<h6 class=\"entry-title\"><a href=\"https:\/\/zakrasnejsivimperk.cz\/?p=337371\" target=\"_blank\" rel=\"noopener\">JI\u017dN\u00cd \u010cECHY: Rej masek a r\u016f\u017ei\u010dkov\u00e1 koleda p\u0159inesou atmosf\u00e9ru masopustu tak\u00e9 do \u010cesk\u00e9ho Krumlova<\/a><\/h6>\n<h6 class=\"entry-title\"><a href=\"https:\/\/zakrasnejsivimperk.cz\/?p=336056\" target=\"_blank\" rel=\"noopener\">JI\u017dN\u00cd \u010cECHY: Bezpe\u010dn\u011b ve \u0161kol\u00e1ch. \u010cesk\u00fd Krumlov klade d\u016fraz na prevenci a \u00fa\u010dinn\u00e1 praktick\u00e1 opat\u0159en\u00ed<\/a><\/h6>\n<h6 class=\"entry-title\"><a href=\"https:\/\/zakrasnejsivimperk.cz\/?p=336051\" target=\"_blank\" rel=\"noopener\">JI\u017dN\u00cd \u010cECHY: Dobr\u00fd po\u010din. \u010cesk\u00fd Krumlov zakl\u00e1d\u00e1 m\u011bstskou radu senior\u016f<\/a><\/h6>\n<h6 class=\"entry-title\"><a href=\"https:\/\/zakrasnejsivimperk.cz\/?p=332766\" target=\"_blank\" rel=\"noopener\">JI\u017dN\u00cd \u010cECHY: M\u011bsto \u010cesk\u00fd Krumlov m\u00e1 rozpo\u010det 2025 st\u0159\u00eddm\u00fd i proinvesti\u010dn\u00ed<\/a><\/h6>\n<h6 class=\"entry-title\"><a href=\"https:\/\/zakrasnejsivimperk.cz\/?p=326806\" target=\"_blank\" rel=\"noopener\">JI\u017dN\u00cd \u010cECHY: \u010c. Krumlov ru\u0161\u00ed smlouvu na koupi sb\u00edrky ilustrac\u00ed pro d\u011bti. Sb\u00edrka ve m\u011bst\u011b ale z\u016fstane<\/a><\/h6>\n<h6 class=\"entry-title\"><a href=\"https:\/\/zakrasnejsivimperk.cz\/?p=326168\" target=\"_blank\" rel=\"noopener\">JI\u017dN\u00cd \u010cECHY: Co se d\u011bje v \u010cesk\u00e9m Krumlov\u011b. Zpr\u00e1vy z jedn\u00e1n\u00ed rady i zastupitelstva<\/a><\/h6>\n<h6 class=\"entry-title\"><a href=\"https:\/\/zakrasnejsivimperk.cz\/?p=320890\" target=\"_blank\" rel=\"noopener\">JI\u017dN\u00cd \u010cECHY: Co se d\u011bje v \u010cesk\u00e9m Krumlov\u011b. Nov\u00e9 zpr\u00e1vy z jedn\u00e1n\u00ed rady m\u011bsta<\/a><\/h6>\n<h6><a href=\"https:\/\/zakrasnejsivimperk.cz\/?p=321027\" target=\"_blank\" rel=\"noopener\">JI\u017dN\u00cd \u010cECHY: Po\u017e\u00e1r zni\u010dil plaveck\u00fd baz\u00e9n, m\u011bsto jedn\u00e1 o dal\u0161\u00edch kroc\u00edch<\/a><\/h6>\n<h6><a href=\"https:\/\/zakrasnejsivimperk.cz\/?p=319435\" target=\"_blank\" rel=\"noopener\">JI\u017dN\u00cd \u010cECHY: Investice v \u010cesk\u00e9m Krumlov\u011b: Nov\u00e9 komunikace, parkovi\u0161t\u011b, schodi\u0161t\u011b, osv\u011btlen\u00ed baz\u00e9nu<\/a><\/h6>\n<h6><a href=\"https:\/\/zakrasnejsivimperk.cz\/?p=313023\" target=\"_blank\" rel=\"noopener\">JI\u017dN\u00cd \u010cECHY: Pr\u00e1zdninov\u00e9 investice do z\u00e1kladn\u00edch \u0161kol v \u010cesk\u00e9m Krumlov\u011b p\u0159es\u00e1hnou 19 milion\u016f korun<\/a><\/h6>\n<h6><a href=\"https:\/\/zakrasnejsivimperk.cz\/?p=317347\" target=\"_blank\" rel=\"noopener\">JI\u017dN\u00cd \u010cECHY: Policie odlo\u017eila vy\u0161et\u0159ov\u00e1n\u00ed podez\u0159en\u00ed z podvodu n\u00e1kupu sb\u00edrky ilustrac\u00ed<\/a><\/h6>\n<h6 class=\"entry-title\"><a href=\"https:\/\/zakrasnejsivimperk.cz\/?p=312190\" target=\"_blank\" rel=\"noopener\">JI\u017dN\u00cd \u010cECHY: Nev\u0161edn\u00ed polepy zast\u00e1vek v \u010cesk\u00e9m Krumlov\u011b chr\u00e1n\u00ed ptactvo a o\u017eivuj\u00ed historii<\/a><\/h6>\n<h6><a href=\"https:\/\/zakrasnejsivimperk.cz\/?p=311660\" target=\"_blank\" rel=\"noopener\">JI\u017dN\u00cd \u010cECHY: Nov\u00fd kruhov\u00fd objezd v \u010cesk\u00e9m Krumlov\u011b otev\u0159ou v p\u00e1tek dopoledne<\/a><\/h6>\n<h6><a href=\"https:\/\/zakrasnejsivimperk.cz\/?p=311041\" target=\"_blank\" rel=\"noopener\">JI\u017dN\u00cd \u010cECHY: Ps\u00ed \u00fatulek v \u010cesk\u00e9m Krumlov\u011b pe\u010duje o opu\u0161t\u011bn\u00e1 zv\u00ed\u0159ata u\u017e 20 let<\/a><\/h6>\n<h6><a href=\"https:\/\/zakrasnejsivimperk.cz\/?p=310375\" target=\"_blank\" rel=\"noopener\">JI\u017dN\u00cd \u010cECHY: Novogotick\u00e1 varna, srdce centra PORT 1560, kde se va\u0159ilo skv\u011bl\u00e9 pivo<\/a><\/h6>\n<h6><a href=\"https:\/\/zakrasnejsivimperk.cz\/?p=309046\" target=\"_blank\" rel=\"noopener\">JI\u017dN\u00cd \u010cECHY: Slune\u010dn\u00edky a stromy o\u017eivily prostor n\u00e1m\u011bst\u00ed Svornosti v \u010cesk\u00e9m Krumlov\u011b<\/a><\/h6>\n<h6><a href=\"https:\/\/zakrasnejsivimperk.cz\/?p=308073\" target=\"_blank\" rel=\"noopener\">JI\u017dN\u00cd \u010cECHY: Co se d\u011bje v \u010cesk\u00e9m Krumlov\u011b. St\u0159\u00edpky ze zased\u00e1n\u00ed m\u011bstsk\u00e9 rady<\/a><\/h6>\n<h6><a href=\"https:\/\/zakrasnejsivimperk.cz\/?p=307127\" target=\"_blank\" rel=\"noopener\">JI\u017dN\u00cd \u010cECHY: Pozv\u00e1nka do \u010cesk\u00e9ho Krumlova na l\u00e9to pln\u00e9 zaj\u00edmav\u00fdch akc\u00ed<\/a><\/h6>\n<h6><a href=\"https:\/\/zakrasnejsivimperk.cz\/?p=305355\" target=\"_blank\" rel=\"noopener\">JI\u017dN\u00cd \u010cECHY: Leto\u0161n\u00ed sez\u00f3na v \u010cesk\u00e9m Krumlov\u011b nab\u00eddne novou dominantu: PORT 1560<\/a><\/h6>\n<hr \/>\n<p>&nbsp;<\/p>\n","protected":false},"excerpt":{"rendered":"<p>&nbsp; \u010cesk\u00fd <\/p>\n","protected":false},"author":2,"featured_media":358828,"comment_status":"open","ping_status":"open","sticky":false,"template":"","format":"gallery","meta":{"footnotes":""},"categories":[72,83],"tags":[],"jetpack_featured_media_url":"https:\/\/zakrasnejsivimperk.cz\/wp-content\/uploads\/2025\/10\/10\/ram-fimfarum.jpg","_links":{"self":[{"href":"https:\/\/zakrasnejsivimperk.cz\/index.php?rest_route=\/wp\/v2\/posts\/358824"}],"collection":[{"href":"https:\/\/zakrasnejsivimperk.cz\/index.php?rest_route=\/wp\/v2\/posts"}],"about":[{"href":"https:\/\/zakrasnejsivimperk.cz\/index.php?rest_route=\/wp\/v2\/types\/post"}],"author":[{"embeddable":true,"href":"https:\/\/zakrasnejsivimperk.cz\/index.php?rest_route=\/wp\/v2\/users\/2"}],"replies":[{"embeddable":true,"href":"https:\/\/zakrasnejsivimperk.cz\/index.php?rest_route=%2Fwp%2Fv2%2Fcomments&post=358824"}],"version-history":[{"count":1,"href":"https:\/\/zakrasnejsivimperk.cz\/index.php?rest_route=\/wp\/v2\/posts\/358824\/revisions"}],"predecessor-version":[{"id":358829,"href":"https:\/\/zakrasnejsivimperk.cz\/index.php?rest_route=\/wp\/v2\/posts\/358824\/revisions\/358829"}],"wp:featuredmedia":[{"embeddable":true,"href":"https:\/\/zakrasnejsivimperk.cz\/index.php?rest_route=\/wp\/v2\/media\/358828"}],"wp:attachment":[{"href":"https:\/\/zakrasnejsivimperk.cz\/index.php?rest_route=%2Fwp%2Fv2%2Fmedia&parent=358824"}],"wp:term":[{"taxonomy":"category","embeddable":true,"href":"https:\/\/zakrasnejsivimperk.cz\/index.php?rest_route=%2Fwp%2Fv2%2Fcategories&post=358824"},{"taxonomy":"post_tag","embeddable":true,"href":"https:\/\/zakrasnejsivimperk.cz\/index.php?rest_route=%2Fwp%2Fv2%2Ftags&post=358824"}],"curies":[{"name":"wp","href":"https:\/\/api.w.org\/{rel}","templated":true}]}}