{"id":358342,"date":"2025-10-05T13:37:23","date_gmt":"2025-10-05T12:37:23","guid":{"rendered":"https:\/\/zakrasnejsivimperk.cz\/?p=358342"},"modified":"2025-10-05T13:37:23","modified_gmt":"2025-10-05T12:37:23","slug":"sumava-pozvanka-do-kasperskych-hor-8","status":"publish","type":"post","link":"https:\/\/zakrasnejsivimperk.cz\/?p=358342","title":{"rendered":"\u0160UMAVA: Pozv\u00e1nka do Ka\u0161persk\u00fdch Hor"},"content":{"rendered":"<p><img loading=\"lazy\" decoding=\"async\" class=\"aligncenter wp-image-358344 size-full\" src=\"https:\/\/zakrasnejsivimperk.cz\/wp-content\/uploads\/2025\/10\/05\/plakat-kasperky-1010.jpg\" alt=\"\" width=\"950\" height=\"534\" srcset=\"https:\/\/zakrasnejsivimperk.cz\/wp-content\/uploads\/2025\/10\/05\/plakat-kasperky-1010.jpg 950w, https:\/\/zakrasnejsivimperk.cz\/wp-content\/uploads\/2025\/10\/05\/plakat-kasperky-1010-300x169.jpg 300w, https:\/\/zakrasnejsivimperk.cz\/wp-content\/uploads\/2025\/10\/05\/plakat-kasperky-1010-768x432.jpg 768w, https:\/\/zakrasnejsivimperk.cz\/wp-content\/uploads\/2025\/10\/05\/plakat-kasperky-1010-635x357.jpg 635w, https:\/\/zakrasnejsivimperk.cz\/wp-content\/uploads\/2025\/10\/05\/plakat-kasperky-1010-859x483.jpg 859w\" sizes=\"(max-width: 950px) 100vw, 950px\" \/><\/p>\n<hr \/>\n<p>&nbsp;<\/p>\n","protected":false},"excerpt":{"rendered":"<p>&nbsp;<\/p>\n","protected":false},"author":2,"featured_media":358343,"comment_status":"open","ping_status":"open","sticky":false,"template":"","format":"gallery","meta":{"footnotes":""},"categories":[73],"tags":[],"jetpack_featured_media_url":"https:\/\/zakrasnejsivimperk.cz\/wp-content\/uploads\/2025\/10\/05\/plakat-kasperky-1010-ttt.jpg","_links":{"self":[{"href":"https:\/\/zakrasnejsivimperk.cz\/index.php?rest_route=\/wp\/v2\/posts\/358342"}],"collection":[{"href":"https:\/\/zakrasnejsivimperk.cz\/index.php?rest_route=\/wp\/v2\/posts"}],"about":[{"href":"https:\/\/zakrasnejsivimperk.cz\/index.php?rest_route=\/wp\/v2\/types\/post"}],"author":[{"embeddable":true,"href":"https:\/\/zakrasnejsivimperk.cz\/index.php?rest_route=\/wp\/v2\/users\/2"}],"replies":[{"embeddable":true,"href":"https:\/\/zakrasnejsivimperk.cz\/index.php?rest_route=%2Fwp%2Fv2%2Fcomments&post=358342"}],"version-history":[{"count":1,"href":"https:\/\/zakrasnejsivimperk.cz\/index.php?rest_route=\/wp\/v2\/posts\/358342\/revisions"}],"predecessor-version":[{"id":358345,"href":"https:\/\/zakrasnejsivimperk.cz\/index.php?rest_route=\/wp\/v2\/posts\/358342\/revisions\/358345"}],"wp:featuredmedia":[{"embeddable":true,"href":"https:\/\/zakrasnejsivimperk.cz\/index.php?rest_route=\/wp\/v2\/media\/358343"}],"wp:attachment":[{"href":"https:\/\/zakrasnejsivimperk.cz\/index.php?rest_route=%2Fwp%2Fv2%2Fmedia&parent=358342"}],"wp:term":[{"taxonomy":"category","embeddable":true,"href":"https:\/\/zakrasnejsivimperk.cz\/index.php?rest_route=%2Fwp%2Fv2%2Fcategories&post=358342"},{"taxonomy":"post_tag","embeddable":true,"href":"https:\/\/zakrasnejsivimperk.cz\/index.php?rest_route=%2Fwp%2Fv2%2Ftags&post=358342"}],"curies":[{"name":"wp","href":"https:\/\/api.w.org\/{rel}","templated":true}]}}