{"id":358220,"date":"2025-10-03T20:58:13","date_gmt":"2025-10-03T19:58:13","guid":{"rendered":"https:\/\/zakrasnejsivimperk.cz\/?p=358220"},"modified":"2025-10-03T20:58:13","modified_gmt":"2025-10-03T19:58:13","slug":"ekolist-cz-pro-stovky-jelenu-na-sumave-je-obdobi-rije-projevuji-se-hlasitym-troubenim","status":"publish","type":"post","link":"https:\/\/zakrasnejsivimperk.cz\/?p=358220","title":{"rendered":"EKOLIST.CZ:  Pro stovky jelen\u016f na \u0160umav\u011b je obdob\u00ed \u0159\u00edje, projevuj\u00ed se hlasit\u00fdm trouben\u00edm"},"content":{"rendered":"<h1 style=\"text-align: center;\">\u010cl\u00e1nek otev\u0159ete kliknut\u00edm na obr\u00e1zek:<\/h1>\n<p>&nbsp;<\/p>\n<p><a href=\"https:\/\/ekolist.cz\/cz\/zpravodajstvi\/zpravy\/pro-stovky-jelenu-na-sumave-je-obdobi-rije-projevuji-se-hlasitym-troubenim\" target=\"_blank\" rel=\"noopener\"><img loading=\"lazy\" decoding=\"async\" class=\"aligncenter wp-image-358221 size-full\" src=\"https:\/\/zakrasnejsivimperk.cz\/wp-content\/uploads\/2025\/10\/03\/ekolist-logo.jpg\" alt=\"\" width=\"600\" height=\"118\" srcset=\"https:\/\/zakrasnejsivimperk.cz\/wp-content\/uploads\/2025\/10\/03\/ekolist-logo.jpg 600w, https:\/\/zakrasnejsivimperk.cz\/wp-content\/uploads\/2025\/10\/03\/ekolist-logo-300x59.jpg 300w\" sizes=\"(max-width: 600px) 100vw, 600px\" \/><\/a><\/p>\n<hr \/>\n<p>&nbsp;<\/p>\n","protected":false},"excerpt":{"rendered":"<p>\u010cl\u00e1nek otev\u0159ete <\/p>\n","protected":false},"author":2,"featured_media":358222,"comment_status":"open","ping_status":"open","sticky":false,"template":"","format":"gallery","meta":{"footnotes":""},"categories":[109],"tags":[],"jetpack_featured_media_url":"https:\/\/zakrasnejsivimperk.cz\/wp-content\/uploads\/2025\/10\/03\/ram-ekolist.jpg","_links":{"self":[{"href":"https:\/\/zakrasnejsivimperk.cz\/index.php?rest_route=\/wp\/v2\/posts\/358220"}],"collection":[{"href":"https:\/\/zakrasnejsivimperk.cz\/index.php?rest_route=\/wp\/v2\/posts"}],"about":[{"href":"https:\/\/zakrasnejsivimperk.cz\/index.php?rest_route=\/wp\/v2\/types\/post"}],"author":[{"embeddable":true,"href":"https:\/\/zakrasnejsivimperk.cz\/index.php?rest_route=\/wp\/v2\/users\/2"}],"replies":[{"embeddable":true,"href":"https:\/\/zakrasnejsivimperk.cz\/index.php?rest_route=%2Fwp%2Fv2%2Fcomments&post=358220"}],"version-history":[{"count":1,"href":"https:\/\/zakrasnejsivimperk.cz\/index.php?rest_route=\/wp\/v2\/posts\/358220\/revisions"}],"predecessor-version":[{"id":358223,"href":"https:\/\/zakrasnejsivimperk.cz\/index.php?rest_route=\/wp\/v2\/posts\/358220\/revisions\/358223"}],"wp:featuredmedia":[{"embeddable":true,"href":"https:\/\/zakrasnejsivimperk.cz\/index.php?rest_route=\/wp\/v2\/media\/358222"}],"wp:attachment":[{"href":"https:\/\/zakrasnejsivimperk.cz\/index.php?rest_route=%2Fwp%2Fv2%2Fmedia&parent=358220"}],"wp:term":[{"taxonomy":"category","embeddable":true,"href":"https:\/\/zakrasnejsivimperk.cz\/index.php?rest_route=%2Fwp%2Fv2%2Fcategories&post=358220"},{"taxonomy":"post_tag","embeddable":true,"href":"https:\/\/zakrasnejsivimperk.cz\/index.php?rest_route=%2Fwp%2Fv2%2Ftags&post=358220"}],"curies":[{"name":"wp","href":"https:\/\/api.w.org\/{rel}","templated":true}]}}