{"id":358141,"date":"2025-10-05T13:17:45","date_gmt":"2025-10-05T12:17:45","guid":{"rendered":"https:\/\/zakrasnejsivimperk.cz\/?p=358141"},"modified":"2025-10-05T13:17:45","modified_gmt":"2025-10-05T12:17:45","slug":"sumava-strazci-narodniho-parku-letos-likvidovali-ctyricitku-nelegalnich-ohnist","status":"publish","type":"post","link":"https:\/\/zakrasnejsivimperk.cz\/?p=358141","title":{"rendered":"\u0160UMAVA: Str\u00e1\u017eci n\u00e1rodn\u00edho parku letos likvidovali \u010dty\u0159ic\u00edtku neleg\u00e1ln\u00edch ohni\u0161\u0165"},"content":{"rendered":"<p><img loading=\"lazy\" decoding=\"async\" class=\"aligncenter wp-image-358142 size-full\" src=\"https:\/\/zakrasnejsivimperk.cz\/wp-content\/uploads\/2025\/10\/02\/ohne-na-sumave.jpg\" alt=\"\" width=\"1100\" height=\"711\" srcset=\"https:\/\/zakrasnejsivimperk.cz\/wp-content\/uploads\/2025\/10\/02\/ohne-na-sumave.jpg 1100w, https:\/\/zakrasnejsivimperk.cz\/wp-content\/uploads\/2025\/10\/02\/ohne-na-sumave-300x194.jpg 300w, https:\/\/zakrasnejsivimperk.cz\/wp-content\/uploads\/2025\/10\/02\/ohne-na-sumave-1024x662.jpg 1024w, https:\/\/zakrasnejsivimperk.cz\/wp-content\/uploads\/2025\/10\/02\/ohne-na-sumave-768x496.jpg 768w, https:\/\/zakrasnejsivimperk.cz\/wp-content\/uploads\/2025\/10\/02\/ohne-na-sumave-100x65.jpg 100w, https:\/\/zakrasnejsivimperk.cz\/wp-content\/uploads\/2025\/10\/02\/ohne-na-sumave-552x357.jpg 552w, https:\/\/zakrasnejsivimperk.cz\/wp-content\/uploads\/2025\/10\/02\/ohne-na-sumave-747x483.jpg 747w, https:\/\/zakrasnejsivimperk.cz\/wp-content\/uploads\/2025\/10\/02\/ohne-na-sumave-745x483.jpg 745w\" sizes=\"(max-width: 1100px) 100vw, 1100px\" \/><\/p>\n<p>&nbsp;<\/p>\n<h6>Od ledna do konce srpna str\u00e1\u017eci, lesn\u00edci a \u010dlenov\u00e9 jednotky po\u017e\u00e1rn\u00ed ochrany NP \u0160umava na\u0161li a zlikvidovali bezm\u00e1la \u010dty\u0159i des\u00edtky ohni\u0161\u0165, kter\u00e1 neleg\u00e1ln\u011b rozd\u011blali n\u00e1v\u0161t\u011bvn\u00edci N\u00e1rodn\u00edho parku \u0160umava. Mnoh\u00e1 ohni\u0161t\u011b ho\u0159ela uvnit\u0159 lesn\u00edch porost\u016f a to t\u0159eba i v klidov\u00fdch \u00fazem\u00ed a v m\u00edstech s velmi \u0161patnou dostupnost\u00ed po\u017e\u00e1rn\u00ed techniky.<\/h6>\n<p><img loading=\"lazy\" decoding=\"async\" class=\"alignright wp-image-97958 size-thumbnail\" src=\"https:\/\/zakrasnejsivimperk.cz\/wp-content\/uploads\/2017\/05\/15\/logo-nps-150x150.jpg\" alt=\"\" width=\"150\" height=\"150\" srcset=\"https:\/\/zakrasnejsivimperk.cz\/wp-content\/uploads\/2017\/05\/15\/logo-nps-150x150.jpg 150w, https:\/\/zakrasnejsivimperk.cz\/wp-content\/uploads\/2017\/05\/15\/logo-nps-300x300.jpg 300w, https:\/\/zakrasnejsivimperk.cz\/wp-content\/uploads\/2017\/05\/15\/logo-nps-768x768.jpg 768w, https:\/\/zakrasnejsivimperk.cz\/wp-content\/uploads\/2017\/05\/15\/logo-nps-357x357.jpg 357w, https:\/\/zakrasnejsivimperk.cz\/wp-content\/uploads\/2017\/05\/15\/logo-nps-483x483.jpg 483w, https:\/\/zakrasnejsivimperk.cz\/wp-content\/uploads\/2017\/05\/15\/logo-nps-210x210.jpg 210w, https:\/\/zakrasnejsivimperk.cz\/wp-content\/uploads\/2017\/05\/15\/logo-nps.jpg 960w\" sizes=\"(max-width: 150px) 100vw, 150px\" \/>Tak jako ka\u017ed\u00fd rok i letos nejm\u00e9n\u011b des\u00edtky, mo\u017en\u00e1 stovky n\u00e1v\u0161t\u011bvn\u00edk\u016f zbyte\u010dn\u011b vystavovaly \u00fazem\u00ed NP \u0160umava, hasi\u010de a tak\u00e9 obyvatele \u0160umavy riziku po\u017e\u00e1ru. Ka\u017ed\u00e9 ohni\u0161t\u011b je toti\u017e po\u017e\u00e1rn\u00edm rizikem, zvl\u00e1\u0161t\u011b v m\u00edstech lesn\u00edch porost\u016f, kde je \u0161patn\u00e1 dostupnost vody a tak\u00e9 hasi\u010dsk\u00e9 techniky.<\/p>\n<p><em>\u201eTakov\u00fdch m\u00edst je opravdu mnoho. Ohni\u0161t\u011b vytvo\u0159en\u00e1 lidmi jsme na\u0161li nap\u0159\u00edklad na Ob\u0159\u00edm hrad\u011b, T\u0159\u00edstoli\u010dn\u00edku, na Medv\u011bd\u00ed stezce nebo dokonce na Dra\u010d\u00edch skal\u00e1ch u Svoj\u0161\u00ed, kde je nejen skalnat\u00fd, velmi \u0161patn\u011b p\u0159\u00edstupn\u00fd ter\u00e9n, ale tak\u00e9 klidov\u00e9 \u00fazem\u00ed bez mo\u017enosti leg\u00e1ln\u00edho p\u0159\u00edstupu,\u201c<\/em> vyjmenov\u00e1v\u00e1 Jan Dvo\u0159\u00e1k, mluv\u010d\u00ed Spr\u00e1vy NP \u0160umava<\/p>\n<p><em>\u201eNa n\u011bkter\u00fdch m\u00edstech jsme nav\u00edc museli hasit, a\u0165 u\u017e t\u0159eba na Koz\u00edch H\u0159betech nebo v oblasti srnsk\u00fdch serpentin. Mnoh\u00e1 ohni\u0161t\u011b byla nalezena je\u0161t\u011b jako aktivn\u00ed a na\u0161i str\u00e1\u017eci je museli doha\u0161ovat,\u201c<\/em> dopl\u0148uje mluv\u010d\u00ed.<\/p>\n<p><em>\u201eNa \u00fazem\u00ed N\u00e1rodn\u00edho parku \u0160umava vyj\u00ed\u017ed\u00edme v pr\u016fm\u011bru k zhruba des\u00edtce p\u0159\u00edpad\u016f zaho\u0159en\u00ed, z nich\u017e v\u011bt\u0161ina prokazateln\u011b vznik\u00e1 lidsk\u00fdm p\u0159i\u010din\u011bn\u00edm. Rozd\u011bl\u00e1v\u00e1n\u00ed oh\u0148\u016f mimo povolen\u00e1 stanovi\u0161t\u011b tak z\u00e1sadn\u011b zvy\u0161uje riziko po\u017e\u00e1ru, zvl\u00e1\u0161\u0165 v letn\u00edm such\u00e9m obdob\u00ed,\u201c<\/em> vysv\u011btluje velitel Jednotky po\u017e\u00e1rn\u00ed ochrany NP \u0160umava Petr \u0160rail.<\/p>\n<p><em>\u201eBohu\u017eel, i kdy\u017e m\u00e1me z \u010cesk\u00e9ho \u0160v\u00fdcarska ned\u00e1vnou zku\u0161enost, co dok\u00e1\u017ee po\u017e\u00e1r, nav\u00edc zalo\u017een\u00fd \u010dlov\u011bkem, n\u011bkte\u0159\u00ed jsou nepou\u010diteln\u00ed. Z\u00e1kaz rozd\u011bl\u00e1v\u00e1n\u00ed oh\u0148\u016f na \u00fazem\u00ed n\u00e1rodn\u00edch park\u016f mimo vymezen\u00e1 stanovi\u0161t\u011b nen\u00ed \u017e\u00e1dn\u00fdm zbyte\u010dn\u00fdm omezen\u00edm, ale d\u016fle\u017eit\u00fdm pravidlem, kter\u00e9 chr\u00e1n\u00ed lidsk\u00e9 majetky a v neposledn\u00ed \u0159ad\u011b i \u017eivoty. A proto\u017ee na\u0161i str\u00e1\u017eci nemohou b\u00fdt v\u0161ude cel\u00fdch 24 hodin, je to opravdu p\u0159edev\u0161\u00edm na zodpov\u011bdnosti ka\u017ed\u00e9ho z n\u00e1s, aby dodr\u017eoval pravidla,\u201c<\/em> apeluje vedouc\u00ed str\u00e1\u017en\u00ed slu\u017eby NP \u0160umava V\u00edt Chlada.<\/p>\n<p>Spr\u00e1va NP \u0160umava je na p\u0159\u00edpadn\u00fd po\u017e\u00e1r p\u0159ipravena. M\u00e1 funk\u010dn\u00ed a pro\u0161kolenou hasi\u010dskou jednotku vybavenou nejnov\u011bj\u0161\u00ed hasi\u010dskou technikou, hasi\u010dsk\u00fdm z\u00e1chrann\u00fdm sborem \u010cR schv\u00e1lenou \u201eDokumentaci zdol\u00e1v\u00e1n\u00ed po\u017e\u00e1r\u016f\u201c. Vytvo\u0159en\u00e1 n\u00e1b\u011brn\u00e1 m\u00edsta pro vodu a tak\u00e9 pravideln\u011b udr\u017euje sj\u00edzdn\u00e9 a dob\u0159e pr\u016fjezdn\u00e9 cesty pro po\u017e\u00e1rn\u00ed techniku a to i v Klidov\u00fdch \u00fazem\u00ed.<\/p>\n<p><em>\u201eI tak si ale v\u0161ichni p\u0159ejeme, abychom techniku ani hasi\u010de nemuseli povol\u00e1vat k ostr\u00e9mu z\u00e1sahu. M\u016f\u017eeme b\u00fdt \u0161pi\u010dkov\u011b p\u0159ipraveni na spoustu sc\u00e9n\u00e1\u0159\u016f, ale ka\u017ed\u00e1 takov\u00e1 ud\u00e1lost je v\u017edy rizikem \u2013 nav\u00edc \u00fapln\u011b zbyte\u010dn\u00fdm. Proto pros\u00edm v\u0161echny, dbejte z\u00e1kladn\u00edch pravidel pohybu a setrv\u00e1v\u00e1n\u00ed na \u00fazem\u00ed n\u00e1rodn\u00edch park\u016f. Jsem si jist, \u017ee i ti, kte\u0159\u00ed zakl\u00e1daj\u00ed nepovolen\u00e1 ohni\u0161t\u011b, maj\u00ed p\u0159\u00edrodu \u0160umavy r\u00e1di. Bylo by skv\u011bl\u00e9, kdyby tuhle l\u00e1sku dok\u00e1zali naplnit t\u00edm, \u017ee \u017e\u00e1dn\u00fd ohe\u0148 v p\u0159\u00edrod\u011b nezalo\u017e\u00ed,\u201c<\/em> vyz\u00fdv\u00e1 \u0159editel Spr\u00e1vy NP \u0160umava Pavel Huben\u00fd.<\/p>\n<p>Na \u00fazem\u00ed N\u00e1rodn\u00edho parku \u0160umava je mo\u017en\u00e9 leg\u00e1ln\u011b a bezpe\u010dn\u011b rozd\u011bl\u00e1vat ohe\u0148 pouze v zastav\u011bn\u00fdch a zastaviteln\u00fdch \u00fazem\u00ed, tedy p\u0159edev\u0161\u00edm v obc\u00edch, a tak\u00e9 v kempech. Z\u00e1kaz rozd\u011bl\u00e1v\u00e1n\u00ed oh\u0148\u016f a manipulace s otev\u0159en\u00fdm ohn\u011bm plat\u00ed v\u0161ude jinde, v\u010detn\u011b nouzov\u00fdch nocovi\u0161\u0165.<\/p>\n<p><strong>Text a foto: (tz-np\u0161)<\/strong><\/p>\n<hr \/>\n<p>&nbsp;<\/p>\n","protected":false},"excerpt":{"rendered":"<p>&nbsp; Od <\/p>\n","protected":false},"author":2,"featured_media":358338,"comment_status":"open","ping_status":"open","sticky":false,"template":"","format":"gallery","meta":{"footnotes":""},"categories":[71],"tags":[],"jetpack_featured_media_url":"https:\/\/zakrasnejsivimperk.cz\/wp-content\/uploads\/2025\/10\/05\/ram-ohniste.jpg","_links":{"self":[{"href":"https:\/\/zakrasnejsivimperk.cz\/index.php?rest_route=\/wp\/v2\/posts\/358141"}],"collection":[{"href":"https:\/\/zakrasnejsivimperk.cz\/index.php?rest_route=\/wp\/v2\/posts"}],"about":[{"href":"https:\/\/zakrasnejsivimperk.cz\/index.php?rest_route=\/wp\/v2\/types\/post"}],"author":[{"embeddable":true,"href":"https:\/\/zakrasnejsivimperk.cz\/index.php?rest_route=\/wp\/v2\/users\/2"}],"replies":[{"embeddable":true,"href":"https:\/\/zakrasnejsivimperk.cz\/index.php?rest_route=%2Fwp%2Fv2%2Fcomments&post=358141"}],"version-history":[{"count":2,"href":"https:\/\/zakrasnejsivimperk.cz\/index.php?rest_route=\/wp\/v2\/posts\/358141\/revisions"}],"predecessor-version":[{"id":358339,"href":"https:\/\/zakrasnejsivimperk.cz\/index.php?rest_route=\/wp\/v2\/posts\/358141\/revisions\/358339"}],"wp:featuredmedia":[{"embeddable":true,"href":"https:\/\/zakrasnejsivimperk.cz\/index.php?rest_route=\/wp\/v2\/media\/358338"}],"wp:attachment":[{"href":"https:\/\/zakrasnejsivimperk.cz\/index.php?rest_route=%2Fwp%2Fv2%2Fmedia&parent=358141"}],"wp:term":[{"taxonomy":"category","embeddable":true,"href":"https:\/\/zakrasnejsivimperk.cz\/index.php?rest_route=%2Fwp%2Fv2%2Fcategories&post=358141"},{"taxonomy":"post_tag","embeddable":true,"href":"https:\/\/zakrasnejsivimperk.cz\/index.php?rest_route=%2Fwp%2Fv2%2Ftags&post=358141"}],"curies":[{"name":"wp","href":"https:\/\/api.w.org\/{rel}","templated":true}]}}