{"id":357675,"date":"2025-09-28T11:49:14","date_gmt":"2025-09-28T10:49:14","guid":{"rendered":"https:\/\/zakrasnejsivimperk.cz\/?p=357675"},"modified":"2025-09-28T11:49:14","modified_gmt":"2025-09-28T10:49:14","slug":"e15-prodava-se-byvala-vesnice-na-sumave-muze-tu-vzniknout-developersky-projekt-za-stovky-milionu","status":"publish","type":"post","link":"https:\/\/zakrasnejsivimperk.cz\/?p=357675","title":{"rendered":"e15: Prod\u00e1v\u00e1 se b\u00fdval\u00e1 vesnice na \u0160umav\u011b. M\u016f\u017ee tu vzniknout developersk\u00fd projekt za stovky milion\u016f"},"content":{"rendered":"<h1 style=\"text-align: center;\">\u010cl\u00e1nek otev\u0159ete kliknut\u00edm na obr\u00e1zek:<\/h1>\n<p>&nbsp;<\/p>\n<p><a href=\"https:\/\/www.e15.cz\/byznys\/reality-a-stavebnictvi\/prodava-se-byvala-vesnice-na-sumave-muze-tu-vzniknout-developersky-projekt-za-stovky-milionu-1427678?fbclid=IwY2xjawNEk6JleHRuA2FlbQIxMQABHn2x07aJTEwGX3oqTXne5C3Xi2cpRcK6JFriAkkCD9oG81NHsBGX0YKTllgF_aem_fFCl1GLa7Zam4rFs5HE2Lw\" target=\"_blank\" rel=\"noopener\"><img loading=\"lazy\" decoding=\"async\" class=\"aligncenter wp-image-357676 size-full\" src=\"https:\/\/zakrasnejsivimperk.cz\/wp-content\/uploads\/2025\/09\/27\/e15-logo.webp\" alt=\"\" width=\"474\" height=\"234\" srcset=\"https:\/\/zakrasnejsivimperk.cz\/wp-content\/uploads\/2025\/09\/27\/e15-logo.webp 474w, https:\/\/zakrasnejsivimperk.cz\/wp-content\/uploads\/2025\/09\/27\/e15-logo-300x148.webp 300w\" sizes=\"(max-width: 474px) 100vw, 474px\" \/><\/a><\/p>\n<hr \/>\n<p>&nbsp;<\/p>\n","protected":false},"excerpt":{"rendered":"<p>\u010cl\u00e1nek otev\u0159ete <\/p>\n","protected":false},"author":2,"featured_media":357677,"comment_status":"open","ping_status":"open","sticky":false,"template":"","format":"gallery","meta":{"footnotes":""},"categories":[109],"tags":[],"jetpack_featured_media_url":"https:\/\/zakrasnejsivimperk.cz\/wp-content\/uploads\/2025\/09\/27\/ram-prodava-se.jpg","_links":{"self":[{"href":"https:\/\/zakrasnejsivimperk.cz\/index.php?rest_route=\/wp\/v2\/posts\/357675"}],"collection":[{"href":"https:\/\/zakrasnejsivimperk.cz\/index.php?rest_route=\/wp\/v2\/posts"}],"about":[{"href":"https:\/\/zakrasnejsivimperk.cz\/index.php?rest_route=\/wp\/v2\/types\/post"}],"author":[{"embeddable":true,"href":"https:\/\/zakrasnejsivimperk.cz\/index.php?rest_route=\/wp\/v2\/users\/2"}],"replies":[{"embeddable":true,"href":"https:\/\/zakrasnejsivimperk.cz\/index.php?rest_route=%2Fwp%2Fv2%2Fcomments&post=357675"}],"version-history":[{"count":1,"href":"https:\/\/zakrasnejsivimperk.cz\/index.php?rest_route=\/wp\/v2\/posts\/357675\/revisions"}],"predecessor-version":[{"id":357678,"href":"https:\/\/zakrasnejsivimperk.cz\/index.php?rest_route=\/wp\/v2\/posts\/357675\/revisions\/357678"}],"wp:featuredmedia":[{"embeddable":true,"href":"https:\/\/zakrasnejsivimperk.cz\/index.php?rest_route=\/wp\/v2\/media\/357677"}],"wp:attachment":[{"href":"https:\/\/zakrasnejsivimperk.cz\/index.php?rest_route=%2Fwp%2Fv2%2Fmedia&parent=357675"}],"wp:term":[{"taxonomy":"category","embeddable":true,"href":"https:\/\/zakrasnejsivimperk.cz\/index.php?rest_route=%2Fwp%2Fv2%2Fcategories&post=357675"},{"taxonomy":"post_tag","embeddable":true,"href":"https:\/\/zakrasnejsivimperk.cz\/index.php?rest_route=%2Fwp%2Fv2%2Ftags&post=357675"}],"curies":[{"name":"wp","href":"https:\/\/api.w.org\/{rel}","templated":true}]}}