{"id":357668,"date":"2025-09-27T13:20:55","date_gmt":"2025-09-27T12:20:55","guid":{"rendered":"https:\/\/zakrasnejsivimperk.cz\/?p=357668"},"modified":"2025-09-27T13:20:55","modified_gmt":"2025-09-27T12:20:55","slug":"aktuality-vetsi-bezpeci-pro-emila-na-mistnich-silnicich-chybi-dulezita-znacka-petice-to-chce-zmenit","status":"publish","type":"post","link":"https:\/\/zakrasnejsivimperk.cz\/?p=357668","title":{"rendered":"AKTUALITY: V\u011bt\u0161\u00ed bezpe\u010d\u00ed pro Emila. Na m\u00edstn\u00edch silnic\u00edch chyb\u00ed d\u016fle\u017eit\u00e1 zna\u010dka. Petice to chce zm\u011bnit"},"content":{"rendered":"<p><img loading=\"lazy\" decoding=\"async\" class=\"aligncenter wp-image-296245 size-full\" src=\"https:\/\/zakrasnejsivimperk.cz\/wp-content\/uploads\/2024\/01\/28\/ceska-krajina-logo.jpg\" alt=\"\" width=\"423\" height=\"115\" srcset=\"https:\/\/zakrasnejsivimperk.cz\/wp-content\/uploads\/2024\/01\/28\/ceska-krajina-logo.jpg 423w, https:\/\/zakrasnejsivimperk.cz\/wp-content\/uploads\/2024\/01\/28\/ceska-krajina-logo-300x82.jpg 300w\" sizes=\"(max-width: 423px) 100vw, 423px\" \/><\/p>\n<p>&nbsp;<\/p>\n<h6>Stovky kilometr\u016f n\u011bkolika zem\u011bmi Evropy p\u0159ekonal ve zdrav\u00ed los Emil, kter\u00fd byl po odchycen\u00ed v Rakousku vypu\u0161t\u011bn na \u0160umav\u011b. Paradoxn\u011b pr\u00e1v\u011b v \u010cesku mu hroz\u00ed v\u011bt\u0161\u00ed nebezpe\u010d\u00ed, ne\u017e v jin\u00fdch zem\u00edch. Na m\u00edstn\u00edch silnic\u00edch toti\u017e chyb\u00ed d\u016fle\u017eit\u00e1 dopravn\u00ed zna\u010dka \u201ePozor los!\u201c, kter\u00fd varuje \u0159idi\u010de p\u0159ed v\u00fdskytem tohoto mohutn\u00e9ho zv\u00ed\u0159ete. Jej\u00ed zaveden\u00ed nyn\u00ed podporuje petice\u00a0<a href=\"https:\/\/go.sparkpostmail2.com\/f\/a\/3veOmx6hsElhxC1J0YUvrw~~\/AAA-fBA~\/Dub8bDjpvVdliUiVxDfthM0082sh2L6HzQbU_LavQ0QiOYcWk_i-wQHKd70v-geDWrJ4rx4FtS3nppoFuBTgkPBpGAt3ZGAIOtsGFW8sgSO87KTNGnqMud2s0Q25BMjYGV1svyCM1JrmFuj8Rfh0a1L2a0fLFGcHIFLl3DEJiU4627syyT_udJ5o9s4BbHLLyj7lDai5rEziACJTa3NKjA~~\" target=\"_blank\" rel=\"noopener\">bezpeciproemila.cz<\/a><\/h6>\n<p><em><img loading=\"lazy\" decoding=\"async\" class=\"size-medium wp-image-357669 alignright\" src=\"https:\/\/zakrasnejsivimperk.cz\/wp-content\/uploads\/2025\/09\/27\/pozor-los-300x222.jpeg\" alt=\"\" width=\"300\" height=\"222\" srcset=\"https:\/\/zakrasnejsivimperk.cz\/wp-content\/uploads\/2025\/09\/27\/pozor-los-300x222.jpeg 300w, https:\/\/zakrasnejsivimperk.cz\/wp-content\/uploads\/2025\/09\/27\/pozor-los-768x567.jpeg 768w, https:\/\/zakrasnejsivimperk.cz\/wp-content\/uploads\/2025\/09\/27\/pozor-los-483x357.jpeg 483w, https:\/\/zakrasnejsivimperk.cz\/wp-content\/uploads\/2025\/09\/27\/pozor-los-654x483.jpeg 654w, https:\/\/zakrasnejsivimperk.cz\/wp-content\/uploads\/2025\/09\/27\/pozor-los.jpeg 781w\" sizes=\"(max-width: 300px) 100vw, 300px\" \/>\u201eLosi reaguj\u00ed na setk\u00e1n\u00ed s automobilem na vozovce jinak, ne\u017e v\u011bt\u0161ina ostatn\u00edch lesn\u00edch zv\u00ed\u0159at. Nesna\u017e\u00ed se co nejrychleji ut\u00e9ct ze silnice. Naopak ztuhnou a z\u016fstanou st\u00e1t na m\u00edst\u011b na sv\u00fdch vysok\u00fdch noh\u00e1ch. V p\u0159\u00edrod\u011b se tak br\u00e1n\u00ed napaden\u00ed \u0161elmami. P\u0159i setk\u00e1n\u00ed s jedouc\u00edm automobilem v\u0161ak tato strategie selh\u00e1v\u00e1 a p\u0159edstavuje smrteln\u00e9 ohro\u017een\u00ed pro losa i pro os\u00e1dku automobilu,\u201c<\/em> upozor\u0148uje Dalibor Dost\u00e1l, \u0159editel ochran\u00e1\u0159sk\u00e9 spole\u010dnosti \u010cesk\u00e1 krajina, kter\u00e1 se ve spolupr\u00e1ce s v\u011bdci v\u011bnuje z\u00e1chran\u011b \u010desk\u00e9 populace losa evropsk\u00e9ho.<\/p>\n<p>Los m\u016f\u017ee v\u00e1\u017eit a\u017e p\u011bt set kilogram\u016f. P\u0159i sv\u00e9 v\u00fd\u0161ce se obvykle sk\u00e1c\u00ed p\u0159edn\u00edm sklem do kabiny vozu a n\u00e1sledky podobn\u00fdch nehod b\u00fdvaj\u00ed \u010dasto fat\u00e1ln\u00ed. Pr\u00e1v\u011b kv\u016fli vysok\u00e9m po\u010dtu nehod na silnic\u00edch s v\u00e1\u017en\u00fdmi n\u00e1sledky b\u00fdvaj\u00ed v n\u011bkter\u00fdch \u010d\u00e1stech sv\u011bta losi pova\u017eov\u00e1ni za nebezpe\u010dn\u011bj\u0161\u00ed zv\u00ed\u0159e, ne\u017e nap\u0159\u00edklad medv\u011bdi.<\/p>\n<p>Zna\u010dka \u201ePozor los!\u201c je obvykl\u00e1 ve \u0160v\u00e9dsku, Norsku, Finsku nebo Kanad\u011b, \u0159idi\u010di se sn\u00ed setkat se s n\u00ed mohou setkat tak\u00e9 v Polsku. V \u010cesku jej\u00ed zaveden\u00ed navrhli ochr\u00e1nci p\u0159\u00edrody ve spolupr\u00e1ci s v\u011bdci ji\u017e v roce 2015. Ministerstvo dopravy ji v\u0161ak neschv\u00e1lilo. Od t\u00e9 doby na \u010desk\u00fdch silnic\u00edch zahynulo n\u011bkolik dal\u0161\u00edch los\u016f. Pr\u00e1v\u011b proto nyn\u00ed vznikla petice\u00a0<strong><a href=\"https:\/\/go.sparkpostmail2.com\/f\/a\/3veOmx6hsElhxC1J0YUvrw~~\/AAA-fBA~\/Dub8bDjpvVdliUiVxDfthM0082sh2L6HzQbU_LavQ0QiOYcWk_i-wQHKd70v-geDWrJ4rx4FtS3nppoFuBTgkPBpGAt3ZGAIOtsGFW8sgSO87KTNGnqMud2s0Q25BMjYGV1svyCM1JrmFuj8Rfh0a1L2a0fLFGcHIFLl3DEJiU4627syyT_udJ5o9s4BbHLLyj7lDai5rEziACJTa3NKjA~~\" target=\"_blank\" rel=\"noopener\">bezpeciproemila.cz<\/a><\/strong>\u00a0, kter\u00fd by m\u011bla zajistit bezpe\u010d\u00ed nejen pro tuto los\u00ed celebritu, ale i pro dal\u0161\u00ed, bezejmenn\u00e9 losy \u017eij\u00edc\u00ed v \u010cesku.<\/p>\n<p>Los evropsk\u00fd je nejv\u011bt\u0161\u00ed jelenovit\u00fd savec \u017eij\u00edc\u00ed na \u010desk\u00e9m \u00fazem\u00ed. Dosp\u011bl\u00fd samec v\u00e1\u017e\u00ed p\u0159ibli\u017en\u011b \u00a0220 a\u017e 450 kilogram\u016f, d\u00e9lka jeho t\u011bla je 2 a\u017e 3 metry. Dosahuje v\u00fd\u0161ky v kohoutku 180 a\u017e 235 centimetr\u016f. Losi se mnohdy pohybuj\u00ed na podm\u00e1\u010den\u00fdch a ba\u017einat\u00fdch p\u016fd\u00e1ch. Dob\u0159e plavou, jejich paro\u017e\u00ed dosahuje hmotnosti a\u017e 20 kilogram\u016f. I kdy\u017e je pro losy typick\u00e9 lopatovit\u00e9 paro\u017e\u00ed, los\u00ed b\u00fdci v \u010desk\u00e9 populaci maj\u00ed nej\u010dast\u011bji paro\u017e\u00ed bidlovit\u00e9ho typu.<\/p>\n<p>Losi byli na \u00fazem\u00ed dne\u0161n\u00ed \u010cesk\u00e9 republiky vyhubeni mezi 12. a 15. stolet\u00edm. N\u011bkte\u0159\u00ed auto\u0159i ale uv\u00e1d\u011bj\u00ed jako rok uloven\u00ed posledn\u00edho losa na na\u0161em \u00fazem\u00ed letopo\u010det 1570. D\u016fvodem vyhlazen\u00ed \u010desk\u00e9 populace los\u016f byly v historick\u00fdch dob\u00e1ch hlavn\u011b nadm\u011brn\u00fd lov, ale i dal\u0161\u00ed zm\u011bny zp\u016fsoben\u00e9 \u010dlov\u011bkem v krajin\u011b, jako zm\u011bny vegetace \u010di fragmentace prost\u0159ed\u00ed. Dal\u0161\u00ed p\u0159\u00ed\u010dinou byly i zm\u011bny klimatu.<\/p>\n<p>Ve druh\u00e9 polovin\u011b 20. stolet\u00ed se v\u0161ak losi za\u010dali do \u010desk\u00fdch les\u016f vracet. V roce 1957 byl zaznamen\u00e1n v\u00fdskyt prvn\u00edho losa v okol\u00ed \u00dast\u00ed nad Labem, kr\u00e1tce na to byl neopr\u00e1vn\u011bn\u011b uloven na Teplicku. Do 80. let minul\u00e9ho stolet\u00ed se k n\u00e1m losi \u0161\u00ed\u0159ili ve t\u0159ech migra\u010dn\u00edch vln\u00e1ch. Jejich populace dos\u00e1hla v roce 1980 podle tehdej\u0161\u00edch odhad\u016f 30 a\u017e 50 kus\u016f. \u00a0 Od 90. let za\u010dalo los\u016f ub\u00fdvat. Nejd\u0159\u00edve vyhynuly t\u0159i men\u0161\u00ed populace na Bechy\u0148sku, T\u00e1borsku a Nymbursku, v posledn\u00edch letech bohu\u017eel s nejv\u011bt\u0161\u00ed pravd\u011bpodobnost\u00ed vyhynula i d\u0159\u00edve nejv\u011bt\u0161\u00ed populace na T\u0159ebo\u0148sku, kde se v roce 1973 narodilo prvn\u00ed novodob\u00e9 los\u00ed ml\u00e1d\u011b v \u010cesku.<\/p>\n<p>I kdy\u017e letos \u010desk\u00e1 ve\u0159ejnost zaznamenala dva migruj\u00edc\u00ed losi, krom\u011b Emila i mlad\u00e9ho samce Luk\u00e1\u0161e na Kr\u00e1lov\u00e9hradecku, v posledn\u00edch letech migrace los\u016f z Polska sp\u00ed\u0161e ust\u00e1v\u00e1. A to kv\u016fli dostavb\u011b d\u00e1lnice Berl\u00edn-Lvov a dal\u0161\u00edch d\u00e1lnic, kter\u00e9 fragmentuj\u00ed migra\u010dn\u00ed trasy los\u016f. Podobn\u011b jako v \u010cesku, tak\u00e9 v Polsku na vhodn\u00fdch m\u00edstech \u010dasto chyb\u00ed pot\u0159ebn\u00e9 ekodukty, tedy bezpe\u010dn\u00e9 p\u0159echody pro zv\u00ed\u0159ata.<\/p>\n<p>&nbsp;<\/p>\n<p><strong>Vybran\u00e9 st\u0159ety los\u016f na silnic\u00edch a \u017eeleznici v \u010cesk\u00e9 republice:<\/strong><\/p>\n<p>1) Po\u010d\u00e1tkem srpna 1974 byly pozorov\u00e1ny v B\u0159e\u017eanech u Prahy dv\u011b losice. Jedna z nich byla 3. ledna 1975 sra\u017eena vlakem.<\/p>\n<p>2) Sr\u00e1\u017eka s losic\u00ed, 9. ledna 1985 v \u00faseku J. Hradec \u2013 Jaro\u0161ov, sra\u017eena losice, kter\u00e1 p\u0159e\u017eila a byla p\u0159em\u00edst\u011bna do ohrady, kde se zotavila a byla pu\u0161t\u011bna zp\u011bt do voln\u00e9 p\u0159\u00edrody.<\/p>\n<p>3) Sr\u00e1\u017eka s losem, 28. z\u00e1\u0159\u00ed 1993 v t\u011bsn\u00e9 bl\u00edzkosti Vesel\u00ed nad Lu\u017enic\u00ed ve sm\u011bru na \u010cesk\u00e9 Bud\u011bjovice, los nep\u0159e\u017eil.<\/p>\n<p>4) Sr\u00e1\u017eka s losem v rann\u00edch hodin\u00e1ch, 16. z\u00e1\u0159\u00ed 2003 u P\u0159edn\u00ed V\u00fdton\u011b, los nep\u0159e\u017eil, vypreparov\u00e1n a vystaven v NP \u0160umava na LS \u010cesk\u00e9 \u017dleby.<\/p>\n<p>5) Sr\u00e1\u017eka s losic\u00ed, 8. dubna 2009 p\u0159ed 22hod. u Hodkovic nad Mohelkou, losice nep\u0159e\u017eila.<\/p>\n<p>6) Sr\u00e1\u017eka s losic\u00ed, 29. z\u00e1\u0159\u00ed 2009 v noci u \u010cesk\u00fdch Velenic, losice nep\u0159e\u017eila.<\/p>\n<p>7) St\u0159et losa s vlakem 15. dubna 2015 mezi 04.00 \u2013 05.00 hod byl sra\u017een vlakem na trati \u010cesk\u00e9 Velenice- \u010cesk\u00e9 Bud\u011bjovice, mlad\u00fd samec, st\u00e1\u0159\u00ed 2-3 roky.<\/p>\n<p>8) Dne 17. b\u0159ezna 2017 kolem \u0161est\u00e9 hodiny rann\u00ed srazila \u0159idi\u010dka los\u00ed samici u Lipna, zv\u00ed\u0159e st\u0159et nep\u0159e\u017eilo<\/p>\n<p>9) Dne 18. \u010dervna 2017 zahynula p\u0159i p\u0159ech\u00e1zen\u00ed silnice p\u0159i sr\u00e1\u017ece s autem los\u00ed samice u obce Stud\u00e1nky na \u010ceskokrumlovsku nedaleko hranic s Rakouskem<\/p>\n<p>10) Dne 17.9.2018 srazila dod\u00e1vka mlad\u00e9ho losa o v\u00e1ze odhadem p\u0159es 350 kilogram\u016fl, zv\u00ed\u0159e \u00a0uhynulo.<\/p>\n<p>11) 20. srpna 2021 srazilo auto v Ostrav\u011b-Bartovic\u00edch los\u00ed samici. Nehoda se stala asi 500 metr\u016f od m\u00edsta, kde se stejn\u00e1 nehoda stala i v roce 2018.<\/p>\n<p>&nbsp;<\/p>\n<p>Na podporu projekt\u016f ochrany p\u0159\u00edrody m\u016f\u017ee ve\u0159ejnost p\u0159isp\u011bt prost\u0159ednictv\u00edm port\u00e1lu\u00a0<strong><a href=\"https:\/\/go.sparkpostmail2.com\/f\/a\/DxcG4VWL7e9hM6S598LlmA~~\/AAA-fBA~\/69zpAUShqUNcimL23dvupa11Uxq_dAad-QtqND-oMcH1yH4K0bpX36gwimP8Ma7HPLQASIzJpzfZAUYisv9ms-orLB2WWuL1UCxBaGdMbpin-wPmO3jwIikV1WPeHUSc\" target=\"_blank\" rel=\"noopener\">pomahamekrajine.cz<\/a>\u00a0<\/strong>.<\/p>\n<ul>\n<li><strong>Ochran\u00e1\u0159sk\u00e1 organizace \u010cesk\u00e1 krajina<\/strong> na projektech spojen\u00fdch s ochranou p\u0159\u00edrody spolupracuje s experty z Biologick\u00e9ho centra Akademie v\u011bd \u010cesk\u00e9 republiky, Jiho\u010desk\u00e9 univerzity v \u010cesk\u00fdch Bud\u011bjovic\u00edch, Univerzity Karlovy v Praze, \u00dastavu biologie obratlovc\u016f Akademie v\u011bd \u010cesk\u00e9 republiky, Botanick\u00e9 zahrady hlavn\u00edho m\u011bsta Prahy, Zoo Liberec, \u010cesk\u00e9 zem\u011bd\u011blsk\u00e9 univerzity v Praze, Mendelovy univerzity v Brn\u011b, Masarykovy univerzity v Brn\u011b a dal\u0161\u00edch odborn\u00fdch instituc\u00ed.<\/li>\n<\/ul>\n<p>&nbsp;<\/p>\n<ul>\n<li><strong>Projekty n\u00e1vratu a ochrany velk\u00fdch kopytn\u00edk\u016f<\/strong> podporuje Akademie v\u011bd \u010cR v r\u00e1mci programu Strategie AV 21, Z\u00e1chrana a obnova krajiny, d\u00e1le spole\u010dnosti Nadace PPF, Nadace Kooperativa, Nadace Qminers, Nadace Benetheo, E.ON, JRD, CTP, Nadace O, Nada\u010dn\u00ed fond rodiny Mal\u00fdch, Accace, Nadace Tipsport, \u010cEPS, Carborundum Electrite, Amanita Design, DARR\u00c9, Linde, Semix, ProfiG2, Bird &amp; Bird, Hornbach, Printwell, Delta Light Czech, LaNiche, Payton Legal, Projan Service, B\u0159\u00edza &amp; Truba\u010d, advok\u00e1tn\u00ed kancel\u00e1\u0159, Vertue, Beire, Pro \u017eivou zahradu, JK Jitka Kudl\u00e1\u010dkov\u00e1, Nadace \u010cEZ, Megabooks CZ, Net4Gas, Pivovar Zubr, Cestovn\u00ed kancel\u00e1\u0159 Periscope Skandin\u00e1vie, Abrasiv, Hotelov\u00e1 \u0161kola Pod\u011bbrady, Opera\u010dn\u00ed program \u017divotn\u00ed prost\u0159ed\u00ed, St\u00e1tn\u00ed fond \u017eivotn\u00edho prost\u0159ed\u00ed, Agentura ochrany p\u0159\u00edrody a krajiny \u010cesk\u00e9 republiky, St\u0159edo\u010desk\u00fd kraj, Jihomoravsk\u00fd kraj, M\u011bsto Milovice, M\u011bsto Ben\u00e1tky nad Jizerou, American International school ve V\u00eddni, milovick\u00e1 Mate\u0159sk\u00e1 \u0161kola Kosti\u010dka, sdru\u017een\u00ed P\u0159\u00e1tel\u00e9 a rod\u00e1ci Milovic i ve\u0159ejnost.<\/li>\n<\/ul>\n<p>&nbsp;<\/p>\n<p><strong>\u010cESK\u00c1 KRAJINA<\/strong><\/p>\n<hr \/>\n<p>&nbsp;<\/p>\n<h4>Informovali jsme:<\/h4>\n<h6 class=\"entry-title\"><a href=\"https:\/\/zakrasnejsivimperk.cz\/?p=357655\" target=\"_blank\" rel=\"noopener\">AKTUALITY: Pro\u010d los Emil bloudil Evropou? V \u010cesku chyb\u00ed funk\u010dn\u00ed biokoridor pro velk\u00e9 savce<\/a><\/h6>\n<h6 class=\"entry-title\"><a href=\"https:\/\/zakrasnejsivimperk.cz\/?p=357371\" target=\"_blank\" rel=\"noopener\">\u010cESK\u00c1 REPUBLIKA: Nov\u00e9 technologie pom\u00e1haj\u00ed v\u011bdc\u016fm s v\u00fdzkumem pt\u00e1k\u016f v milovick\u00e9 rezervaci<\/a><\/h6>\n<h6 class=\"entry-title\"><a href=\"https:\/\/zakrasnejsivimperk.cz\/?p=355865\" target=\"_blank\" rel=\"noopener\">\u010cESK\u00c1 REPUBLIKA: P\u0159edvedli \u00fa\u010dinnou metodu likvidace invazn\u00edch d\u0159evin<\/a><\/h6>\n<h6 class=\"entry-title\"><a href=\"https:\/\/zakrasnejsivimperk.cz\/?p=355797\" target=\"_blank\" rel=\"noopener\">\u010cESK\u00c1 REPUBLIKA: Vr\u00e1tili p\u0159\u00edrod\u011b plochy, kde se rozr\u016fstal cel\u00edk kanadsk\u00fd<\/a><\/h6>\n<h6 class=\"entry-title\"><a href=\"https:\/\/zakrasnejsivimperk.cz\/?p=353714\" target=\"_blank\" rel=\"noopener\">\u010cESK\u00c1 REPUBLIKA: Speci\u00e1ln\u00ed kolekce lo\u017en\u00edho pr\u00e1dla zachycuje rozkvetl\u00e9 louky a tak\u00e9 vz\u00e1cn\u00e9 pt\u00e1ky<\/a><\/h6>\n<h6 class=\"entry-title\"><a href=\"https:\/\/zakrasnejsivimperk.cz\/?p=352091\" target=\"_blank\" rel=\"noopener\">\u010cESK\u00c1 REPUBLIKA: Pastva ovc\u00ed ni\u010d\u00ed p\u0159\u00edrodn\u011b cenn\u00e9 lokality, uv\u00e1d\u00ed unik\u00e1tn\u00ed kniha<\/a><\/h6>\n<h6 class=\"entry-title\"><a href=\"https:\/\/zakrasnejsivimperk.cz\/?p=351459\" target=\"_blank\" rel=\"noopener\">\u010cESK\u00c1 REPUBLIKA: Nebezpe\u010dn\u00e1 kl\u00ed\u0161\u0165ata. Velc\u00ed kopytn\u00edci jejich po\u010dty sni\u017euj\u00ed o t\u0159i \u010dtvrtiny, uk\u00e1zal v\u00fdzkum<\/a><\/h6>\n<h6 class=\"entry-title\"><a href=\"https:\/\/zakrasnejsivimperk.cz\/?p=347737\" target=\"_blank\" rel=\"noopener\">\u010cESK\u00c1 REPUBLIKA: Vych\u00e1z\u00ed v\u00fdjime\u010dn\u00e1 kniha o divo\u010din\u011b, chytne \u010dten\u00e1\u0159e za srdce<\/a><\/h6>\n<h6 class=\"entry-title\"><a href=\"https:\/\/zakrasnejsivimperk.cz\/?p=346946\" target=\"_blank\" rel=\"noopener\">\u010cESK\u00c1 REPUBLIKA: O p\u0159\u00edze\u0148 klisen divok\u00fdch kon\u00ed poprv\u00e9 bojuj\u00ed dva h\u0159ebci<\/a><\/h6>\n<h6 class=\"entry-title\"><a href=\"https:\/\/zakrasnejsivimperk.cz\/?p=345283\" target=\"_blank\" rel=\"noopener\">ZE SV\u011aTA: Ve \u0160pan\u011blsku vypustili st\u00e1do \u0161esti samic \u010desk\u00fdch zubr\u016f. Jde o p\u0159elom, oce\u0148uje odborn\u00edk<\/a><\/h6>\n<h6 class=\"entry-title\"><a href=\"https:\/\/zakrasnejsivimperk.cz\/?p=345239\" target=\"_blank\" rel=\"noopener\">\u010cESK\u00c1 REPUBLIKA: \u0160est samic zubr\u016f z milovick\u00e9 rezervace a dal\u0161\u00edch m\u00edst odjelo na sever \u0160pan\u011blska<\/a><\/h6>\n<h6 class=\"entry-title\"><a href=\"https:\/\/zakrasnejsivimperk.cz\/?p=343596\" target=\"_blank\" rel=\"noopener\">\u010cESK\u00c1 REPUBLIKA: D\u011bti namalovaly obr\u00e1zky pro politiky, soudce, z\u00e1stupce nadac\u00ed i podnikatele<\/a><\/h6>\n<h6 class=\"entry-title\"><a href=\"https:\/\/zakrasnejsivimperk.cz\/?p=341802\" target=\"_blank\" rel=\"noopener\">\u010cESK\u00c1 REPUBLIKA: Zub\u0159\u00ed samice zv\u00fd\u0161\u00ed genetickou pestrost milovick\u00e9ho st\u00e1da<\/a><\/h6>\n<h6 class=\"entry-title\"><a href=\"https:\/\/zakrasnejsivimperk.cz\/?p=340500\" target=\"_blank\" rel=\"noopener\">\u010cESK\u00c1 REPUBLIKA: Samice pratura z Milovic zalo\u017e\u00ed v B\u00edl\u00fdch Karpatech nov\u00fd chov<\/a><\/h6>\n<h6 class=\"entry-title\"><a href=\"https:\/\/zakrasnejsivimperk.cz\/?p=340064\" target=\"_blank\" rel=\"noopener\">\u010cESK\u00c1 REPUBLIKA: Zub\u0159i se v \u010cesku zvedaj\u00ed ze dna. Jejich populace se zv\u011bt\u0161ila<\/a><\/h6>\n<h6 class=\"entry-title\"><a href=\"https:\/\/zakrasnejsivimperk.cz\/?p=339402\" target=\"_blank\" rel=\"noopener\">\u010cESK\u00c1 REPUBLIKA: Pap\u00edrna vytvo\u0159ila se\u0161it z trusu divok\u00fdch kon\u00ed z rezervace<\/a><\/h6>\n<h6 class=\"entry-title\"><a href=\"https:\/\/zakrasnejsivimperk.cz\/?p=338976\" target=\"_blank\" rel=\"noopener\">\u010cESK\u00c1 REPUBLIKA: V nov\u00e9 sezon\u011b l\u00e1kaj\u00ed n\u00e1v\u0161t\u011bvn\u00edky do milovick\u00e9 rezervace turistick\u00e9 zn\u00e1mky a raz\u00edtka<\/a><\/h6>\n<h6 class=\"entry-title\"><a href=\"https:\/\/zakrasnejsivimperk.cz\/?p=338174\" target=\"_blank\" rel=\"noopener\">\u010cESK\u00c1 REPUBLIKA: K des\u00e1t\u00e9mu v\u00fdro\u010d\u00ed milovick\u00e9 rezervace vych\u00e1z\u00ed s\u00e9rie deseti nov\u00fdch pohlednic<\/a><\/h6>\n<h6 class=\"entry-title\"><a href=\"https:\/\/zakrasnejsivimperk.cz\/?p=337027\" target=\"_blank\" rel=\"noopener\">\u010cESK\u00c1 REPUBLIKA: Pratu\u0159\u00ed poh\u00e1dky. P\u0159\u00edb\u011bh milovick\u00e9 rezervace v knize pro d\u011bti<\/a><\/h6>\n<h6 class=\"entry-title\"><a href=\"https:\/\/zakrasnejsivimperk.cz\/?p=337022\" target=\"_blank\" rel=\"noopener\">\u010cESK\u00c1 REPUBLIKA: Prvn\u00edm ml\u00e1d\u011btem roku v milovick\u00e9 rezervaci je letos pratur<\/a><\/h6>\n<h6 class=\"entry-title\"><a href=\"https:\/\/zakrasnejsivimperk.cz\/?p=336111\" target=\"_blank\" rel=\"noopener\">\u010cESK\u00c1 REPUBLIKA: Deset let existence milovick\u00e9 rezervace velk\u00fdch kopytn\u00edk\u016f<\/a><\/h6>\n<h6 class=\"entry-title\"><a href=\"https:\/\/zakrasnejsivimperk.cz\/?p=335065\" target=\"_blank\" rel=\"noopener\">\u010cESK\u00c1 REPUBLIKA: Dva mlad\u00ed pratu\u0159i roz\u0161\u00ed\u0159ili st\u00e1do velk\u00fdch kopytn\u00edk\u016f v Krnov\u011b<\/a><\/h6>\n<h6 class=\"entry-title\"><a href=\"https:\/\/zakrasnejsivimperk.cz\/?p=333981\" target=\"_blank\" rel=\"noopener\">\u010cESK\u00c1 REPUBLIKA: Milovick\u00e1 rezervace z\u00edskala t\u0159i nejv\u00fdznamn\u011bj\u0161\u00ed ekologick\u00e9 ceny v \u010cesku<\/a><\/h6>\n<h6 class=\"entry-title\"><a href=\"https:\/\/zakrasnejsivimperk.cz\/?p=331904\" target=\"_blank\" rel=\"noopener\">\u010cESK\u00c1 REPUBLIKA: Pod v\u00e1no\u010dn\u00ed strome\u010dek m\u00ed\u0159\u00ed zub\u0159i z milovick\u00e9 rezervace<\/a><\/h6>\n<h6 class=\"entry-title\"><a href=\"https:\/\/zakrasnejsivimperk.cz\/?p=329763\" target=\"_blank\" rel=\"noopener\">\u010cESK\u00c1 REPUBLIKA: Ochr\u00e1nci p\u0159\u00edrody pou\u017e\u00edvaj\u00ed v rezervaci velk\u00fdch kopytn\u00edk\u016f ter\u00e9nn\u00ed elektromobil<\/a><\/h6>\n<h6 class=\"entry-title\"><a href=\"https:\/\/zakrasnejsivimperk.cz\/?p=329446\" target=\"_blank\" rel=\"noopener\">\u010cESK\u00c1 REPUBLIKA: Milovick\u00e1 rezervace chce b\u00fdt bezemisn\u00ed, p\u0159ech\u00e1z\u00ed na bateriovou techniku<\/a><\/h6>\n<h6 class=\"entry-title\"><a href=\"https:\/\/zakrasnejsivimperk.cz\/?p=328862\" target=\"_blank\" rel=\"noopener\">\u010cESK\u00c1 REPUBLIKA: Za\u010dala hlavn\u00ed f\u00e1ze gener\u00e1ln\u00ed opravy nejstar\u0161\u00edho napajedla v rezervaci velk\u00fdch kopytn\u00edk\u016f<\/a><\/h6>\n<h6 class=\"entry-title\"><a href=\"https:\/\/zakrasnejsivimperk.cz\/?p=326803\" target=\"_blank\" rel=\"noopener\">\u010cESK\u00c1 REPUBLIKA: Dobrovoln\u00edci odstra\u0148ovali invazn\u00ed cel\u00edky kanadsk\u00e9 v milovick\u00e9 rezervaci<\/a><\/h6>\n<h6 class=\"entry-title\"><a href=\"https:\/\/zakrasnejsivimperk.cz\/?p=326442\" target=\"_blank\" rel=\"noopener\">\u010cESK\u00c1 REPUBLIKA: Milovick\u00e1 rezervace velk\u00fdch kopytn\u00edk\u016f se p\u0159edstavila na mezin\u00e1rodn\u00ed konferenci<\/a><\/h6>\n<h6 class=\"entry-title\"><a href=\"https:\/\/zakrasnejsivimperk.cz\/?p=322273\" target=\"_blank\" rel=\"noopener\">JI\u017dN\u00cd \u010cECHY: Povode\u0148 zaplavila rezervaci divok\u00fdch kon\u00ed na b\u0159ez\u00edch Lu\u017enice. Na z\u00e1chranu vyhl\u00e1sili sb\u00edrku<\/a><\/h6>\n<h6 class=\"entry-title\"><a href=\"https:\/\/zakrasnejsivimperk.cz\/?p=321106\" target=\"_blank\" rel=\"noopener\">\u010cESK\u00c1 REPUBLIKA: Milovick\u00e1 rezervace se p\u0159edstavila na sv\u011btov\u00e9m kongresu o divo\u010din\u011b<\/a><\/h6>\n<h6><a href=\"https:\/\/zakrasnejsivimperk.cz\/?p=320858\" target=\"_blank\" rel=\"noopener\">\u010cESK\u00c1 REPUBLIKA: Rezervaci velk\u00fdch kopytn\u00edk\u016f nav\u0161t\u00edvili \u00fa\u010dastn\u00edci mezin\u00e1rodn\u00ed konference<\/a><\/h6>\n<h6><a href=\"https:\/\/zakrasnejsivimperk.cz\/?p=319867\" target=\"_blank\" rel=\"noopener\">\u010cESK\u00c1 REPUBLIKA: Cenu E.ON Energy Globe z\u00edskala rezervace velk\u00fdch kopytn\u00edk\u016f<\/a><\/h6>\n<h6><a href=\"https:\/\/zakrasnejsivimperk.cz\/?p=319585\" target=\"_blank\" rel=\"noopener\">\u010cESK\u00c1 REPUBLIKA: Host\u00e9 z Nadace Via v milovick\u00e9 rezervaci velk\u00fdch kopytn\u00edk\u016f<\/a><\/h6>\n<h6><a href=\"https:\/\/zakrasnejsivimperk.cz\/?p=318023\" target=\"_blank\" rel=\"noopener\">\u010cESK\u00c1 REPUBLIKA: Divok\u00e9 kon\u011b u Milovic \u010dek\u00e1 oprava napajedla za stovky tis\u00edc<\/a><\/h6>\n<h6><a href=\"https:\/\/zakrasnejsivimperk.cz\/?p=317396\" target=\"_blank\" rel=\"noopener\">\u010cESK\u00c1 REPUBLIKA: Invazn\u00ed cel\u00edky v milovick\u00e9 rezervaci odstra\u0148ovali studenti \u010cesk\u00e9 zem\u011bd\u011blsk\u00e9 univerzity<\/a><\/h6>\n<h6><a href=\"https:\/\/zakrasnejsivimperk.cz\/?p=316340\" target=\"_blank\" rel=\"noopener\">\u010cESK\u00c1 REPUBLIKA: Ochr\u00e1nci p\u0159\u00edrody odstra\u0148uj\u00ed nebezpe\u010dn\u00e9 ak\u00e1ty na stovk\u00e1ch hektar\u016f rezervace<\/a><\/h6>\n<h6><a href=\"https:\/\/zakrasnejsivimperk.cz\/?p=315954\" target=\"_blank\" rel=\"noopener\">\u010cESK\u00c1 REPUBLIKA: Za\u010d\u00edn\u00e1 spolupr\u00e1ce milovick\u00e9 rezervace s d\u00e1nskou agenturou ochrany p\u0159\u00edrody<\/a><\/h6>\n<h6><a href=\"https:\/\/zakrasnejsivimperk.cz\/?p=313441\" target=\"_blank\" rel=\"noopener\">\u010cESK\u00c1 REPUBLIKA: Toto jsou pohledy, kter\u00e9 se staly sou\u010d\u00e1st\u00ed nejv\u011bt\u0161\u00ed sb\u00edrky pohlednic v \u010cesk\u00e9 republice<\/a><\/h6>\n<h6><a href=\"https:\/\/zakrasnejsivimperk.cz\/?p=313125\" target=\"_blank\" rel=\"noopener\">\u010cESK\u00c1 REPUBLIKA: Velc\u00ed kopytn\u00edci pom\u00e1haj\u00ed obnovovat krajinu v p\u0159\u00edrodn\u011b cenn\u00fdch lokalit\u00e1ch<\/a><\/h6>\n<h6><a href=\"https:\/\/zakrasnejsivimperk.cz\/?p=313070\" target=\"_blank\" rel=\"noopener\">\u010cESK\u00c1 REPUBLIKA: Z\u00e1plava kv\u011bt\u016f l\u00e1k\u00e1 do milovick\u00e9 rezervace velk\u00fdch kopytn\u00edk\u016f<\/a><\/h6>\n<h6><a href=\"https:\/\/zakrasnejsivimperk.cz\/?p=312699\" target=\"_blank\" rel=\"noopener\">JI\u017dN\u00cd \u010cECHY: Pratury vysvobozen\u00e9 z karant\u00e9ny v Holandsku vypustili v Novohradsk\u00fdch hor\u00e1ch<\/a><\/h6>\n<h6><a href=\"https:\/\/zakrasnejsivimperk.cz\/?p=311845\" target=\"_blank\" rel=\"noopener\">JI\u017dN\u00cd \u010cECHY: Ochr\u00e1nci zv\u00ed\u0159at dovezli \u010dty\u0159i klisny. St\u00e1do je tak kompletn\u00ed<\/a><\/h6>\n<h6><a href=\"https:\/\/zakrasnejsivimperk.cz\/?p=310389\" target=\"_blank\" rel=\"noopener\">\u010cESK\u00c1 REPUBLIKA: Cenu sympatie v sout\u011b\u017ei E.ON Energy Globe z\u00edskala rezervace velk\u00fdch kopytn\u00edk\u016f<\/a><\/h6>\n<h6><a href=\"https:\/\/zakrasnejsivimperk.cz\/?p=310713\" target=\"_blank\" rel=\"noopener\">\u010cESK\u00c1 REPUBLIKA: Brig\u00e1da. Dobrovoln\u00edci ukl\u00edzeli turistickou stezku u rezervace velk\u00fdch kopytn\u00edk\u016f<\/a><\/h6>\n<h6><a href=\"https:\/\/zakrasnejsivimperk.cz\/?p=308792\" target=\"_blank\" rel=\"noopener\">JI\u017dN\u00cd \u010cECHY: Divoc\u00ed kon\u011b v Novohradsk\u00fdch hor\u00e1ch. Dal\u0161\u00ed je budou n\u00e1sledovat<\/a><\/h6>\n<h6><a href=\"https:\/\/zakrasnejsivimperk.cz\/?p=307745\" target=\"_blank\" rel=\"noopener\">\u010cESK\u00c1 REPUBLIKA: Dobrovoln\u00edci odstranili cel\u00e9 ohnisko invazn\u00ed lupiny v rezervaci velk\u00fdch kopytn\u00edk\u016f<\/a><\/h6>\n<h6><a href=\"https:\/\/zakrasnejsivimperk.cz\/?p=305429\" target=\"_blank\" rel=\"noopener\">\u010cESK\u00c1 REPUBLIKA: Dobrovoln\u00edci dnes likviduj\u00ed invazn\u00ed lupinu v milovick\u00e9 rezervaci velk\u00fdch kopytn\u00edk\u016f<\/a><\/h6>\n<h6><a href=\"https:\/\/zakrasnejsivimperk.cz\/?p=308432\" target=\"_blank\" rel=\"noopener\">JI\u017dN\u00cd \u010cECHY: Nov\u00e1 st\u00e1da velk\u00fdch kopytn\u00edk\u016f ve dvou jiho\u010desk\u00fdch rezervac\u00edch<\/a><\/h6>\n<h6><a href=\"https:\/\/zakrasnejsivimperk.cz\/?p=304715\" target=\"_blank\" rel=\"noopener\">\u010cESK\u00c1 REPUBLIKA: D\u011bti vybraly jm\u00e9na pro dvojici pratur\u016f v n\u00e1rodn\u00edm parku<\/a><\/h6>\n<h6><a href=\"https:\/\/zakrasnejsivimperk.cz\/?p=299701\" target=\"_blank\" rel=\"noopener\">JI\u017dN\u00cd \u010cECHY: Vznik\u00e1 nov\u00fd chov zubr\u016f. Zv\u00ed\u0159ata jsou sou\u010d\u00e1st\u00ed v\u00fdm\u011bny, do kter\u00e9 jsou zapojeny \u010dty\u0159i kraje<\/a><\/h6>\n<h6><a href=\"https:\/\/zakrasnejsivimperk.cz\/?p=298753\" target=\"_blank\" rel=\"noopener\">\u010cESK\u00c1 REPUBLIKA: Velk\u00e1 v\u00fdm\u011bna pom\u016f\u017ee zv\u00fd\u0161it genetickou pestrost chov\u016f<\/a><\/h6>\n<hr \/>\n<p>&nbsp;<\/p>\n","protected":false},"excerpt":{"rendered":"<p>&nbsp; Stovky <\/p>\n","protected":false},"author":2,"featured_media":357670,"comment_status":"open","ping_status":"open","sticky":false,"template":"","format":"gallery","meta":{"footnotes":""},"categories":[179],"tags":[],"jetpack_featured_media_url":"https:\/\/zakrasnejsivimperk.cz\/wp-content\/uploads\/2025\/09\/27\/nove-bezpeci.jpg","_links":{"self":[{"href":"https:\/\/zakrasnejsivimperk.cz\/index.php?rest_route=\/wp\/v2\/posts\/357668"}],"collection":[{"href":"https:\/\/zakrasnejsivimperk.cz\/index.php?rest_route=\/wp\/v2\/posts"}],"about":[{"href":"https:\/\/zakrasnejsivimperk.cz\/index.php?rest_route=\/wp\/v2\/types\/post"}],"author":[{"embeddable":true,"href":"https:\/\/zakrasnejsivimperk.cz\/index.php?rest_route=\/wp\/v2\/users\/2"}],"replies":[{"embeddable":true,"href":"https:\/\/zakrasnejsivimperk.cz\/index.php?rest_route=%2Fwp%2Fv2%2Fcomments&post=357668"}],"version-history":[{"count":1,"href":"https:\/\/zakrasnejsivimperk.cz\/index.php?rest_route=\/wp\/v2\/posts\/357668\/revisions"}],"predecessor-version":[{"id":357673,"href":"https:\/\/zakrasnejsivimperk.cz\/index.php?rest_route=\/wp\/v2\/posts\/357668\/revisions\/357673"}],"wp:featuredmedia":[{"embeddable":true,"href":"https:\/\/zakrasnejsivimperk.cz\/index.php?rest_route=\/wp\/v2\/media\/357670"}],"wp:attachment":[{"href":"https:\/\/zakrasnejsivimperk.cz\/index.php?rest_route=%2Fwp%2Fv2%2Fmedia&parent=357668"}],"wp:term":[{"taxonomy":"category","embeddable":true,"href":"https:\/\/zakrasnejsivimperk.cz\/index.php?rest_route=%2Fwp%2Fv2%2Fcategories&post=357668"},{"taxonomy":"post_tag","embeddable":true,"href":"https:\/\/zakrasnejsivimperk.cz\/index.php?rest_route=%2Fwp%2Fv2%2Ftags&post=357668"}],"curies":[{"name":"wp","href":"https:\/\/api.w.org\/{rel}","templated":true}]}}