{"id":357655,"date":"2025-09-27T12:30:00","date_gmt":"2025-09-27T11:30:00","guid":{"rendered":"https:\/\/zakrasnejsivimperk.cz\/?p=357655"},"modified":"2025-09-27T12:30:00","modified_gmt":"2025-09-27T11:30:00","slug":"aktuality-proc-los-emil-bloudil-evropou-v-cesku-chybi-funkcni-biokoridor-pro-velke-savce","status":"publish","type":"post","link":"https:\/\/zakrasnejsivimperk.cz\/?p=357655","title":{"rendered":"AKTUALITY: Pro\u010d los Emil bloudil Evropou? V \u010cesku chyb\u00ed funk\u010dn\u00ed biokoridor pro velk\u00e9 savce"},"content":{"rendered":"<p><img loading=\"lazy\" decoding=\"async\" class=\"aligncenter wp-image-296245 size-full\" src=\"https:\/\/zakrasnejsivimperk.cz\/wp-content\/uploads\/2024\/01\/28\/ceska-krajina-logo.jpg\" alt=\"\" width=\"423\" height=\"115\" srcset=\"https:\/\/zakrasnejsivimperk.cz\/wp-content\/uploads\/2024\/01\/28\/ceska-krajina-logo.jpg 423w, https:\/\/zakrasnejsivimperk.cz\/wp-content\/uploads\/2024\/01\/28\/ceska-krajina-logo-300x82.jpg 300w\" sizes=\"(max-width: 423px) 100vw, 423px\" \/><\/p>\n<p>&nbsp;<\/p>\n<h6>\u010cty\u0159m\u011bs\u00ed\u010dn\u00ed putov\u00e1n\u00ed losa evropsk\u00e9ho n\u011bkolika evropsk\u00fdmi zem\u011bmi skon\u010dilo v minul\u00fdch dnech jeho usp\u00e1n\u00edm u hornorakousk\u00e9 d\u00e1lnice a p\u0159evozem na \u0160umavu. N\u00e1ro\u010dn\u00e1 cesta losa Emila tak v tomto p\u0159\u00edpad\u011b skon\u010dila se \u0161\u0165astn\u00fdm koncem. Podle ochr\u00e1nc\u016f p\u0159\u00edrody se v\u0161ak mohou v budoucnu podobn\u00e9 situace opakovat.<\/h6>\n<p><em>\u201eV \u010cesku chyb\u00ed funk\u010dn\u00ed biokoridor pro velk\u00e9 savce, kter\u00fd by spojoval severov\u00fdchod republiky s jej\u00edm jihoz\u00e1padn\u00edm okrajem. Zjednodu\u0161en\u011b Beskydy se \u0160umavou. \u010cesko le\u017e\u00ed na migra\u010dn\u00ed trase los\u016f z Polska sm\u011brem na jih, ale velk\u00e1 zv\u00ed\u0159ata u n\u00e1s nar\u00e1\u017eej\u00ed na st\u00e1le v\u011bt\u0161\u00ed po\u010det bari\u00e9r,\u201c<\/em> uvedl Dalibor Dost\u00e1l, \u0159editel ochran\u00e1\u0159sk\u00e9 spole\u010dnosti \u010cesk\u00e1 krajina.<\/p>\n<p>Budov\u00e1n\u00ed d\u00e1lnic a \u017eeleznic vytv\u00e1\u0159\u00ed pro losy t\u011b\u017eko p\u0159ekonateln\u00e9 p\u0159ek\u00e1\u017eky. Na nich jsou sice budov\u00e1ny p\u0159echody pro zv\u011b\u0159, takzvan\u00e9 ekodukty, ale v \u010cesk\u00e9 republice je jich zat\u00edm m\u00e1lo a \u010dasto chyb\u00ed na pot\u0159ebn\u00fdch m\u00edstech. <em>\u201eKl\u00ed\u010dov\u00e9 je, aby dostatek ekodukt\u016f vznikl na budovan\u00e9 d\u00e1lnici D35 z Hradce Kr\u00e1lov\u00e9 do Olomouce. Dal\u0161\u00ed p\u0159echody pro zv\u011b\u0159 by byly pot\u0159ebn\u00e9 tak\u00e9 na d\u00e1lnici D1,\u201c<\/em> doplnil Dalibor Dost\u00e1l.<\/p>\n<p>Samotn\u00e9 ekodukty nad silnicemi a \u017eeleznicemi nesta\u010d\u00ed. Biokoridory tvo\u0159\u00ed v\u00fdsadba zelen\u011b, kter\u00e1 zv\u00ed\u0159at\u016fm umo\u017en\u00ed migrovat v zem\u011bd\u011blsk\u00e9 krajin\u011b s rozs\u00e1hl\u00fdmi plochami pol\u00ed. <em>\u201e\u010cesk\u00e1 republika m\u00e1 sice velmi zda\u0159il\u00fd pl\u00e1n biokoridor\u016f, ale jeho realizace v praxi pokulh\u00e1v\u00e1. Nav\u00edc chyb\u00ed p\u0159ehled, kolik biokoridor\u016f je re\u00e1ln\u011b dokon\u010den\u00fdch a na kter\u00fdch je t\u0159eba pracovat,\u201c<\/em> zm\u00ednil Dalibor Dost\u00e1l a nav\u00e1zal: <em>\u201eP\u0159ed n\u011bkolika lety jsme se ve spolupr\u00e1ci s tehdej\u0161\u00edm n\u00e1m\u011bstkem ministra \u017eivotn\u00edho prost\u0159ed\u00ed pokou\u0161eli zjistit, jak\u00fd je re\u00e1ln\u00fd stav biokoridor\u016f v \u010cesku. Ani po n\u011bkolikam\u011bs\u00ed\u010dn\u00edm intenzivn\u00edm p\u00e1tr\u00e1n\u00ed se mu z jeho pozice nepoda\u0159ilo z\u00edskat \u017e\u00e1dn\u00e1 p\u0159esn\u00e1 \u010d\u00edsla ani kvalifikovan\u00e9 odhady. Oblast biokoridor\u016f je toti\u017e rozd\u011blena mezi t\u0159i resorty \u2013 ministerstvo \u017eivotn\u00edho prost\u0159ed\u00ed, ministerstvo pro m\u00edstn\u00ed rozvoj a ministerstvo dopravy \u2013 kde chyb\u00ed koordinace a p\u0159ed\u00e1v\u00e1n\u00ed informac\u00ed. Prvn\u00edm krokem k efektivn\u011bj\u0161\u00edmu a systematick\u00e9mu vytv\u00e1\u0159en\u00ed biokoridor\u016f by proto m\u011blo b\u00fdt sjednocen\u00ed t\u00e9to problematiky pod ministerstvo \u017eivotn\u00edho prost\u0159ed\u00ed.\u201c \u00a0 \u00a0<\/em><\/p>\n<p>Migra\u010dn\u00ed propojen\u00ed pro velk\u00e9 savce ze severov\u00fdchodu na jihoz\u00e1pad nepom\u016f\u017ee jen bloud\u00edc\u00edm zv\u00ed\u0159at\u016fm z Polska. Je z\u00e1sadn\u00ed p\u0159edev\u0161\u00edm pro \u010deskou p\u0159\u00edrodu. \u201e<em>Vytvo\u0159en\u00ed funk\u010dn\u00edho biokoridoru je kl\u00ed\u010dov\u00e9 pro p\u0159e\u017eit\u00ed populace los\u016f na \u0160umav\u011b. Mal\u00e1 populace nen\u00ed dlouhodob\u011b geneticky \u017eivotaschopn\u00e1 a bez ob\u010dasn\u00e9ho p\u0159\u00edchodu nov\u00fdch zv\u00ed\u0159at z Polska by \u010dasem mohla zaniknout. Tak, jak se to v minul\u00fdch letech stalo nap\u0159\u00edklad s malou populac\u00ed los\u016f v Polab\u00ed,\u201c<\/em> uzav\u0159el Dalibor Dost\u00e1l.<\/p>\n<p>Losa Emila poprv\u00e9 pozorovali lid\u00e9 na okraji Ostravy a u nedalek\u00e9 obce Ludge\u0159ovice 2. \u010dervna leto\u0161n\u00edho roku. Str\u00e1\u017en\u00edci ostravsk\u00e9 m\u011bstsk\u00e9 policie ho pak znovu vid\u011bli 19. \u010dervna, jak se brod\u00ed \u0159ekou Opavou. Postupn\u011b migroval na jih, p\u0159e\u0161el na Slovensko a pozd\u011bji do Rakouska. V pond\u011bl\u00ed 22. z\u00e1\u0159\u00ed byl v severn\u00edm Rakousku usp\u00e1n a p\u0159evezen k hranic\u00edm s \u010ceskou republikou, kde byl vypu\u0161t\u011bn do voln\u00e9 p\u0159\u00edrody pobl\u00ed\u017e N\u00e1rodn\u00edho parku \u0160umava, kde \u017eije populace los\u016f. Zv\u00ed\u0159e je vybaven\u00e9 u\u0161n\u00ed zn\u00e1mkou s GPS vys\u00edla\u010dem, tak\u017ee jeho pohyb bude monitorov\u00e1n.<\/p>\n<p>&nbsp;<\/p>\n<p>Na podporu projekt\u016f ochrany p\u0159\u00edrody m\u016f\u017ee ve\u0159ejnost p\u0159isp\u011bt prost\u0159ednictv\u00edm port\u00e1lu\u00a0<strong><a href=\"https:\/\/go.sparkpostmail2.com\/f\/a\/0HSGTedOZQiJLxrrwSy0zg~~\/AAA-fBA~\/2GUujtvhvcFMtD_ZsKDHr5di_63O2Oayys47Od-BOlMimGMgvPUuaiwkVUPWTEPsT_uNmz9Uz3htXfCAFEFJcDQfZlr8bREnThIG9kFL7N-hoDrOD3eetZPMoS8psM-j\" target=\"_blank\" rel=\"noopener\">pomahamekrajine.cz<\/a><\/strong>\u00a0.<\/p>\n<ul>\n<li><strong>Ochran\u00e1\u0159sk\u00e1 organizace \u010cesk\u00e1 krajina<\/strong> na projektech spojen\u00fdch s ochranou p\u0159\u00edrody spolupracuje s experty z Biologick\u00e9ho centra Akademie v\u011bd \u010cesk\u00e9 republiky, Jiho\u010desk\u00e9 univerzity v \u010cesk\u00fdch Bud\u011bjovic\u00edch, Univerzity Karlovy v Praze, \u00dastavu biologie obratlovc\u016f Akademie v\u011bd \u010cesk\u00e9 republiky, Botanick\u00e9 zahrady hlavn\u00edho m\u011bsta Prahy, Zoo Liberec, \u010cesk\u00e9 zem\u011bd\u011blsk\u00e9 univerzity v Praze, Mendelovy univerzity v Brn\u011b, Masarykovy univerzity v Brn\u011b a dal\u0161\u00edch odborn\u00fdch instituc\u00ed.<\/li>\n<\/ul>\n<p>&nbsp;<\/p>\n<ul>\n<li><strong>Projekty n\u00e1vratu a ochrany velk\u00fdch kopytn\u00edk\u016f<\/strong> podporuje Akademie v\u011bd \u010cR v r\u00e1mci programu Strategie AV 21, Z\u00e1chrana a obnova krajiny, d\u00e1le spole\u010dnosti Nadace PPF, Nadace Kooperativa, Nadace Qminers, Nadace Benetheo, E.ON, JRD, CTP, Nadace O, Nada\u010dn\u00ed fond rodiny Mal\u00fdch, Accace, Nadace Tipsport, \u010cEPS, Carborundum Electrite, Amanita Design, DARR\u00c9, Linde, Semix, ProfiG2, Bird &amp; Bird, Hornbach, Printwell, Delta Light Czech, LaNiche, Payton Legal, Projan Service, B\u0159\u00edza &amp; Truba\u010d, advok\u00e1tn\u00ed kancel\u00e1\u0159, Vertue, Beire, Pro \u017eivou zahradu, JK Jitka Kudl\u00e1\u010dkov\u00e1, Nadace \u010cEZ, Megabooks CZ, Net4Gas, Pivovar Zubr, Cestovn\u00ed kancel\u00e1\u0159 Periscope Skandin\u00e1vie, Abrasiv, Hotelov\u00e1 \u0161kola Pod\u011bbrady, Opera\u010dn\u00ed program \u017divotn\u00ed prost\u0159ed\u00ed, St\u00e1tn\u00ed fond \u017eivotn\u00edho prost\u0159ed\u00ed, Agentura ochrany p\u0159\u00edrody a krajiny \u010cesk\u00e9 republiky, St\u0159edo\u010desk\u00fd kraj, Jihomoravsk\u00fd kraj, M\u011bsto Milovice, M\u011bsto Ben\u00e1tky nad Jizerou, American International school ve V\u00eddni, milovick\u00e1 Mate\u0159sk\u00e1 \u0161kola Kosti\u010dka, sdru\u017een\u00ed P\u0159\u00e1tel\u00e9 a rod\u00e1ci Milovic i ve\u0159ejnost.<\/li>\n<\/ul>\n<p>&nbsp;<\/p>\n<p><strong>\u010cESK\u00c1 KRAJINA<\/strong><\/p>\n<hr \/>\n<p>&nbsp;<\/p>\n<article id=\"post-357371\" class=\"post-357371 post type-post status-publish format-gallery has-post-thumbnail hentry category-informacni-servis-3 post_format-post-format-gallery\">\n<div class=\"td-post-text-content\">\n<h4>Informovali jsme:<\/h4>\n<h6 class=\"entry-title\"><a href=\"https:\/\/zakrasnejsivimperk.cz\/?p=357371\" target=\"_blank\" rel=\"noopener\">\u010cESK\u00c1 REPUBLIKA: Nov\u00e9 technologie pom\u00e1haj\u00ed v\u011bdc\u016fm s v\u00fdzkumem pt\u00e1k\u016f v milovick\u00e9 rezervaci<\/a><\/h6>\n<h6 class=\"entry-title\"><a href=\"https:\/\/zakrasnejsivimperk.cz\/?p=355865\" target=\"_blank\" rel=\"noopener\">\u010cESK\u00c1 REPUBLIKA: P\u0159edvedli \u00fa\u010dinnou metodu likvidace invazn\u00edch d\u0159evin<\/a><\/h6>\n<h6 class=\"entry-title\"><a href=\"https:\/\/zakrasnejsivimperk.cz\/?p=355797\" target=\"_blank\" rel=\"noopener\">\u010cESK\u00c1 REPUBLIKA: Vr\u00e1tili p\u0159\u00edrod\u011b plochy, kde se rozr\u016fstal cel\u00edk kanadsk\u00fd<\/a><\/h6>\n<h6 class=\"entry-title\"><a href=\"https:\/\/zakrasnejsivimperk.cz\/?p=353714\" target=\"_blank\" rel=\"noopener\">\u010cESK\u00c1 REPUBLIKA: Speci\u00e1ln\u00ed kolekce lo\u017en\u00edho pr\u00e1dla zachycuje rozkvetl\u00e9 louky a tak\u00e9 vz\u00e1cn\u00e9 pt\u00e1ky<\/a><\/h6>\n<h6 class=\"entry-title\"><a href=\"https:\/\/zakrasnejsivimperk.cz\/?p=352091\" target=\"_blank\" rel=\"noopener\">\u010cESK\u00c1 REPUBLIKA: Pastva ovc\u00ed ni\u010d\u00ed p\u0159\u00edrodn\u011b cenn\u00e9 lokality, uv\u00e1d\u00ed unik\u00e1tn\u00ed kniha<\/a><\/h6>\n<h6 class=\"entry-title\"><a href=\"https:\/\/zakrasnejsivimperk.cz\/?p=351459\" target=\"_blank\" rel=\"noopener\">\u010cESK\u00c1 REPUBLIKA: Nebezpe\u010dn\u00e1 kl\u00ed\u0161\u0165ata. Velc\u00ed kopytn\u00edci jejich po\u010dty sni\u017euj\u00ed o t\u0159i \u010dtvrtiny, uk\u00e1zal v\u00fdzkum<\/a><\/h6>\n<h6 class=\"entry-title\"><a href=\"https:\/\/zakrasnejsivimperk.cz\/?p=347737\" target=\"_blank\" rel=\"noopener\">\u010cESK\u00c1 REPUBLIKA: Vych\u00e1z\u00ed v\u00fdjime\u010dn\u00e1 kniha o divo\u010din\u011b, chytne \u010dten\u00e1\u0159e za srdce<\/a><\/h6>\n<h6 class=\"entry-title\"><a href=\"https:\/\/zakrasnejsivimperk.cz\/?p=346946\" target=\"_blank\" rel=\"noopener\">\u010cESK\u00c1 REPUBLIKA: O p\u0159\u00edze\u0148 klisen divok\u00fdch kon\u00ed poprv\u00e9 bojuj\u00ed dva h\u0159ebci<\/a><\/h6>\n<h6 class=\"entry-title\"><a href=\"https:\/\/zakrasnejsivimperk.cz\/?p=345283\" target=\"_blank\" rel=\"noopener\">ZE SV\u011aTA: Ve \u0160pan\u011blsku vypustili st\u00e1do \u0161esti samic \u010desk\u00fdch zubr\u016f. Jde o p\u0159elom, oce\u0148uje odborn\u00edk<\/a><\/h6>\n<h6 class=\"entry-title\"><a href=\"https:\/\/zakrasnejsivimperk.cz\/?p=345239\" target=\"_blank\" rel=\"noopener\">\u010cESK\u00c1 REPUBLIKA: \u0160est samic zubr\u016f z milovick\u00e9 rezervace a dal\u0161\u00edch m\u00edst odjelo na sever \u0160pan\u011blska<\/a><\/h6>\n<h6 class=\"entry-title\"><a href=\"https:\/\/zakrasnejsivimperk.cz\/?p=343596\" target=\"_blank\" rel=\"noopener\">\u010cESK\u00c1 REPUBLIKA: D\u011bti namalovaly obr\u00e1zky pro politiky, soudce, z\u00e1stupce nadac\u00ed i podnikatele<\/a><\/h6>\n<h6 class=\"entry-title\"><a href=\"https:\/\/zakrasnejsivimperk.cz\/?p=341802\" target=\"_blank\" rel=\"noopener\">\u010cESK\u00c1 REPUBLIKA: Zub\u0159\u00ed samice zv\u00fd\u0161\u00ed genetickou pestrost milovick\u00e9ho st\u00e1da<\/a><\/h6>\n<h6 class=\"entry-title\"><a href=\"https:\/\/zakrasnejsivimperk.cz\/?p=340500\" target=\"_blank\" rel=\"noopener\">\u010cESK\u00c1 REPUBLIKA: Samice pratura z Milovic zalo\u017e\u00ed v B\u00edl\u00fdch Karpatech nov\u00fd chov<\/a><\/h6>\n<h6 class=\"entry-title\"><a href=\"https:\/\/zakrasnejsivimperk.cz\/?p=340064\" target=\"_blank\" rel=\"noopener\">\u010cESK\u00c1 REPUBLIKA: Zub\u0159i se v \u010cesku zvedaj\u00ed ze dna. Jejich populace se zv\u011bt\u0161ila<\/a><\/h6>\n<h6 class=\"entry-title\"><a href=\"https:\/\/zakrasnejsivimperk.cz\/?p=339402\" target=\"_blank\" rel=\"noopener\">\u010cESK\u00c1 REPUBLIKA: Pap\u00edrna vytvo\u0159ila se\u0161it z trusu divok\u00fdch kon\u00ed z rezervace<\/a><\/h6>\n<h6 class=\"entry-title\"><a href=\"https:\/\/zakrasnejsivimperk.cz\/?p=338976\" target=\"_blank\" rel=\"noopener\">\u010cESK\u00c1 REPUBLIKA: V nov\u00e9 sezon\u011b l\u00e1kaj\u00ed n\u00e1v\u0161t\u011bvn\u00edky do milovick\u00e9 rezervace turistick\u00e9 zn\u00e1mky a raz\u00edtka<\/a><\/h6>\n<h6 class=\"entry-title\"><a href=\"https:\/\/zakrasnejsivimperk.cz\/?p=338174\" target=\"_blank\" rel=\"noopener\">\u010cESK\u00c1 REPUBLIKA: K des\u00e1t\u00e9mu v\u00fdro\u010d\u00ed milovick\u00e9 rezervace vych\u00e1z\u00ed s\u00e9rie deseti nov\u00fdch pohlednic<\/a><\/h6>\n<h6 class=\"entry-title\"><a href=\"https:\/\/zakrasnejsivimperk.cz\/?p=337027\" target=\"_blank\" rel=\"noopener\">\u010cESK\u00c1 REPUBLIKA: Pratu\u0159\u00ed poh\u00e1dky. P\u0159\u00edb\u011bh milovick\u00e9 rezervace v knize pro d\u011bti<\/a><\/h6>\n<h6 class=\"entry-title\"><a href=\"https:\/\/zakrasnejsivimperk.cz\/?p=337022\" target=\"_blank\" rel=\"noopener\">\u010cESK\u00c1 REPUBLIKA: Prvn\u00edm ml\u00e1d\u011btem roku v milovick\u00e9 rezervaci je letos pratur<\/a><\/h6>\n<h6 class=\"entry-title\"><a href=\"https:\/\/zakrasnejsivimperk.cz\/?p=336111\" target=\"_blank\" rel=\"noopener\">\u010cESK\u00c1 REPUBLIKA: Deset let existence milovick\u00e9 rezervace velk\u00fdch kopytn\u00edk\u016f<\/a><\/h6>\n<h6 class=\"entry-title\"><a href=\"https:\/\/zakrasnejsivimperk.cz\/?p=335065\" target=\"_blank\" rel=\"noopener\">\u010cESK\u00c1 REPUBLIKA: Dva mlad\u00ed pratu\u0159i roz\u0161\u00ed\u0159ili st\u00e1do velk\u00fdch kopytn\u00edk\u016f v Krnov\u011b<\/a><\/h6>\n<h6 class=\"entry-title\"><a href=\"https:\/\/zakrasnejsivimperk.cz\/?p=333981\" target=\"_blank\" rel=\"noopener\">\u010cESK\u00c1 REPUBLIKA: Milovick\u00e1 rezervace z\u00edskala t\u0159i nejv\u00fdznamn\u011bj\u0161\u00ed ekologick\u00e9 ceny v \u010cesku<\/a><\/h6>\n<h6 class=\"entry-title\"><a href=\"https:\/\/zakrasnejsivimperk.cz\/?p=331904\" target=\"_blank\" rel=\"noopener\">\u010cESK\u00c1 REPUBLIKA: Pod v\u00e1no\u010dn\u00ed strome\u010dek m\u00ed\u0159\u00ed zub\u0159i z milovick\u00e9 rezervace<\/a><\/h6>\n<h6 class=\"entry-title\"><a href=\"https:\/\/zakrasnejsivimperk.cz\/?p=329763\" target=\"_blank\" rel=\"noopener\">\u010cESK\u00c1 REPUBLIKA: Ochr\u00e1nci p\u0159\u00edrody pou\u017e\u00edvaj\u00ed v rezervaci velk\u00fdch kopytn\u00edk\u016f ter\u00e9nn\u00ed elektromobil<\/a><\/h6>\n<h6 class=\"entry-title\"><a href=\"https:\/\/zakrasnejsivimperk.cz\/?p=329446\" target=\"_blank\" rel=\"noopener\">\u010cESK\u00c1 REPUBLIKA: Milovick\u00e1 rezervace chce b\u00fdt bezemisn\u00ed, p\u0159ech\u00e1z\u00ed na bateriovou techniku<\/a><\/h6>\n<h6 class=\"entry-title\"><a href=\"https:\/\/zakrasnejsivimperk.cz\/?p=328862\" target=\"_blank\" rel=\"noopener\">\u010cESK\u00c1 REPUBLIKA: Za\u010dala hlavn\u00ed f\u00e1ze gener\u00e1ln\u00ed opravy nejstar\u0161\u00edho napajedla v rezervaci velk\u00fdch kopytn\u00edk\u016f<\/a><\/h6>\n<h6 class=\"entry-title\"><a href=\"https:\/\/zakrasnejsivimperk.cz\/?p=326803\" target=\"_blank\" rel=\"noopener\">\u010cESK\u00c1 REPUBLIKA: Dobrovoln\u00edci odstra\u0148ovali invazn\u00ed cel\u00edky kanadsk\u00e9 v milovick\u00e9 rezervaci<\/a><\/h6>\n<h6 class=\"entry-title\"><a href=\"https:\/\/zakrasnejsivimperk.cz\/?p=326442\" target=\"_blank\" rel=\"noopener\">\u010cESK\u00c1 REPUBLIKA: Milovick\u00e1 rezervace velk\u00fdch kopytn\u00edk\u016f se p\u0159edstavila na mezin\u00e1rodn\u00ed konferenci<\/a><\/h6>\n<h6 class=\"entry-title\"><a href=\"https:\/\/zakrasnejsivimperk.cz\/?p=322273\" target=\"_blank\" rel=\"noopener\">JI\u017dN\u00cd \u010cECHY: Povode\u0148 zaplavila rezervaci divok\u00fdch kon\u00ed na b\u0159ez\u00edch Lu\u017enice. Na z\u00e1chranu vyhl\u00e1sili sb\u00edrku<\/a><\/h6>\n<h6 class=\"entry-title\"><a href=\"https:\/\/zakrasnejsivimperk.cz\/?p=321106\" target=\"_blank\" rel=\"noopener\">\u010cESK\u00c1 REPUBLIKA: Milovick\u00e1 rezervace se p\u0159edstavila na sv\u011btov\u00e9m kongresu o divo\u010din\u011b<\/a><\/h6>\n<h6><a href=\"https:\/\/zakrasnejsivimperk.cz\/?p=320858\" target=\"_blank\" rel=\"noopener\">\u010cESK\u00c1 REPUBLIKA: Rezervaci velk\u00fdch kopytn\u00edk\u016f nav\u0161t\u00edvili \u00fa\u010dastn\u00edci mezin\u00e1rodn\u00ed konference<\/a><\/h6>\n<h6><a href=\"https:\/\/zakrasnejsivimperk.cz\/?p=319867\" target=\"_blank\" rel=\"noopener\">\u010cESK\u00c1 REPUBLIKA: Cenu E.ON Energy Globe z\u00edskala rezervace velk\u00fdch kopytn\u00edk\u016f<\/a><\/h6>\n<h6><a href=\"https:\/\/zakrasnejsivimperk.cz\/?p=319585\" target=\"_blank\" rel=\"noopener\">\u010cESK\u00c1 REPUBLIKA: Host\u00e9 z Nadace Via v milovick\u00e9 rezervaci velk\u00fdch kopytn\u00edk\u016f<\/a><\/h6>\n<h6><a href=\"https:\/\/zakrasnejsivimperk.cz\/?p=318023\" target=\"_blank\" rel=\"noopener\">\u010cESK\u00c1 REPUBLIKA: Divok\u00e9 kon\u011b u Milovic \u010dek\u00e1 oprava napajedla za stovky tis\u00edc<\/a><\/h6>\n<h6><a href=\"https:\/\/zakrasnejsivimperk.cz\/?p=317396\" target=\"_blank\" rel=\"noopener\">\u010cESK\u00c1 REPUBLIKA: Invazn\u00ed cel\u00edky v milovick\u00e9 rezervaci odstra\u0148ovali studenti \u010cesk\u00e9 zem\u011bd\u011blsk\u00e9 univerzity<\/a><\/h6>\n<h6><a href=\"https:\/\/zakrasnejsivimperk.cz\/?p=316340\" target=\"_blank\" rel=\"noopener\">\u010cESK\u00c1 REPUBLIKA: Ochr\u00e1nci p\u0159\u00edrody odstra\u0148uj\u00ed nebezpe\u010dn\u00e9 ak\u00e1ty na stovk\u00e1ch hektar\u016f rezervace<\/a><\/h6>\n<h6><a href=\"https:\/\/zakrasnejsivimperk.cz\/?p=315954\" target=\"_blank\" rel=\"noopener\">\u010cESK\u00c1 REPUBLIKA: Za\u010d\u00edn\u00e1 spolupr\u00e1ce milovick\u00e9 rezervace s d\u00e1nskou agenturou ochrany p\u0159\u00edrody<\/a><\/h6>\n<h6><a href=\"https:\/\/zakrasnejsivimperk.cz\/?p=313441\" target=\"_blank\" rel=\"noopener\">\u010cESK\u00c1 REPUBLIKA: Toto jsou pohledy, kter\u00e9 se staly sou\u010d\u00e1st\u00ed nejv\u011bt\u0161\u00ed sb\u00edrky pohlednic v \u010cesk\u00e9 republice<\/a><\/h6>\n<h6><a href=\"https:\/\/zakrasnejsivimperk.cz\/?p=313125\" target=\"_blank\" rel=\"noopener\">\u010cESK\u00c1 REPUBLIKA: Velc\u00ed kopytn\u00edci pom\u00e1haj\u00ed obnovovat krajinu v p\u0159\u00edrodn\u011b cenn\u00fdch lokalit\u00e1ch<\/a><\/h6>\n<h6><a href=\"https:\/\/zakrasnejsivimperk.cz\/?p=313070\" target=\"_blank\" rel=\"noopener\">\u010cESK\u00c1 REPUBLIKA: Z\u00e1plava kv\u011bt\u016f l\u00e1k\u00e1 do milovick\u00e9 rezervace velk\u00fdch kopytn\u00edk\u016f<\/a><\/h6>\n<h6><a href=\"https:\/\/zakrasnejsivimperk.cz\/?p=312699\" target=\"_blank\" rel=\"noopener\">JI\u017dN\u00cd \u010cECHY: Pratury vysvobozen\u00e9 z karant\u00e9ny v Holandsku vypustili v Novohradsk\u00fdch hor\u00e1ch<\/a><\/h6>\n<h6><a href=\"https:\/\/zakrasnejsivimperk.cz\/?p=311845\" target=\"_blank\" rel=\"noopener\">JI\u017dN\u00cd \u010cECHY: Ochr\u00e1nci zv\u00ed\u0159at dovezli \u010dty\u0159i klisny. St\u00e1do je tak kompletn\u00ed<\/a><\/h6>\n<h6><a href=\"https:\/\/zakrasnejsivimperk.cz\/?p=310389\" target=\"_blank\" rel=\"noopener\">\u010cESK\u00c1 REPUBLIKA: Cenu sympatie v sout\u011b\u017ei E.ON Energy Globe z\u00edskala rezervace velk\u00fdch kopytn\u00edk\u016f<\/a><\/h6>\n<h6><a href=\"https:\/\/zakrasnejsivimperk.cz\/?p=310713\" target=\"_blank\" rel=\"noopener\">\u010cESK\u00c1 REPUBLIKA: Brig\u00e1da. Dobrovoln\u00edci ukl\u00edzeli turistickou stezku u rezervace velk\u00fdch kopytn\u00edk\u016f<\/a><\/h6>\n<h6><a href=\"https:\/\/zakrasnejsivimperk.cz\/?p=308792\" target=\"_blank\" rel=\"noopener\">JI\u017dN\u00cd \u010cECHY: Divoc\u00ed kon\u011b v Novohradsk\u00fdch hor\u00e1ch. Dal\u0161\u00ed je budou n\u00e1sledovat<\/a><\/h6>\n<h6><a href=\"https:\/\/zakrasnejsivimperk.cz\/?p=307745\" target=\"_blank\" rel=\"noopener\">\u010cESK\u00c1 REPUBLIKA: Dobrovoln\u00edci odstranili cel\u00e9 ohnisko invazn\u00ed lupiny v rezervaci velk\u00fdch kopytn\u00edk\u016f<\/a><\/h6>\n<h6><a href=\"https:\/\/zakrasnejsivimperk.cz\/?p=305429\" target=\"_blank\" rel=\"noopener\">\u010cESK\u00c1 REPUBLIKA: Dobrovoln\u00edci dnes likviduj\u00ed invazn\u00ed lupinu v milovick\u00e9 rezervaci velk\u00fdch kopytn\u00edk\u016f<\/a><\/h6>\n<h6><a href=\"https:\/\/zakrasnejsivimperk.cz\/?p=308432\" target=\"_blank\" rel=\"noopener\">JI\u017dN\u00cd \u010cECHY: Nov\u00e1 st\u00e1da velk\u00fdch kopytn\u00edk\u016f ve dvou jiho\u010desk\u00fdch rezervac\u00edch<\/a><\/h6>\n<h6><a href=\"https:\/\/zakrasnejsivimperk.cz\/?p=304715\" target=\"_blank\" rel=\"noopener\">\u010cESK\u00c1 REPUBLIKA: D\u011bti vybraly jm\u00e9na pro dvojici pratur\u016f v n\u00e1rodn\u00edm parku<\/a><\/h6>\n<h6><a href=\"https:\/\/zakrasnejsivimperk.cz\/?p=299701\" target=\"_blank\" rel=\"noopener\">JI\u017dN\u00cd \u010cECHY: Vznik\u00e1 nov\u00fd chov zubr\u016f. Zv\u00ed\u0159ata jsou sou\u010d\u00e1st\u00ed v\u00fdm\u011bny, do kter\u00e9 jsou zapojeny \u010dty\u0159i kraje<\/a><\/h6>\n<h6><a href=\"https:\/\/zakrasnejsivimperk.cz\/?p=298753\" target=\"_blank\" rel=\"noopener\">\u010cESK\u00c1 REPUBLIKA: Velk\u00e1 v\u00fdm\u011bna pom\u016f\u017ee zv\u00fd\u0161it genetickou pestrost chov\u016f<\/a><\/h6>\n<hr \/>\n<p>&nbsp;<\/p>\n<\/div>\n<\/article>\n","protected":false},"excerpt":{"rendered":"<p>&nbsp; \u010cty\u0159m\u011bs\u00ed\u010dn\u00ed <\/p>\n","protected":false},"author":2,"featured_media":357656,"comment_status":"open","ping_status":"open","sticky":false,"template":"","format":"gallery","meta":{"footnotes":""},"categories":[179],"tags":[],"jetpack_featured_media_url":"https:\/\/zakrasnejsivimperk.cz\/wp-content\/uploads\/2025\/09\/27\/nove-los.jpg","_links":{"self":[{"href":"https:\/\/zakrasnejsivimperk.cz\/index.php?rest_route=\/wp\/v2\/posts\/357655"}],"collection":[{"href":"https:\/\/zakrasnejsivimperk.cz\/index.php?rest_route=\/wp\/v2\/posts"}],"about":[{"href":"https:\/\/zakrasnejsivimperk.cz\/index.php?rest_route=\/wp\/v2\/types\/post"}],"author":[{"embeddable":true,"href":"https:\/\/zakrasnejsivimperk.cz\/index.php?rest_route=\/wp\/v2\/users\/2"}],"replies":[{"embeddable":true,"href":"https:\/\/zakrasnejsivimperk.cz\/index.php?rest_route=%2Fwp%2Fv2%2Fcomments&post=357655"}],"version-history":[{"count":1,"href":"https:\/\/zakrasnejsivimperk.cz\/index.php?rest_route=\/wp\/v2\/posts\/357655\/revisions"}],"predecessor-version":[{"id":357657,"href":"https:\/\/zakrasnejsivimperk.cz\/index.php?rest_route=\/wp\/v2\/posts\/357655\/revisions\/357657"}],"wp:featuredmedia":[{"embeddable":true,"href":"https:\/\/zakrasnejsivimperk.cz\/index.php?rest_route=\/wp\/v2\/media\/357656"}],"wp:attachment":[{"href":"https:\/\/zakrasnejsivimperk.cz\/index.php?rest_route=%2Fwp%2Fv2%2Fmedia&parent=357655"}],"wp:term":[{"taxonomy":"category","embeddable":true,"href":"https:\/\/zakrasnejsivimperk.cz\/index.php?rest_route=%2Fwp%2Fv2%2Fcategories&post=357655"},{"taxonomy":"post_tag","embeddable":true,"href":"https:\/\/zakrasnejsivimperk.cz\/index.php?rest_route=%2Fwp%2Fv2%2Ftags&post=357655"}],"curies":[{"name":"wp","href":"https:\/\/api.w.org\/{rel}","templated":true}]}}