{"id":357145,"date":"2025-09-28T11:46:50","date_gmt":"2025-09-28T10:46:50","guid":{"rendered":"https:\/\/zakrasnejsivimperk.cz\/?p=357145"},"modified":"2025-10-05T13:17:59","modified_gmt":"2025-10-05T12:17:59","slug":"sumava-objektivem-pavla-ourednika-soumarske-raseliniste-2","status":"publish","type":"post","link":"https:\/\/zakrasnejsivimperk.cz\/?p=357145","title":{"rendered":"\u0160UMAVA OBJEKTIVEM PAVLA OU\u0158EDN\u00cdKA: Soumarsk\u00e9 ra\u0161elini\u0161t\u011b"},"content":{"rendered":"<h6 style=\"text-align: center;\">FOTO: Pavel Ou\u0159edn\u00edk Foto\u0160umava<\/h6>\n<h6 style=\"text-align: center;\"><a href=\"http:\/\/www.pavelourednik.cz\/\" target=\"_blank\" rel=\"noopener\">http:\/\/www.pavelourednik.cz\/<\/a><\/h6>\n<p>&nbsp;<\/p>\n<p><img loading=\"lazy\" decoding=\"async\" class=\"aligncenter wp-image-357148 size-full\" src=\"https:\/\/zakrasnejsivimperk.cz\/wp-content\/uploads\/2025\/09\/21\/soumarske-raseliniste-1.jpg\" alt=\"\" width=\"1500\" height=\"1001\" srcset=\"https:\/\/zakrasnejsivimperk.cz\/wp-content\/uploads\/2025\/09\/21\/soumarske-raseliniste-1.jpg 1500w, https:\/\/zakrasnejsivimperk.cz\/wp-content\/uploads\/2025\/09\/21\/soumarske-raseliniste-1-300x200.jpg 300w, https:\/\/zakrasnejsivimperk.cz\/wp-content\/uploads\/2025\/09\/21\/soumarske-raseliniste-1-1024x683.jpg 1024w, https:\/\/zakrasnejsivimperk.cz\/wp-content\/uploads\/2025\/09\/21\/soumarske-raseliniste-1-768x513.jpg 768w, https:\/\/zakrasnejsivimperk.cz\/wp-content\/uploads\/2025\/09\/21\/soumarske-raseliniste-1-535x357.jpg 535w, https:\/\/zakrasnejsivimperk.cz\/wp-content\/uploads\/2025\/09\/21\/soumarske-raseliniste-1-724x483.jpg 724w\" sizes=\"(max-width: 1500px) 100vw, 1500px\" \/><\/p>\n<p>&nbsp;<\/p>\n<p><img loading=\"lazy\" decoding=\"async\" class=\"aligncenter wp-image-357149 size-full\" src=\"https:\/\/zakrasnejsivimperk.cz\/wp-content\/uploads\/2025\/09\/21\/soumarske-raseliniste-2.jpg\" alt=\"\" width=\"1500\" height=\"1001\" srcset=\"https:\/\/zakrasnejsivimperk.cz\/wp-content\/uploads\/2025\/09\/21\/soumarske-raseliniste-2.jpg 1500w, https:\/\/zakrasnejsivimperk.cz\/wp-content\/uploads\/2025\/09\/21\/soumarske-raseliniste-2-300x200.jpg 300w, https:\/\/zakrasnejsivimperk.cz\/wp-content\/uploads\/2025\/09\/21\/soumarske-raseliniste-2-1024x683.jpg 1024w, https:\/\/zakrasnejsivimperk.cz\/wp-content\/uploads\/2025\/09\/21\/soumarske-raseliniste-2-768x513.jpg 768w, https:\/\/zakrasnejsivimperk.cz\/wp-content\/uploads\/2025\/09\/21\/soumarske-raseliniste-2-535x357.jpg 535w, https:\/\/zakrasnejsivimperk.cz\/wp-content\/uploads\/2025\/09\/21\/soumarske-raseliniste-2-724x483.jpg 724w\" sizes=\"(max-width: 1500px) 100vw, 1500px\" \/><\/p>\n<p>&nbsp;<\/p>\n<p><img loading=\"lazy\" decoding=\"async\" class=\"aligncenter wp-image-357150 size-full\" src=\"https:\/\/zakrasnejsivimperk.cz\/wp-content\/uploads\/2025\/09\/21\/soumarske-raseliniste-3.jpg\" alt=\"\" width=\"1500\" height=\"1001\" srcset=\"https:\/\/zakrasnejsivimperk.cz\/wp-content\/uploads\/2025\/09\/21\/soumarske-raseliniste-3.jpg 1500w, https:\/\/zakrasnejsivimperk.cz\/wp-content\/uploads\/2025\/09\/21\/soumarske-raseliniste-3-300x200.jpg 300w, https:\/\/zakrasnejsivimperk.cz\/wp-content\/uploads\/2025\/09\/21\/soumarske-raseliniste-3-1024x683.jpg 1024w, https:\/\/zakrasnejsivimperk.cz\/wp-content\/uploads\/2025\/09\/21\/soumarske-raseliniste-3-768x513.jpg 768w, https:\/\/zakrasnejsivimperk.cz\/wp-content\/uploads\/2025\/09\/21\/soumarske-raseliniste-3-535x357.jpg 535w, https:\/\/zakrasnejsivimperk.cz\/wp-content\/uploads\/2025\/09\/21\/soumarske-raseliniste-3-724x483.jpg 724w\" sizes=\"(max-width: 1500px) 100vw, 1500px\" \/><\/p>\n<p>&nbsp;<\/p>\n<p><img loading=\"lazy\" decoding=\"async\" class=\"aligncenter wp-image-357151 size-full\" src=\"https:\/\/zakrasnejsivimperk.cz\/wp-content\/uploads\/2025\/09\/21\/soumarske-raseliniste-4.jpg\" alt=\"\" width=\"1500\" height=\"1001\" srcset=\"https:\/\/zakrasnejsivimperk.cz\/wp-content\/uploads\/2025\/09\/21\/soumarske-raseliniste-4.jpg 1500w, https:\/\/zakrasnejsivimperk.cz\/wp-content\/uploads\/2025\/09\/21\/soumarske-raseliniste-4-300x200.jpg 300w, https:\/\/zakrasnejsivimperk.cz\/wp-content\/uploads\/2025\/09\/21\/soumarske-raseliniste-4-1024x683.jpg 1024w, https:\/\/zakrasnejsivimperk.cz\/wp-content\/uploads\/2025\/09\/21\/soumarske-raseliniste-4-768x513.jpg 768w, https:\/\/zakrasnejsivimperk.cz\/wp-content\/uploads\/2025\/09\/21\/soumarske-raseliniste-4-535x357.jpg 535w, https:\/\/zakrasnejsivimperk.cz\/wp-content\/uploads\/2025\/09\/21\/soumarske-raseliniste-4-724x483.jpg 724w\" sizes=\"(max-width: 1500px) 100vw, 1500px\" \/><\/p>\n<p>&nbsp;<\/p>\n<p><img loading=\"lazy\" decoding=\"async\" class=\"aligncenter wp-image-357152 size-full\" src=\"https:\/\/zakrasnejsivimperk.cz\/wp-content\/uploads\/2025\/09\/21\/soumarske-raseliniste-5.jpg\" alt=\"\" width=\"1500\" height=\"1001\" srcset=\"https:\/\/zakrasnejsivimperk.cz\/wp-content\/uploads\/2025\/09\/21\/soumarske-raseliniste-5.jpg 1500w, https:\/\/zakrasnejsivimperk.cz\/wp-content\/uploads\/2025\/09\/21\/soumarske-raseliniste-5-300x200.jpg 300w, https:\/\/zakrasnejsivimperk.cz\/wp-content\/uploads\/2025\/09\/21\/soumarske-raseliniste-5-1024x683.jpg 1024w, https:\/\/zakrasnejsivimperk.cz\/wp-content\/uploads\/2025\/09\/21\/soumarske-raseliniste-5-768x513.jpg 768w, https:\/\/zakrasnejsivimperk.cz\/wp-content\/uploads\/2025\/09\/21\/soumarske-raseliniste-5-535x357.jpg 535w, https:\/\/zakrasnejsivimperk.cz\/wp-content\/uploads\/2025\/09\/21\/soumarske-raseliniste-5-724x483.jpg 724w\" sizes=\"(max-width: 1500px) 100vw, 1500px\" \/><\/p>\n<hr \/>\n<p>&nbsp;<\/p>\n","protected":false},"excerpt":{"rendered":"<p>FOTO: Pavel <\/p>\n","protected":false},"author":2,"featured_media":357153,"comment_status":"open","ping_status":"open","sticky":false,"template":"","format":"gallery","meta":{"footnotes":""},"categories":[164,71],"tags":[],"jetpack_featured_media_url":"https:\/\/zakrasnejsivimperk.cz\/wp-content\/uploads\/2025\/09\/21\/ram-soumarske.jpg","_links":{"self":[{"href":"https:\/\/zakrasnejsivimperk.cz\/index.php?rest_route=\/wp\/v2\/posts\/357145"}],"collection":[{"href":"https:\/\/zakrasnejsivimperk.cz\/index.php?rest_route=\/wp\/v2\/posts"}],"about":[{"href":"https:\/\/zakrasnejsivimperk.cz\/index.php?rest_route=\/wp\/v2\/types\/post"}],"author":[{"embeddable":true,"href":"https:\/\/zakrasnejsivimperk.cz\/index.php?rest_route=\/wp\/v2\/users\/2"}],"replies":[{"embeddable":true,"href":"https:\/\/zakrasnejsivimperk.cz\/index.php?rest_route=%2Fwp%2Fv2%2Fcomments&post=357145"}],"version-history":[{"count":1,"href":"https:\/\/zakrasnejsivimperk.cz\/index.php?rest_route=\/wp\/v2\/posts\/357145\/revisions"}],"predecessor-version":[{"id":357154,"href":"https:\/\/zakrasnejsivimperk.cz\/index.php?rest_route=\/wp\/v2\/posts\/357145\/revisions\/357154"}],"wp:featuredmedia":[{"embeddable":true,"href":"https:\/\/zakrasnejsivimperk.cz\/index.php?rest_route=\/wp\/v2\/media\/357153"}],"wp:attachment":[{"href":"https:\/\/zakrasnejsivimperk.cz\/index.php?rest_route=%2Fwp%2Fv2%2Fmedia&parent=357145"}],"wp:term":[{"taxonomy":"category","embeddable":true,"href":"https:\/\/zakrasnejsivimperk.cz\/index.php?rest_route=%2Fwp%2Fv2%2Fcategories&post=357145"},{"taxonomy":"post_tag","embeddable":true,"href":"https:\/\/zakrasnejsivimperk.cz\/index.php?rest_route=%2Fwp%2Fv2%2Ftags&post=357145"}],"curies":[{"name":"wp","href":"https:\/\/api.w.org\/{rel}","templated":true}]}}