{"id":357111,"date":"2025-09-21T13:29:31","date_gmt":"2025-09-21T12:29:31","guid":{"rendered":"https:\/\/zakrasnejsivimperk.cz\/?p=357111"},"modified":"2025-09-21T13:31:16","modified_gmt":"2025-09-21T12:31:16","slug":"jizni-cechy-mesto-strakonice-zahajilo-rekonstrukci-lavek-a-pres-reku-otavu","status":"publish","type":"post","link":"https:\/\/zakrasnejsivimperk.cz\/?p=357111","title":{"rendered":"JI\u017dN\u00cd \u010cECHY: Strakonice zah\u00e1jily rekonstrukci dvou l\u00e1vek p\u0159es \u0159eku Otavu"},"content":{"rendered":"<p><img loading=\"lazy\" decoding=\"async\" class=\"aligncenter wp-image-357113 size-full\" src=\"https:\/\/zakrasnejsivimperk.cz\/wp-content\/uploads\/2025\/09\/21\/st-lavky-2.jpeg\" alt=\"\" width=\"1366\" height=\"911\" srcset=\"https:\/\/zakrasnejsivimperk.cz\/wp-content\/uploads\/2025\/09\/21\/st-lavky-2.jpeg 1366w, https:\/\/zakrasnejsivimperk.cz\/wp-content\/uploads\/2025\/09\/21\/st-lavky-2-300x200.jpeg 300w, https:\/\/zakrasnejsivimperk.cz\/wp-content\/uploads\/2025\/09\/21\/st-lavky-2-1024x683.jpeg 1024w, https:\/\/zakrasnejsivimperk.cz\/wp-content\/uploads\/2025\/09\/21\/st-lavky-2-768x512.jpeg 768w, https:\/\/zakrasnejsivimperk.cz\/wp-content\/uploads\/2025\/09\/21\/st-lavky-2-535x357.jpeg 535w, https:\/\/zakrasnejsivimperk.cz\/wp-content\/uploads\/2025\/09\/21\/st-lavky-2-724x483.jpeg 724w\" sizes=\"(max-width: 1366px) 100vw, 1366px\" \/><\/p>\n<p>&nbsp;<\/p>\n<h6>M\u011bsto Strakonice zah\u00e1jilo dlouho p\u0159ipravovanou rekonstrukci dvou l\u00e1vek, kter\u00e9 se nach\u00e1zej\u00ed v extravil\u00e1nu m\u011bsta a spojuj\u00ed vyhled\u00e1vanou odpo\u010dinkovou lokalitu u \u0159eky Otavy. Jedn\u00e1 se o l\u00e1vku L2 p\u0159es hlavn\u00ed tok Otavy a navazuj\u00edc\u00ed l\u00e1vku L3, kter\u00e1 vede p\u0159es jej\u00ed vedlej\u0161\u00ed rameno. Ob\u011b l\u00e1vky jsou tvo\u0159eny ocelovou konstrukc\u00ed s d\u0159ev\u011bnou mostovkou. Jejich technick\u00fd stav je ji\u017e del\u0161\u00ed dobu hodnocen jako havarijn\u00ed a jejich \u017eivotnost byla vy\u010derp\u00e1na.<\/h6>\n<p>Proto se m\u011bsto rozhodlo p\u0159istoupit k celkov\u00e9 rekonstrukci. Sou\u010d\u00e1st\u00ed oprav bude: sejmut\u00ed st\u00e1vaj\u00edc\u00edch konstrukc\u00ed, jejich vy\u010di\u0161t\u011bn\u00ed a dopln\u011bn\u00ed o nov\u00e9 ocelov\u00e9 prvky, odstran\u011bn\u00ed star\u00e9ho z\u00e1bradl\u00ed a d\u0159ev\u011bn\u00e9 mostovky, vybudov\u00e1n\u00ed nov\u00fdch mostovek z kompozitn\u00edch panel\u016f, kter\u00e9 zajist\u00ed del\u0161\u00ed \u017eivotnost a men\u0161\u00ed n\u00e1roky na \u00fadr\u017ebu, oprava komunikac\u00ed v p\u0159edpol\u00edch l\u00e1vek, vybudov\u00e1n\u00ed nov\u00fdch n\u00e1jezdov\u00fdch ramp, kter\u00e9 zp\u0159\u00edstupn\u00ed l\u00e1vky nejen cyklist\u016fm, ale i osob\u00e1m se sn\u00ed\u017eenou pohyblivost\u00ed a rodi\u010d\u016fm s ko\u010d\u00e1rky.<\/p>\n<p>L\u00e1vka L2 m\u00e1 rozp\u011bt\u00ed t\u00e9m\u011b\u0159 51 metr\u016f, l\u00e1vka L3 pak 25 metr\u016f. V r\u00e1mci rekonstrukce budou tak\u00e9 odstran\u011bny dosavadn\u00ed ocelobetonov\u00e9 rampy, kter\u00e9 nahrad\u00ed n\u00e1sypov\u00e1 t\u011blesa s pohodln\u00fdmi n\u00e1jezdov\u00fdmi rampami. Tato akce m\u011bla b\u00fdt realizov\u00e1na ji\u017e zjara leto\u0161n\u00edho roku. D\u016fvodem p\u0159esunu realizace na podzimn\u00ed a zimn\u00ed obdob\u00ed byla dohoda s provozovateli nedalek\u00e9ho kempu a restaurac\u00ed i s vod\u00e1ky, aby stavebn\u00ed pr\u00e1ce nezasahovaly do letn\u00ed sez\u00f3ny.<\/p>\n<p>Zak\u00e1zku na rekonstrukci vysout\u011b\u017eila firma Reno \u0160umava, s.r.o., za cenu lehce p\u0159evy\u0161uj\u00edc\u00ed 14 milion\u016f korun. Akce by m\u011bla b\u00fdt dokon\u010dena nejpozd\u011bji za osm m\u011bs\u00edc\u016f od p\u0159ed\u00e1n\u00ed staveni\u0161t\u011b. V sou\u010dasnosti se \u010dek\u00e1 na p\u0159elo\u017een\u00ed veden\u00ed spole\u010dnosti EGD. L\u00e1vky byly uzav\u0159eny v pond\u011bl\u00ed 15. z\u00e1\u0159\u00ed. M\u011bsto Strakonice v\u011b\u0159\u00ed, \u017ee tato investice p\u0159isp\u011bje k bezpe\u010dn\u00e9mu a komfortn\u00edmu u\u017e\u00edv\u00e1n\u00ed vyhled\u00e1van\u00e9ho m\u00edsta, kam s oblibou m\u00ed\u0159\u00ed nejen m\u00edstn\u00ed obyvatel\u00e9, ale i turist\u00e9.<\/p>\n<p>&nbsp;<\/p>\n<p><strong>Text a foto: Mark\u00e9ta BU\u010cOKOV\u00c1,\u00a0 M\u011bsto Strakonice<\/strong><\/p>\n<p>&nbsp;<\/p>\n<p><img loading=\"lazy\" decoding=\"async\" class=\"aligncenter wp-image-357112 size-full\" src=\"https:\/\/zakrasnejsivimperk.cz\/wp-content\/uploads\/2025\/09\/21\/st-lavky-1.jpeg\" alt=\"\" width=\"1366\" height=\"911\" srcset=\"https:\/\/zakrasnejsivimperk.cz\/wp-content\/uploads\/2025\/09\/21\/st-lavky-1.jpeg 1366w, https:\/\/zakrasnejsivimperk.cz\/wp-content\/uploads\/2025\/09\/21\/st-lavky-1-300x200.jpeg 300w, https:\/\/zakrasnejsivimperk.cz\/wp-content\/uploads\/2025\/09\/21\/st-lavky-1-1024x683.jpeg 1024w, https:\/\/zakrasnejsivimperk.cz\/wp-content\/uploads\/2025\/09\/21\/st-lavky-1-768x512.jpeg 768w, https:\/\/zakrasnejsivimperk.cz\/wp-content\/uploads\/2025\/09\/21\/st-lavky-1-535x357.jpeg 535w, https:\/\/zakrasnejsivimperk.cz\/wp-content\/uploads\/2025\/09\/21\/st-lavky-1-724x483.jpeg 724w\" sizes=\"(max-width: 1366px) 100vw, 1366px\" \/><\/p>\n<hr \/>\n<p>&nbsp;<\/p>\n<h4>Jin\u00e9 zpr\u00e1vy ze Strakonic:<\/h4>\n<h6 class=\"entry-title\"><a href=\"https:\/\/zakrasnejsivimperk.cz\/?p=356077\" target=\"_blank\" rel=\"noopener\">JI\u017dN\u00cd \u010cECHY: Voly\u0148sk\u00e1 ulice ve Strakonic\u00edch se po roce a p\u016fl znovu otev\u00edr\u00e1<\/a><\/h6>\n<h6 class=\"entry-title\"><a href=\"https:\/\/zakrasnejsivimperk.cz\/?p=354835\" target=\"_blank\" rel=\"noopener\">JI\u017dN\u00cd \u010cECHY: Opravy ulic Hrani\u010d\u00e1\u0159sk\u00e1 a Pohrani\u010dn\u00ed str\u00e1\u017ee ve Strakonic\u00edch<\/a><\/h6>\n<h6 class=\"entry-title\"><a href=\"https:\/\/zakrasnejsivimperk.cz\/?p=353110\" target=\"_blank\" rel=\"noopener\">JI\u017dN\u00cd \u010cECHY: Strakonice: Oprava Voly\u0148sk\u00e9 ulice u\u017e postoupila do t\u0159et\u00ed etapy<\/a><\/h6>\n<h6 class=\"entry-title\"><a href=\"https:\/\/zakrasnejsivimperk.cz\/?p=352680\" target=\"_blank\" rel=\"noopener\">JI\u017dN\u00cd \u010cECHY: Nov\u00e9 soci\u00e1ln\u00ed z\u00e1zem\u00ed v plaveck\u00e9m are\u00e1lu, lep\u0161\u00ed komfort n\u00e1v\u0161t\u011bvn\u00edk\u016f<\/a><\/h6>\n<h6 class=\"entry-title\"><a href=\"https:\/\/zakrasnejsivimperk.cz\/?p=350494\" target=\"_blank\" rel=\"noopener\">JI\u017dN\u00cd \u010cECHY: Strakonice v\u00fdrazn\u011b nav\u00fd\u0161ily podporu z\u00e1chrann\u00e9 stanici \u017eivo\u010dich\u016f<\/a><\/h6>\n<h6 class=\"entry-title\"><a href=\"https:\/\/zakrasnejsivimperk.cz\/?p=347030\" target=\"_blank\" rel=\"noopener\">JI\u017dN\u00cd \u010cECHY: Strakonice zahajuj\u00ed p\u0159estavbu z\u00e1padn\u00ed \u010d\u00e1sti Velk\u00e9ho n\u00e1m\u011bst\u00ed<\/a><\/h6>\n<h6 class=\"entry-title\"><a href=\"https:\/\/zakrasnejsivimperk.cz\/?p=340841\" target=\"_blank\" rel=\"noopener\">JI\u017dN\u00cd \u010cECHY: Cyklostezka Strakonice \u2013 Pracejovice se bl\u00ed\u017e\u00ed k realizaci, bude i l\u00e1vka<\/a><\/h6>\n<h6 class=\"entry-title\"><a href=\"https:\/\/zakrasnejsivimperk.cz\/?p=340572\" target=\"_blank\" rel=\"noopener\">JI\u017dN\u00cd \u010cECHY: Strakonice chystaj\u00ed p\u0159estavbu z\u00e1padn\u00ed \u010d\u00e1sti Velk\u00e9ho n\u00e1m\u011bst\u00ed<\/a><\/h6>\n<h6 class=\"entry-title\"><a href=\"https:\/\/zakrasnejsivimperk.cz\/?p=338037\" target=\"_blank\" rel=\"noopener\">JI\u017dN\u00cd \u010cECHY: Strakonice zah\u00e1jily v\u00fdstavbu dal\u0161\u00edch polozapu\u0161t\u011bn\u00fdch st\u00e1n\u00ed pro kontejnery na odpad<\/a><\/h6>\n<h6 class=\"entry-title\"><a href=\"https:\/\/zakrasnejsivimperk.cz\/?p=336710\" target=\"_blank\" rel=\"noopener\">JI\u017dN\u00cd \u010cECHY: Strakonick\u00e1 nemocnice m\u00e1 d\u011btskou obezitologickou ambulanci<\/a><\/h6>\n<h6 class=\"entry-title\"><a href=\"https:\/\/zakrasnejsivimperk.cz\/?p=335551\" target=\"_blank\" rel=\"noopener\">JI\u017dN\u00cd \u010cECHY: Nov\u00e1 po\u017e\u00e1rn\u00ed zbrojnice: Lep\u0161\u00ed z\u00e1zem\u00ed pro hasi\u010de a rychlej\u0161\u00ed v\u00fdjezdy<\/a><\/h6>\n<h6 class=\"entry-title\"><a href=\"https:\/\/zakrasnejsivimperk.cz\/?p=335054\" target=\"_blank\" rel=\"noopener\">JI\u017dN\u00cd \u010cECHY: Oprava d\u0159ev\u011bn\u00fdch v\u00fdpln\u00ed l\u00e1vky odhalila zaj\u00edmav\u00e9 detaily<\/a><\/h6>\n<h6 class=\"entry-title\"><a href=\"https:\/\/zakrasnejsivimperk.cz\/?p=334391\" target=\"_blank\" rel=\"noopener\">JI\u017dN\u00cd \u010cECHY: M\u011bsto pln\u00ed sv\u00e9 sliby: Chodn\u00edk v ulici Radomy\u0161lsk\u00e1 se prodlu\u017euje<\/a><\/h6>\n<h6 class=\"entry-title\"><a href=\"https:\/\/zakrasnejsivimperk.cz\/?p=334525\" target=\"_blank\" rel=\"noopener\">JI\u017dN\u00cd \u010cECHY: Nemocnice nov\u011b nab\u00edz\u00ed screeningov\u00e9 vy\u0161et\u0159en\u00ed v\u00fddut\u011b b\u0159i\u0161n\u00ed aorty<\/a><\/h6>\n<h6 class=\"entry-title\"><a href=\"https:\/\/zakrasnejsivimperk.cz\/?p=329801\" target=\"_blank\" rel=\"noopener\">JI\u017dN\u00cd \u010cECHY: Nemocnice Strakonice je Nejlep\u0161\u00ed nemocnic\u00ed roku 2024<\/a><\/h6>\n<h6 class=\"entry-title\"><a href=\"https:\/\/zakrasnejsivimperk.cz\/?p=331514\" target=\"_blank\" rel=\"noopener\">JI\u017dN\u00cd \u010cECHY: Nemocnice Strakonice po\u0159\u00eddila unik\u00e1tn\u00ed p\u0159\u00edstroj pro vy\u0161et\u0159en\u00ed slinivky a \u017elu\u010dov\u00fdch cest<\/a><\/h6>\n<h6 class=\"entry-title\"><a href=\"https:\/\/zakrasnejsivimperk.cz\/?p=328774\" target=\"_blank\" rel=\"noopener\">JI\u017dN\u00cd \u010cECHY: Nov\u00e1 l\u00e1vka na Podskal\u00ed usnad\u0148uje cestu krajinou pod\u00e9l Otavy<\/a><\/h6>\n<h6 class=\"entry-title\"><a href=\"https:\/\/zakrasnejsivimperk.cz\/?p=326163\" target=\"_blank\" rel=\"noopener\">JI\u017dN\u00cd \u010cECHY: Strakonick\u00e9 Komunitko 1415 zah\u00e1jilo svoji \u010dinnost na Ostrov\u011b<\/a><\/h6>\n<h6 class=\"entry-title\"><a href=\"https:\/\/zakrasnejsivimperk.cz\/?p=321375\" target=\"_blank\" rel=\"noopener\">JI\u017dN\u00cd \u010cECHY: Strakonice se p\u0159ipravuj\u00ed na velkou vodu, d\u011bln\u00edci stav\u00ed proti n\u00ed z\u00e1brany<\/a><\/h6>\n<h6><a href=\"https:\/\/zakrasnejsivimperk.cz\/?p=318802\" target=\"_blank\" rel=\"noopener\">JI\u017dN\u00cd \u010cECHY: Skv\u011bl\u00e9. ORL ambulance v Nemocnici Strakonice m\u00e1 novou posilu<\/a><\/h6>\n<h6><a href=\"https:\/\/zakrasnejsivimperk.cz\/?p=315266\" target=\"_blank\" rel=\"noopener\">JI\u017dN\u00cd \u010cECHY: Nemocni\u010dn\u00ed l\u00e9k\u00e1rna ve Strakonic\u00edch nen\u00ed jen oby\u010dejn\u00e1 v\u00fddejna l\u00e9k\u016f<\/a><\/h6>\n<h6><a href=\"https:\/\/zakrasnejsivimperk.cz\/?p=316309\" target=\"_blank\" rel=\"noopener\">JI\u017dN\u00cd \u010cECHY: Rekonstrukce Voly\u0148sk\u00e9 ul. ve Strakonic\u00edch zat\u00edm \u00fasp\u011b\u0161n\u011b pokra\u010duje<\/a><\/h6>\n<h6><a href=\"https:\/\/zakrasnejsivimperk.cz\/?p=313031\" target=\"_blank\" rel=\"noopener\">JI\u017dN\u00cd \u010cECHY: M\u011bsto Strakonice poskytne dotaci na vybaven\u00ed zubn\u00ed ordinace<\/a><\/h6>\n<h6><a href=\"https:\/\/zakrasnejsivimperk.cz\/?p=312358\" target=\"_blank\" rel=\"noopener\">JI\u017dN\u00cd \u010cECHY: Strakonick\u00fd pivovar koupil novou linku, na kter\u00e9 se bude st\u00e1\u010det a\u017e 3000 plechovek za hodinu<\/a><\/h6>\n<h6><a href=\"https:\/\/zakrasnejsivimperk.cz\/?p=310753\" target=\"_blank\" rel=\"noopener\">JI\u017dN\u00cd \u010cECHY: Veden\u00ed m\u011bsta Strakonice hled\u00e1 opat\u0159en\u00ed proti p\u0159\u00edvalov\u00fdm de\u0161\u0165\u016fm v m\u00edstn\u00ed \u010d\u00e1sti Nov\u00fd Dra\u017eejov<\/a><\/h6>\n<h6><a href=\"https:\/\/strakonicky.denik.cz\/zpravy_region\/novy-drazejov-opet-pod-vodou-jak-lidem-pomoci-mesto-svolalo-schuzku-20240610.html\" target=\"_blank\" rel=\"noopener\">Nov\u00fd Dra\u017eejov op\u011bt pod vodou. Jak lidem pomoci? M\u011bsto svolalo sch\u016fzku<\/a><\/h6>\n<h6><a href=\"https:\/\/zakrasnejsivimperk.cz\/?p=309043\" target=\"_blank\" rel=\"noopener\">JI\u017dN\u00cd \u010cECHY: Strakoni\u010dt\u00ed opravuj\u00ed pomn\u00edk padl\u00fdm u kostela svat\u00e9ho V\u00e1clava<\/a><\/h6>\n<h6><a href=\"https:\/\/zakrasnejsivimperk.cz\/?p=308877\" target=\"_blank\" rel=\"noopener\">JI\u017dN\u00cd \u010cECHY: Informace k aktu\u00e1ln\u00ed situaci na zimn\u00edm stadionu ve Strakonic\u00edch<\/a><\/h6>\n<h6><a href=\"https:\/\/zakrasnejsivimperk.cz\/?cat=131\" target=\"_blank\" rel=\"noopener\">Strakonick\u00e1 televize \u2013 ka\u017ed\u00fd t\u00fdden aktu\u00e1ln\u00ed informace o d\u011bn\u00ed ve m\u011bst\u011b na soutoku Voly\u0148ky a Otavy<\/a><\/h6>\n<hr \/>\n<p>&nbsp;<\/p>\n","protected":false},"excerpt":{"rendered":"<p>&nbsp; M\u011bsto <\/p>\n","protected":false},"author":2,"featured_media":357113,"comment_status":"open","ping_status":"open","sticky":false,"template":"","format":"gallery","meta":{"footnotes":""},"categories":[24],"tags":[],"jetpack_featured_media_url":"https:\/\/zakrasnejsivimperk.cz\/wp-content\/uploads\/2025\/09\/21\/st-lavky-2.jpeg","_links":{"self":[{"href":"https:\/\/zakrasnejsivimperk.cz\/index.php?rest_route=\/wp\/v2\/posts\/357111"}],"collection":[{"href":"https:\/\/zakrasnejsivimperk.cz\/index.php?rest_route=\/wp\/v2\/posts"}],"about":[{"href":"https:\/\/zakrasnejsivimperk.cz\/index.php?rest_route=\/wp\/v2\/types\/post"}],"author":[{"embeddable":true,"href":"https:\/\/zakrasnejsivimperk.cz\/index.php?rest_route=\/wp\/v2\/users\/2"}],"replies":[{"embeddable":true,"href":"https:\/\/zakrasnejsivimperk.cz\/index.php?rest_route=%2Fwp%2Fv2%2Fcomments&post=357111"}],"version-history":[{"count":4,"href":"https:\/\/zakrasnejsivimperk.cz\/index.php?rest_route=\/wp\/v2\/posts\/357111\/revisions"}],"predecessor-version":[{"id":357134,"href":"https:\/\/zakrasnejsivimperk.cz\/index.php?rest_route=\/wp\/v2\/posts\/357111\/revisions\/357134"}],"wp:featuredmedia":[{"embeddable":true,"href":"https:\/\/zakrasnejsivimperk.cz\/index.php?rest_route=\/wp\/v2\/media\/357113"}],"wp:attachment":[{"href":"https:\/\/zakrasnejsivimperk.cz\/index.php?rest_route=%2Fwp%2Fv2%2Fmedia&parent=357111"}],"wp:term":[{"taxonomy":"category","embeddable":true,"href":"https:\/\/zakrasnejsivimperk.cz\/index.php?rest_route=%2Fwp%2Fv2%2Fcategories&post=357111"},{"taxonomy":"post_tag","embeddable":true,"href":"https:\/\/zakrasnejsivimperk.cz\/index.php?rest_route=%2Fwp%2Fv2%2Ftags&post=357111"}],"curies":[{"name":"wp","href":"https:\/\/api.w.org\/{rel}","templated":true}]}}