{"id":357044,"date":"2025-09-28T11:56:11","date_gmt":"2025-09-28T10:56:11","guid":{"rendered":"https:\/\/zakrasnejsivimperk.cz\/?p=357044"},"modified":"2025-09-29T17:33:39","modified_gmt":"2025-09-29T16:33:39","slug":"sumava-poznejte-svehlovu-chatu-na-javorniku","status":"publish","type":"post","link":"https:\/\/zakrasnejsivimperk.cz\/?p=357044","title":{"rendered":"\u0160UMAVA: Poznejte \u0160vehlovu chatu na Javorn\u00edku"},"content":{"rendered":"<h4><img loading=\"lazy\" decoding=\"async\" class=\"alignright wp-image-357045 size-full\" src=\"https:\/\/zakrasnejsivimperk.cz\/wp-content\/uploads\/2025\/09\/20\/plakat-javornik-0410.jpg\" alt=\"\" width=\"644\" height=\"911\" srcset=\"https:\/\/zakrasnejsivimperk.cz\/wp-content\/uploads\/2025\/09\/20\/plakat-javornik-0410.jpg 644w, https:\/\/zakrasnejsivimperk.cz\/wp-content\/uploads\/2025\/09\/20\/plakat-javornik-0410-212x300.jpg 212w, https:\/\/zakrasnejsivimperk.cz\/wp-content\/uploads\/2025\/09\/20\/plakat-javornik-0410-252x357.jpg 252w, https:\/\/zakrasnejsivimperk.cz\/wp-content\/uploads\/2025\/09\/20\/plakat-javornik-0410-341x483.jpg 341w\" sizes=\"(max-width: 644px) 100vw, 644px\" \/>Srde\u010dn\u011b V\u00e1s zveme na Javorn\u00edk, kde budete m\u00edt jedine\u010dnou mo\u017enost se pod\u00edvat s architektem Ji\u0159\u00edm Hanzl\u00edkem do b\u00fdval\u00e9 rekrea\u010dn\u00ed stavby z roku 1939.<\/h4>\n<h6>\u0160vehlova chata, navr\u017eena architektem Jind\u0159ichem Kohoutem, je pam\u00e1tkov\u011b chr\u00e1n\u011bn\u00fdm a hodnotn\u00fdm dokladem architektury prvn\u00ed poloviny 20. stolet\u00ed a p\u0159edstavuje ojedin\u011bl\u00fd p\u011btipodla\u017en\u00ed d\u0159ev\u011bn\u00fd srub alpsk\u00e9ho typu.<\/h6>\n<h6>Velkorys\u00e1 stavba je mimo jin\u00e9 p\u0159ipom\u00ednkou vysok\u00e9ho standardu spole\u010densk\u00e9ho \u017eivota obdob\u00ed prvn\u00ed republiky.<\/h6>\n<h6>N\u00e1v\u0161t\u011bvn\u00edci se dozv\u011bd\u00ed o historii chaty, o okolnostech v\u00fdstavby objektu, pro jak\u00e9 \u00fa\u010dely m\u011bla chata slou\u017eit, jak s jej\u00edm osudem zam\u00edchaly ud\u00e1losti 20. stolet\u00ed a pro\u010d ji mnoz\u00ed znaj\u00ed jako ozdravovnu<\/h6>\n<p>&nbsp;<\/p>\n<h6>V\u00edce informac\u00ed na <a href=\"https:\/\/www.denarchitektury.cz\/program\/javornik-na-sumave-svehlova-chata-zapomenuta-krasa-horske-architektury\/\" target=\"_blank\" rel=\"noopener\">www.denarchitektury.cz<\/a><\/h6>\n<p>&nbsp;<\/p>\n<p>&nbsp;<\/p>\n<p><a href=\"https:\/\/www.javorniksumava.cz\/\" target=\"_blank\" rel=\"noopener\"><strong>JAVORN\u00cdK NA \u0160UMAV\u011a<\/strong><\/a><\/p>\n<hr \/>\n<p>&nbsp;<\/p>\n<h6>Informovali jsme:<\/h6>\n<h4 class=\"entry-title\"><a href=\"https:\/\/zakrasnejsivimperk.cz\/?p=287327\" target=\"_blank\" rel=\"noopener\">NA N\u00c1V\u0160T\u011aV\u011a: Po roce op\u011bt s fotoapar\u00e1tem u b\u00fdval\u00e9 d\u011btsk\u00e9 ozdravovny<\/a><\/h4>\n<h4 class=\"entry-title\"><a href=\"https:\/\/zakrasnejsivimperk.cz\/?p=264370\" target=\"_blank\" rel=\"noopener\">NA N\u00c1V\u0160T\u011aV\u011a: N\u011bkdej\u0161\u00ed ozdravovna v Javorn\u00edku ch\u0159adne a smutn\u00ed<\/a><\/h4>\n<h4 class=\"entry-title\"><a href=\"https:\/\/zakrasnejsivimperk.cz\/?p=122840\" target=\"_blank\" rel=\"noopener\">HISTORICK\u00c9 FOTO: Kolektiv pracovnic d\u011btsk\u00e9 ozdravovny v Javorn\u00edku \u2013 za\u010d\u00e1tek pades\u00e1t\u00fdch let<\/a><\/h4>\n<h4 class=\"entry-title\"><a href=\"https:\/\/zakrasnejsivimperk.cz\/?p=298782\" target=\"_blank\" rel=\"noopener\">Z ARCHIV\u016e A KRONIK: Setk\u00e1n\u00ed po letech<\/a><\/h4>\n<hr \/>\n<p>&nbsp;<\/p>\n","protected":false},"excerpt":{"rendered":"<p>Srde\u010dn\u011b V\u00e1s <\/p>\n","protected":false},"author":2,"featured_media":357767,"comment_status":"open","ping_status":"open","sticky":false,"template":"","format":"gallery","meta":{"footnotes":""},"categories":[86],"tags":[],"jetpack_featured_media_url":"https:\/\/zakrasnejsivimperk.cz\/wp-content\/uploads\/2025\/09\/20\/ram-poznejte-chatu.jpg","_links":{"self":[{"href":"https:\/\/zakrasnejsivimperk.cz\/index.php?rest_route=\/wp\/v2\/posts\/357044"}],"collection":[{"href":"https:\/\/zakrasnejsivimperk.cz\/index.php?rest_route=\/wp\/v2\/posts"}],"about":[{"href":"https:\/\/zakrasnejsivimperk.cz\/index.php?rest_route=\/wp\/v2\/types\/post"}],"author":[{"embeddable":true,"href":"https:\/\/zakrasnejsivimperk.cz\/index.php?rest_route=\/wp\/v2\/users\/2"}],"replies":[{"embeddable":true,"href":"https:\/\/zakrasnejsivimperk.cz\/index.php?rest_route=%2Fwp%2Fv2%2Fcomments&post=357044"}],"version-history":[{"count":5,"href":"https:\/\/zakrasnejsivimperk.cz\/index.php?rest_route=\/wp\/v2\/posts\/357044\/revisions"}],"predecessor-version":[{"id":357865,"href":"https:\/\/zakrasnejsivimperk.cz\/index.php?rest_route=\/wp\/v2\/posts\/357044\/revisions\/357865"}],"wp:featuredmedia":[{"embeddable":true,"href":"https:\/\/zakrasnejsivimperk.cz\/index.php?rest_route=\/wp\/v2\/media\/357767"}],"wp:attachment":[{"href":"https:\/\/zakrasnejsivimperk.cz\/index.php?rest_route=%2Fwp%2Fv2%2Fmedia&parent=357044"}],"wp:term":[{"taxonomy":"category","embeddable":true,"href":"https:\/\/zakrasnejsivimperk.cz\/index.php?rest_route=%2Fwp%2Fv2%2Fcategories&post=357044"},{"taxonomy":"post_tag","embeddable":true,"href":"https:\/\/zakrasnejsivimperk.cz\/index.php?rest_route=%2Fwp%2Fv2%2Ftags&post=357044"}],"curies":[{"name":"wp","href":"https:\/\/api.w.org\/{rel}","templated":true}]}}