{"id":356977,"date":"2025-09-21T10:10:43","date_gmt":"2025-09-21T09:10:43","guid":{"rendered":"https:\/\/zakrasnejsivimperk.cz\/?p=356977"},"modified":"2025-09-24T16:39:19","modified_gmt":"2025-09-24T15:39:19","slug":"sumava-susice-voni-kavou-prvni-susicky-tyden-kavy-zve-na-zazitky-i-odpocinek","status":"publish","type":"post","link":"https:\/\/zakrasnejsivimperk.cz\/?p=356977","title":{"rendered":"\u0160UMAVA: Su\u0161ice von\u00ed k\u00e1vou. Prvn\u00ed Su\u0161ick\u00fd t\u00fdden k\u00e1vy zve na z\u00e1\u017eitky i odpo\u010dinek"},"content":{"rendered":"<p><img loading=\"lazy\" decoding=\"async\" class=\"aligncenter wp-image-357042 size-full\" src=\"https:\/\/zakrasnejsivimperk.cz\/wp-content\/uploads\/2025\/09\/20\/susice-kava.jpg\" alt=\"\" width=\"1100\" height=\"445\" srcset=\"https:\/\/zakrasnejsivimperk.cz\/wp-content\/uploads\/2025\/09\/20\/susice-kava.jpg 1100w, https:\/\/zakrasnejsivimperk.cz\/wp-content\/uploads\/2025\/09\/20\/susice-kava-300x121.jpg 300w, https:\/\/zakrasnejsivimperk.cz\/wp-content\/uploads\/2025\/09\/20\/susice-kava-1024x414.jpg 1024w, https:\/\/zakrasnejsivimperk.cz\/wp-content\/uploads\/2025\/09\/20\/susice-kava-768x311.jpg 768w, https:\/\/zakrasnejsivimperk.cz\/wp-content\/uploads\/2025\/09\/20\/susice-kava-882x357.jpg 882w\" sizes=\"(max-width: 1100px) 100vw, 1100px\" \/><\/p>\n<p>&nbsp;<\/p>\n<h6>Su\u0161ice (PROTEXT) &#8211; Su\u0161ice letos poprv\u00e9 po\u0159\u00e1d\u00e1 Su\u0161ick\u00fd t\u00fdden k\u00e1vy. Od 26. z\u00e1\u0159\u00ed do 5. \u0159\u00edjna se podhorsk\u00e9 m\u011bsto, kter\u00e9 je branou \u0160umavy, prom\u011bn\u00ed v r\u00e1j pro v\u0161echny, kdo miluj\u00ed k\u00e1vu i pohodov\u00fd odpo\u010dinek. \u010cek\u00e1 v\u00e1s 16 akc\u00ed, 12 zapojen\u00fdch podnik\u016f i k\u00e1vov\u00e1 stezka s odm\u011bnou \u2013 a mezi t\u00edm \u010das na proch\u00e1zky kolem Otavy \u010di v\u00fdhledy z okoln\u00edch kopc\u016f.<\/h6>\n<p><img loading=\"lazy\" decoding=\"async\" class=\"size-full wp-image-346153 alignright\" src=\"https:\/\/zakrasnejsivimperk.cz\/wp-content\/uploads\/2025\/05\/18\/protext-logo.jpg\" alt=\"\" width=\"278\" height=\"96\" \/>K\u00e1va a relax \u2013 to je spojen\u00ed, na kter\u00e9 v pozdn\u00edm l\u00e9t\u011b s\u00e1z\u00ed Su\u0161ice. Dvan\u00e1ct m\u00edstn\u00edch podnik\u016f p\u0159ipravilo program pln\u00fd chut\u00ed, v\u016fn\u00ed a z\u00e1\u017eitk\u016f. N\u00e1v\u0161t\u011bvn\u00edci si vyzkou\u0161\u00ed cupping, latte art i nejr\u016fzn\u011bj\u0161\u00ed techniky filtrov\u00e1n\u00ed k\u00e1vy. P\u0159ipraveny jsou tak\u00e9 p\u0159edn\u00e1\u0161ky na r\u016fzn\u00e1 t\u00e9mata, malov\u00e1n\u00ed k\u00e1vou, speci\u00e1ln\u00ed saunov\u00e9 ceremoni\u00e1ly v su\u0161ick\u00e9m baz\u00e9nu i tematick\u00e9 prom\u00edt\u00e1n\u00ed v kin\u011b. Na sv\u00e9 si p\u0159ijdou milovn\u00edci v\u00fdb\u011brov\u00fdch k\u00e1v, italsk\u00e9ho espressa i ti, kdo nedaj\u00ed dopustit na k\u00e1vu z automatu. Kompletn\u00ed program je k dispozici na webu\u00a0www.susicko.cz. D\u00edky podpo\u0159e m\u011bsta Su\u0161ice je nav\u00edc v\u011bt\u0161ina akc\u00ed zdarma.<\/p>\n<p><em>\u201eChceme, aby Su\u0161ick\u00fd t\u00fdden k\u00e1vy nebyl jen o k\u00e1v\u011b, ale tak\u00e9 o atmosf\u00e9\u0159e m\u011bsta Su\u0161ice. O tom, \u017ee si tu m\u016f\u017eete vychutnat \u0161\u00e1lek v jedn\u00e9 z devaten\u00e1cti m\u00edstn\u00edch kav\u00e1ren, cukr\u00e1ren a pek\u00e1ren, proj\u00edt se kolem \u0159eky Otavy nebo vy\u0161l\u00e1pnout na n\u011bkter\u00fd z kopc\u016f v okol\u00ed. Skute\u010dn\u00fd podzimn\u00ed chill-out ve m\u011bst\u011b, kter\u00e9 d\u00fdch\u00e1 pohodou,\u201c<\/em>\u00a0\u0159\u00edk\u00e1 D\u00e1\u0161a J\u00edchov\u00e1, mana\u017eerka Destinace Su\u0161icko.<\/p>\n<p>Velk\u00fdm l\u00e1kadlem je tak\u00e9 hern\u00ed k\u00e1vov\u00e1 stezka \u2013 n\u00e1v\u0161t\u011bvn\u00edci mohou sb\u00edrat body a z\u00edskat origin\u00e1ln\u00ed keramick\u00fd hrne\u010dek ze Su\u0161icka.<\/p>\n<p>Akce vznikla d\u00edky spolupr\u00e1ci m\u00edstn\u00edch podnik\u016f v r\u00e1mci pracovn\u00ed skupiny Destinace Su\u0161icko. <em>\u201eD\u011bkuji v\u0161em zapojen\u00fdm podnik\u016fm za spolupr\u00e1ci a m\u011bstu Su\u0161ice za podporu. V\u011b\u0159\u00edm, \u017ee se n\u00e1m spole\u010dn\u011b poda\u0159\u00ed zalo\u017eit novou m\u00edstn\u00ed tradici, kterou budeme ka\u017edoro\u010dn\u011b oslavovat nejen sv\u00e1tek sv. V\u00e1clava, ale p\u0159edev\u0161\u00edm Mezin\u00e1rodn\u00ed den k\u00e1vy, jen\u017e p\u0159ipad\u00e1 na 1. \u0159\u00edjna,\u201c<\/em> dod\u00e1v\u00e1 J\u00edchov\u00e1.<\/p>\n<p><span style=\"color: #000000; font-family: sans-serif; font-size: small;\"><strong>Praktick\u00e9 informace:<\/strong><\/span><\/p>\n<ul>\n<li>Kdy: 26. 9. \u2013 5. 10. 2025<\/li>\n<li>Kde: Su\u0161ice \u2013 Br\u00e1na \u0160umavy, 12 zapojen\u00fdch podnik\u016f<\/li>\n<li>Program a kav\u00e1rny:\u00a0<strong><a href=\"https:\/\/info.susicko.cz\/kavarny\" target=\"_blank\" rel=\"noopener\">www.info.susicko.cz\/kavarny<\/a><\/strong><\/li>\n<li>Tipy na v\u00fdlety a ubytov\u00e1n\u00ed:\u00a0<strong><a href=\"http:\/\/www.susicko.cz\/\" target=\"_blank\" rel=\"noopener\">www.susicko.cz<\/a><\/strong><\/li>\n<\/ul>\n<hr \/>\n<p>&nbsp;<\/p>\n","protected":false},"excerpt":{"rendered":"<p>&nbsp; Su\u0161ice <\/p>\n","protected":false},"author":2,"featured_media":357126,"comment_status":"open","ping_status":"open","sticky":false,"template":"","format":"gallery","meta":{"footnotes":""},"categories":[71],"tags":[],"jetpack_featured_media_url":"https:\/\/zakrasnejsivimperk.cz\/wp-content\/uploads\/2025\/09\/20\/ram-kava.jpg","_links":{"self":[{"href":"https:\/\/zakrasnejsivimperk.cz\/index.php?rest_route=\/wp\/v2\/posts\/356977"}],"collection":[{"href":"https:\/\/zakrasnejsivimperk.cz\/index.php?rest_route=\/wp\/v2\/posts"}],"about":[{"href":"https:\/\/zakrasnejsivimperk.cz\/index.php?rest_route=\/wp\/v2\/types\/post"}],"author":[{"embeddable":true,"href":"https:\/\/zakrasnejsivimperk.cz\/index.php?rest_route=\/wp\/v2\/users\/2"}],"replies":[{"embeddable":true,"href":"https:\/\/zakrasnejsivimperk.cz\/index.php?rest_route=%2Fwp%2Fv2%2Fcomments&post=356977"}],"version-history":[{"count":2,"href":"https:\/\/zakrasnejsivimperk.cz\/index.php?rest_route=\/wp\/v2\/posts\/356977\/revisions"}],"predecessor-version":[{"id":357043,"href":"https:\/\/zakrasnejsivimperk.cz\/index.php?rest_route=\/wp\/v2\/posts\/356977\/revisions\/357043"}],"wp:featuredmedia":[{"embeddable":true,"href":"https:\/\/zakrasnejsivimperk.cz\/index.php?rest_route=\/wp\/v2\/media\/357126"}],"wp:attachment":[{"href":"https:\/\/zakrasnejsivimperk.cz\/index.php?rest_route=%2Fwp%2Fv2%2Fmedia&parent=356977"}],"wp:term":[{"taxonomy":"category","embeddable":true,"href":"https:\/\/zakrasnejsivimperk.cz\/index.php?rest_route=%2Fwp%2Fv2%2Fcategories&post=356977"},{"taxonomy":"post_tag","embeddable":true,"href":"https:\/\/zakrasnejsivimperk.cz\/index.php?rest_route=%2Fwp%2Fv2%2Ftags&post=356977"}],"curies":[{"name":"wp","href":"https:\/\/api.w.org\/{rel}","templated":true}]}}