{"id":356612,"date":"2025-09-16T12:39:37","date_gmt":"2025-09-16T11:39:37","guid":{"rendered":"https:\/\/zakrasnejsivimperk.cz\/?p=356612"},"modified":"2025-09-16T12:39:37","modified_gmt":"2025-09-16T11:39:37","slug":"historicka-pohlednice-ckyne-zamek-sedesata-leta","status":"publish","type":"post","link":"https:\/\/zakrasnejsivimperk.cz\/?p=356612","title":{"rendered":"HISTORICK\u00c1 POHLEDNICE: \u010ckyn\u011b &#8211; z\u00e1mek (\u0161edes\u00e1t\u00e1 l\u00e9ta)"},"content":{"rendered":"<figure id=\"attachment_356613\" aria-describedby=\"caption-attachment-356613\" style=\"width: 827px\" class=\"wp-caption aligncenter\"><img loading=\"lazy\" decoding=\"async\" class=\"wp-image-356613 size-full\" src=\"https:\/\/zakrasnejsivimperk.cz\/wp-content\/uploads\/2025\/09\/14\/Zamek-ve-Ckyni-v-popredi-most-pres-Nahoransky-potok-se-sochou-sv.-Jana-Nepomuckeho-60.-leta.jpg\" alt=\"\" width=\"827\" height=\"577\" srcset=\"https:\/\/zakrasnejsivimperk.cz\/wp-content\/uploads\/2025\/09\/14\/Zamek-ve-Ckyni-v-popredi-most-pres-Nahoransky-potok-se-sochou-sv.-Jana-Nepomuckeho-60.-leta.jpg 827w, https:\/\/zakrasnejsivimperk.cz\/wp-content\/uploads\/2025\/09\/14\/Zamek-ve-Ckyni-v-popredi-most-pres-Nahoransky-potok-se-sochou-sv.-Jana-Nepomuckeho-60.-leta-300x209.jpg 300w, https:\/\/zakrasnejsivimperk.cz\/wp-content\/uploads\/2025\/09\/14\/Zamek-ve-Ckyni-v-popredi-most-pres-Nahoransky-potok-se-sochou-sv.-Jana-Nepomuckeho-60.-leta-768x536.jpg 768w, https:\/\/zakrasnejsivimperk.cz\/wp-content\/uploads\/2025\/09\/14\/Zamek-ve-Ckyni-v-popredi-most-pres-Nahoransky-potok-se-sochou-sv.-Jana-Nepomuckeho-60.-leta-512x357.jpg 512w, https:\/\/zakrasnejsivimperk.cz\/wp-content\/uploads\/2025\/09\/14\/Zamek-ve-Ckyni-v-popredi-most-pres-Nahoransky-potok-se-sochou-sv.-Jana-Nepomuckeho-60.-leta-692x483.jpg 692w\" sizes=\"(max-width: 827px) 100vw, 827px\" \/><figcaption id=\"caption-attachment-356613\" class=\"wp-caption-text\">Zdroj: Facebook<\/figcaption><\/figure>\n<hr \/>\n<p>&nbsp;<\/p>\n","protected":false},"excerpt":{"rendered":"<p>&nbsp;<\/p>\n","protected":false},"author":2,"featured_media":356614,"comment_status":"open","ping_status":"open","sticky":false,"template":"","format":"gallery","meta":{"footnotes":""},"categories":[74,92],"tags":[],"jetpack_featured_media_url":"https:\/\/zakrasnejsivimperk.cz\/wp-content\/uploads\/2025\/09\/14\/ram-pohled-ckyne.jpg","_links":{"self":[{"href":"https:\/\/zakrasnejsivimperk.cz\/index.php?rest_route=\/wp\/v2\/posts\/356612"}],"collection":[{"href":"https:\/\/zakrasnejsivimperk.cz\/index.php?rest_route=\/wp\/v2\/posts"}],"about":[{"href":"https:\/\/zakrasnejsivimperk.cz\/index.php?rest_route=\/wp\/v2\/types\/post"}],"author":[{"embeddable":true,"href":"https:\/\/zakrasnejsivimperk.cz\/index.php?rest_route=\/wp\/v2\/users\/2"}],"replies":[{"embeddable":true,"href":"https:\/\/zakrasnejsivimperk.cz\/index.php?rest_route=%2Fwp%2Fv2%2Fcomments&post=356612"}],"version-history":[{"count":1,"href":"https:\/\/zakrasnejsivimperk.cz\/index.php?rest_route=\/wp\/v2\/posts\/356612\/revisions"}],"predecessor-version":[{"id":356615,"href":"https:\/\/zakrasnejsivimperk.cz\/index.php?rest_route=\/wp\/v2\/posts\/356612\/revisions\/356615"}],"wp:featuredmedia":[{"embeddable":true,"href":"https:\/\/zakrasnejsivimperk.cz\/index.php?rest_route=\/wp\/v2\/media\/356614"}],"wp:attachment":[{"href":"https:\/\/zakrasnejsivimperk.cz\/index.php?rest_route=%2Fwp%2Fv2%2Fmedia&parent=356612"}],"wp:term":[{"taxonomy":"category","embeddable":true,"href":"https:\/\/zakrasnejsivimperk.cz\/index.php?rest_route=%2Fwp%2Fv2%2Fcategories&post=356612"},{"taxonomy":"post_tag","embeddable":true,"href":"https:\/\/zakrasnejsivimperk.cz\/index.php?rest_route=%2Fwp%2Fv2%2Ftags&post=356612"}],"curies":[{"name":"wp","href":"https:\/\/api.w.org\/{rel}","templated":true}]}}