{"id":356602,"date":"2025-09-14T12:48:26","date_gmt":"2025-09-14T11:48:26","guid":{"rendered":"https:\/\/zakrasnejsivimperk.cz\/?p=356602"},"modified":"2025-09-14T12:48:26","modified_gmt":"2025-09-14T11:48:26","slug":"historicka-pohlednice-zdikov-30-leta","status":"publish","type":"post","link":"https:\/\/zakrasnejsivimperk.cz\/?p=356602","title":{"rendered":"HISTORICK\u00c1 POHLEDNICE: Zd\u00edkov (30. l\u00e9ta)"},"content":{"rendered":"<figure id=\"attachment_356603\" aria-describedby=\"caption-attachment-356603\" style=\"width: 1100px\" class=\"wp-caption aligncenter\"><img loading=\"lazy\" decoding=\"async\" class=\"wp-image-356603 size-full\" src=\"https:\/\/zakrasnejsivimperk.cz\/wp-content\/uploads\/2025\/09\/14\/Zdikov-na-Sumave-hotel-Central-cca-30.-leta.jpg\" alt=\"\" width=\"1100\" height=\"764\" srcset=\"https:\/\/zakrasnejsivimperk.cz\/wp-content\/uploads\/2025\/09\/14\/Zdikov-na-Sumave-hotel-Central-cca-30.-leta.jpg 1100w, https:\/\/zakrasnejsivimperk.cz\/wp-content\/uploads\/2025\/09\/14\/Zdikov-na-Sumave-hotel-Central-cca-30.-leta-300x208.jpg 300w, https:\/\/zakrasnejsivimperk.cz\/wp-content\/uploads\/2025\/09\/14\/Zdikov-na-Sumave-hotel-Central-cca-30.-leta-1024x711.jpg 1024w, https:\/\/zakrasnejsivimperk.cz\/wp-content\/uploads\/2025\/09\/14\/Zdikov-na-Sumave-hotel-Central-cca-30.-leta-768x533.jpg 768w, https:\/\/zakrasnejsivimperk.cz\/wp-content\/uploads\/2025\/09\/14\/Zdikov-na-Sumave-hotel-Central-cca-30.-leta-514x357.jpg 514w, https:\/\/zakrasnejsivimperk.cz\/wp-content\/uploads\/2025\/09\/14\/Zdikov-na-Sumave-hotel-Central-cca-30.-leta-695x483.jpg 695w\" sizes=\"(max-width: 1100px) 100vw, 1100px\" \/><figcaption id=\"caption-attachment-356603\" class=\"wp-caption-text\">Zdroj: Facebook<\/figcaption><\/figure>\n<hr \/>\n<p>&nbsp;<\/p>\n","protected":false},"excerpt":{"rendered":"<p>&nbsp;<\/p>\n","protected":false},"author":2,"featured_media":356604,"comment_status":"open","ping_status":"open","sticky":false,"template":"","format":"gallery","meta":{"footnotes":""},"categories":[74,92],"tags":[],"jetpack_featured_media_url":"https:\/\/zakrasnejsivimperk.cz\/wp-content\/uploads\/2025\/09\/14\/ram-pohled-zdikov.jpg","_links":{"self":[{"href":"https:\/\/zakrasnejsivimperk.cz\/index.php?rest_route=\/wp\/v2\/posts\/356602"}],"collection":[{"href":"https:\/\/zakrasnejsivimperk.cz\/index.php?rest_route=\/wp\/v2\/posts"}],"about":[{"href":"https:\/\/zakrasnejsivimperk.cz\/index.php?rest_route=\/wp\/v2\/types\/post"}],"author":[{"embeddable":true,"href":"https:\/\/zakrasnejsivimperk.cz\/index.php?rest_route=\/wp\/v2\/users\/2"}],"replies":[{"embeddable":true,"href":"https:\/\/zakrasnejsivimperk.cz\/index.php?rest_route=%2Fwp%2Fv2%2Fcomments&post=356602"}],"version-history":[{"count":1,"href":"https:\/\/zakrasnejsivimperk.cz\/index.php?rest_route=\/wp\/v2\/posts\/356602\/revisions"}],"predecessor-version":[{"id":356605,"href":"https:\/\/zakrasnejsivimperk.cz\/index.php?rest_route=\/wp\/v2\/posts\/356602\/revisions\/356605"}],"wp:featuredmedia":[{"embeddable":true,"href":"https:\/\/zakrasnejsivimperk.cz\/index.php?rest_route=\/wp\/v2\/media\/356604"}],"wp:attachment":[{"href":"https:\/\/zakrasnejsivimperk.cz\/index.php?rest_route=%2Fwp%2Fv2%2Fmedia&parent=356602"}],"wp:term":[{"taxonomy":"category","embeddable":true,"href":"https:\/\/zakrasnejsivimperk.cz\/index.php?rest_route=%2Fwp%2Fv2%2Fcategories&post=356602"},{"taxonomy":"post_tag","embeddable":true,"href":"https:\/\/zakrasnejsivimperk.cz\/index.php?rest_route=%2Fwp%2Fv2%2Ftags&post=356602"}],"curies":[{"name":"wp","href":"https:\/\/api.w.org\/{rel}","templated":true}]}}