{"id":355475,"date":"2025-09-02T12:13:16","date_gmt":"2025-09-02T11:13:16","guid":{"rendered":"https:\/\/zakrasnejsivimperk.cz\/?p=355475"},"modified":"2025-09-02T12:13:16","modified_gmt":"2025-09-02T11:13:16","slug":"aktuality-nadace-cez-podpori-upravu-turistickych-bezkarskych-i-cyklistickych-tras-o-pulmilionovy-prispevek-lze-zadat-od-1-zari","status":"publish","type":"post","link":"https:\/\/zakrasnejsivimperk.cz\/?p=355475","title":{"rendered":"AKTUALITY: Nadace \u010cEZ podpo\u0159\u00ed \u00fapravu turistick\u00fdch, b\u011b\u017eka\u0159sk\u00fdch i cyklistick\u00fdch tras. O p\u016flmili\u00f3nov\u00fd p\u0159\u00edsp\u011bvek lze \u017e\u00e1dat od 1. z\u00e1\u0159\u00ed"},"content":{"rendered":"<p><img loading=\"lazy\" decoding=\"async\" class=\"aligncenter wp-image-342981 size-large\" src=\"https:\/\/zakrasnejsivimperk.cz\/wp-content\/uploads\/2025\/04\/16\/logo-cez-xxx-1024x438.jpg\" alt=\"\" width=\"700\" height=\"299\" srcset=\"https:\/\/zakrasnejsivimperk.cz\/wp-content\/uploads\/2025\/04\/16\/logo-cez-xxx-1024x438.jpg 1024w, https:\/\/zakrasnejsivimperk.cz\/wp-content\/uploads\/2025\/04\/16\/logo-cez-xxx-300x128.jpg 300w, https:\/\/zakrasnejsivimperk.cz\/wp-content\/uploads\/2025\/04\/16\/logo-cez-xxx-768x329.jpg 768w, https:\/\/zakrasnejsivimperk.cz\/wp-content\/uploads\/2025\/04\/16\/logo-cez-xxx-834x357.jpg 834w, https:\/\/zakrasnejsivimperk.cz\/wp-content\/uploads\/2025\/04\/16\/logo-cez-xxx.jpg 1100w\" sizes=\"(max-width: 700px) 100vw, 700px\" \/><\/p>\n<p>&nbsp;<\/p>\n<h6>Od 1. z\u00e1\u0159\u00ed mohou z\u00e1jemci \u017e\u00e1dat o finan\u010dn\u00ed podporu na \u00fadr\u017ebu, modernizace, opravy \u010di zabezpe\u010den\u00ed tras po cel\u00e9 \u010cesk\u00e9 republice. \u00dasp\u011b\u0161n\u00ed uchaze\u010di mohou od Nadace \u010cEZ z\u00edskat p\u016fl milionu korun. V prvn\u00edm leto\u0161n\u00edm grantov\u00e9m kole v \u00fanoru usp\u011blo 56 \u017e\u00e1dost\u00ed, celkem ji\u017e Nadace \u010cEZ podpo\u0159ila 170 projekt\u016f za v\u00edce ne\u017e 60 milion\u016f korun. \u017d\u00e1dosti do druh\u00e9ho kola je mo\u017en\u00e9 pod\u00e1vat do 30. z\u00e1\u0159\u00ed.<\/h6>\n<p>Obnova zna\u010den\u00ed, instalace lavi\u010dek, informa\u010dn\u00edch cedul\u00ed, odpadkov\u00fdch ko\u0161\u016f, ale i zakoupen\u00ed technick\u00e9ho vybaven\u00ed pro tvorbu a \u00fapravu zimn\u00edch b\u011b\u017eeck\u00fdch stop. To jsou jen p\u0159\u00edklady oblast\u00ed, na kter\u00e9 mohou z\u00e1jemci z\u00edskat a\u017e p\u016flmili\u00f3nov\u00fd dar od Nadace \u010cEZ. Na jihu \u010cech energetick\u00e1 nadace v prvn\u00edm leto\u0161n\u00ed kole podpo\u0159ila obce Kvilda a Vimperk, kter\u00e9 dohromady z\u00edskaly mili\u00f3n korun na \u00fapravu b\u011b\u017eeck\u00fdch stop. Obec Kvilda vyu\u017eila p\u016flmili\u00f3nov\u00fd dar na po\u0159\u00edzen\u00ed dvou x-trackov\u00fdch p\u00e1s\u016f pro rolbu na \u00fapravu b\u011b\u017eeck\u00fdch stop. <em>\u201eJe to reakce na m\u011bn\u00edc\u00ed se po\u010das\u00ed a slab\u00e9 sn\u011bhov\u00e9 podm\u00ednky. Kdy\u017e je v zim\u011b m\u00e1lo sn\u011bhu, p\u00e1sy se rychleji opot\u0159ebov\u00e1vaj\u00ed a nav\u00edc ni\u010d\u00ed komunikace. A pro takov\u00e9 podm\u00ednky jsou pak v\u00fdhodn\u011bj\u0161\u00ed gumov\u00e9 p\u00e1sy, d\u00edky kter\u00fdm se rolba dostane i do vzd\u00e1len\u011bj\u0161\u00edch m\u00edst,\u201c<\/em> \u0159ekl starosta Kvildy Radek Th\u00e9r.<\/p>\n<p>Grant funguje od roku 2023 a je ur\u010den obc\u00edm, spolk\u016fm i neziskov\u00fdm organizac\u00edm, kter\u00e9 jednotliv\u00e9 trasy spravuj\u00ed. \u201e<em>Z\u00e1jem o grant je skute\u010dn\u011b velk\u00fd a zam\u011b\u0159en\u00ed podpory skute\u010dn\u011b pestr\u00e9. Pozorujeme, \u017ee \u017eadatel\u00e9 p\u0159em\u00fd\u0161lej\u00ed o projektech koncep\u010dn\u011b a i kvalita \u017e\u00e1dost\u00ed se s ka\u017ed\u00fdm kolem zvy\u0161uje. Od roku 2023, kdy jsme grant spustili, jsme podpo\u0159ili 170 projekt\u016f za v\u00edce ne\u017e 60 milion\u016f korun, tak\u017ee p\u0159edpokl\u00e1d\u00e1me, \u017ee po leto\u0161n\u00edm podzimn\u00edm kole p\u0159ekro\u010d\u00edme hranici 200 projekt\u016f. Douf\u00e1me, \u017ee d\u00edky investic\u00edm do obnovy a \u00fapravy letn\u00edch i zimn\u00edch tras, si k pobytu v p\u0159\u00edrod\u011b a objevov\u00e1n\u00ed kr\u00e1s na\u0161\u00ed zem\u011b najde cestu v\u00edc lid\u00ed,\u201c<\/em> \u0159\u00edk\u00e1 \u0159editelka Nadace \u010cEZ Michaela Zikov\u00e1.<\/p>\n<p>Z\u00e1jemci mohou \u017e\u00e1dosti je mo\u017en\u00e9 pod\u00e1vat do 30. z\u00e1\u0159\u00ed p\u0159es webov\u00e9 str\u00e1nky Nadace \u010cEZ.V \u010cesk\u00e9 republice je zhruba 44 tis\u00edc kilometr\u016f zna\u010den\u00fdch turistick\u00fdch a t\u00e9m\u011b\u0159 10 tis\u00edc kilometr\u016f b\u011b\u017eka\u0159sk\u00fdch trat\u00ed. Podrobn\u011bj\u0161\u00ed informace o grantu naleznete na webu Nadace \u010cEZ.<\/p>\n<ul>\n<li><strong>O Nadaci \u010cEZ:<\/strong> Vznikla v roce 2002 (tehdy jako Nadace Duhov\u00e9 energie) jako firemn\u00ed nadace energetick\u00e9 spole\u010dnosti \u010cEZ, a. s., s c\u00edlem zast\u0159e\u0161it jej\u00ed d\u00e1rcovsk\u00e9 aktivity. V roce 2003 rozjela prvn\u00ed grantov\u00e1 \u0159\u00edzen\u00ed Podpora region\u016f a Duhov\u00e1 (dnes Oran\u017eov\u00e1) h\u0159i\u0161t\u011b, kter\u00e1 nep\u0159etr\u017eit\u011b provozuje dodnes. Nadace \u010cEZ se pravideln\u011b umis\u0165uje na prvn\u00edch p\u0159\u00ed\u010dk\u00e1ch \u017eeb\u0159\u00ed\u010dku nej\u0161t\u011bd\u0159ej\u0161\u00edch firemn\u00edch nadac\u00ed podle F\u00f3ra d\u00e1rc\u016f. V roce 2024 obh\u00e1jila 1. m\u00edsto. Ka\u017edoro\u010dn\u011b podporuje ve v\u0161ech regionech stovky projekt\u016f za des\u00edtky milion\u016f korun. V\u00edce na <a href=\"https:\/\/www.nadacecez.cz\/\" target=\"_blank\" rel=\"noopener\"><strong>www.nadacecez.cz<\/strong><\/a>.<\/li>\n<\/ul>\n<p><strong>Marek SVIT\u00c1K, \u010cEZ<\/strong><\/p>\n<hr \/>\n<p>&nbsp;<\/p>\n","protected":false},"excerpt":{"rendered":"<p>&nbsp; Od <\/p>\n","protected":false},"author":2,"featured_media":355476,"comment_status":"open","ping_status":"open","sticky":false,"template":"","format":"gallery","meta":{"footnotes":""},"categories":[179],"tags":[],"jetpack_featured_media_url":"https:\/\/zakrasnejsivimperk.cz\/wp-content\/uploads\/2025\/09\/02\/nove-cez.jpg","_links":{"self":[{"href":"https:\/\/zakrasnejsivimperk.cz\/index.php?rest_route=\/wp\/v2\/posts\/355475"}],"collection":[{"href":"https:\/\/zakrasnejsivimperk.cz\/index.php?rest_route=\/wp\/v2\/posts"}],"about":[{"href":"https:\/\/zakrasnejsivimperk.cz\/index.php?rest_route=\/wp\/v2\/types\/post"}],"author":[{"embeddable":true,"href":"https:\/\/zakrasnejsivimperk.cz\/index.php?rest_route=\/wp\/v2\/users\/2"}],"replies":[{"embeddable":true,"href":"https:\/\/zakrasnejsivimperk.cz\/index.php?rest_route=%2Fwp%2Fv2%2Fcomments&post=355475"}],"version-history":[{"count":1,"href":"https:\/\/zakrasnejsivimperk.cz\/index.php?rest_route=\/wp\/v2\/posts\/355475\/revisions"}],"predecessor-version":[{"id":355479,"href":"https:\/\/zakrasnejsivimperk.cz\/index.php?rest_route=\/wp\/v2\/posts\/355475\/revisions\/355479"}],"wp:featuredmedia":[{"embeddable":true,"href":"https:\/\/zakrasnejsivimperk.cz\/index.php?rest_route=\/wp\/v2\/media\/355476"}],"wp:attachment":[{"href":"https:\/\/zakrasnejsivimperk.cz\/index.php?rest_route=%2Fwp%2Fv2%2Fmedia&parent=355475"}],"wp:term":[{"taxonomy":"category","embeddable":true,"href":"https:\/\/zakrasnejsivimperk.cz\/index.php?rest_route=%2Fwp%2Fv2%2Fcategories&post=355475"},{"taxonomy":"post_tag","embeddable":true,"href":"https:\/\/zakrasnejsivimperk.cz\/index.php?rest_route=%2Fwp%2Fv2%2Ftags&post=355475"}],"curies":[{"name":"wp","href":"https:\/\/api.w.org\/{rel}","templated":true}]}}