{"id":355422,"date":"2025-09-02T17:48:57","date_gmt":"2025-09-02T16:48:57","guid":{"rendered":"https:\/\/zakrasnejsivimperk.cz\/?p=355422"},"modified":"2025-09-02T17:48:57","modified_gmt":"2025-09-02T16:48:57","slug":"stara-sumava-a-posumavi-zarijove-rozjimani","status":"publish","type":"post","link":"https:\/\/zakrasnejsivimperk.cz\/?p=355422","title":{"rendered":"STAR\u00c1 \u0160UMAVA A PO\u0160UMAV\u00cd: Z\u00e1\u0159ijov\u00e9 rozj\u00edm\u00e1n\u00ed"},"content":{"rendered":"<p><img loading=\"lazy\" decoding=\"async\" class=\"aligncenter wp-image-355423 size-full\" src=\"https:\/\/zakrasnejsivimperk.cz\/wp-content\/uploads\/2025\/09\/02\/ZARI-NA-SUMAVE.jpg\" alt=\"\" width=\"1051\" height=\"540\" srcset=\"https:\/\/zakrasnejsivimperk.cz\/wp-content\/uploads\/2025\/09\/02\/ZARI-NA-SUMAVE.jpg 1051w, https:\/\/zakrasnejsivimperk.cz\/wp-content\/uploads\/2025\/09\/02\/ZARI-NA-SUMAVE-300x154.jpg 300w, https:\/\/zakrasnejsivimperk.cz\/wp-content\/uploads\/2025\/09\/02\/ZARI-NA-SUMAVE-1024x526.jpg 1024w, https:\/\/zakrasnejsivimperk.cz\/wp-content\/uploads\/2025\/09\/02\/ZARI-NA-SUMAVE-768x395.jpg 768w, https:\/\/zakrasnejsivimperk.cz\/wp-content\/uploads\/2025\/09\/02\/ZARI-NA-SUMAVE-695x357.jpg 695w, https:\/\/zakrasnejsivimperk.cz\/wp-content\/uploads\/2025\/09\/02\/ZARI-NA-SUMAVE-940x483.jpg 940w\" sizes=\"(max-width: 1051px) 100vw, 1051px\" \/><\/p>\n<p>&nbsp;<\/p>\n<h6>Leto\u0161n\u00ed pr\u00e1zdniny jsou definitivn\u011b za n\u00e1mi. Zbydou u\u017e jen vzpom\u00ednky, te\u010f je\u0161t\u011b \u010derstv\u00e9, pozd\u011bji je p\u0159ipomenou u\u017e jen fotky a suven\u00fdry a nov\u011b objeven\u00e1 m\u00edsta i lid\u00e9 budou postupn\u011b blednout s t\u00edm, jak na n\u011b bude sedat prach ka\u017edodenn\u00edch starost\u00ed.<\/h6>\n<p>V\u016fn\u011b pose\u010den\u00e9 tr\u00e1vy se zm\u011bn\u00ed ve v\u016fni \u010derstv\u011b o\u0159ezan\u00fdch pastelek a d\u00fdmu z p\u00e1len\u00e9ho list\u00ed a chu\u0165 jahod a t\u0159e\u0161n\u00ed vyst\u0159\u00eddaj\u00ed \u0161vestkov\u00e9 knedl\u00edky a jable\u010dn\u00e9 kol\u00e1\u010de. Bor\u016fv\u010d\u00ed v lese u\u017e sv\u00e9 fialov\u00e9 plody tak\u00e9 vydalo, te\u010f tu najdeme u\u017e jen klouzky a h\u0159\u00edbky, kter\u00e9 se schov\u00e1vaj\u00ed v jeho st\u00ednu. V obchodech, kde je\u0161t\u011b dnes naraz\u00edme na melouny a \u010derstvou zeleninu, budou u\u017e za chv\u00edli st\u00e1t vyrovnan\u00ed \u010dokol\u00e1dov\u00ed Mikul\u00e1\u0161i, kte\u0159\u00ed n\u00e1s budou d\u011bsit. L\u00e9to se je\u0161t\u011b p\u00e1rkr\u00e1t nadechne k p\u0159\u00edjemn\u00fdm teplot\u00e1m, ale i ono samo v\u00ed, \u017ee je to jen zoufal\u00fd pokus, \u017ee p\u0159\u00edrodn\u00ed kolob\u011bh neo\u0161\u00e1l\u00ed a brzy bude muset p\u0159edat \u017eezlo podzimu. I ten um\u00ed b\u00fdt kr\u00e1sn\u00fd, jen nen\u00ed tolik \u010dasu zastavit se a vychutn\u00e1vat si ho. A\u017e se p\u0159evl\u00e9kne do sv\u00e9ho pestrobarevn\u00e9ho, strakat\u00e9ho kab\u00e1tu, budeme m\u00edt u\u017e d\u00e1vno plnou hlavu pracovn\u00edch povinnost\u00ed a u\u010diva, kter\u00e9 je t\u0159eba zvl\u00e1dnout.<\/p>\n<p>M\u011bs\u00edc z\u00e1\u0159\u00ed m\u00e1 mnoho z n\u00e1s velmi r\u00e1do. P\u0159\u00edroda se p\u0159\u00edjemn\u011b barv\u00ed, nast\u00e1v\u00e1 \u010das zklidn\u011bn\u00ed a tak\u00e9 m\u016f\u017ee p\u0159ij\u00edt bab\u00ed l\u00e9to. V p\u0159\u00edrod\u011b za\u010d\u00edn\u00e1 podzim slune\u010dn\u00edmi dny pln\u00fdmi n\u00e1dhern\u00fdch barev podzimn\u00edch kv\u011btin a potom se zabarv\u00ed neskute\u010dn\u011b list\u00ed. Po ur\u010dit\u00e9 dob\u011b, ale tato kr\u00e1sa pomine. Kdy\u017e jsme byli d\u011bti a pak studenti, byl za\u010d\u00e1tek z\u00e1\u0159\u00ed za\u010d\u00e1tkem \u0161koln\u00edho roku. I kdy\u017e u\u017e jsme dosp\u011bl\u00ed st\u00e1le n\u00e1s tato doba v\u00fdrazn\u011b ovliv\u0148uje. P\u0159ejeme v\u00e1m \u00fasp\u011b\u0161n\u00fd start do nov\u00e9ho \u0161koln\u00edho roku, kter\u00fd m\u00e1te a budete m\u00edt v hlav\u011b i kdy\u017e do \u0161koly u\u017e d\u00e1vno nechod\u00edte. Vlastn\u011b podobn\u00fd je i podzim na\u0161eho \u017eivota, kter\u00fd za\u010d\u00edn\u00e1 odchodem do d\u016fchodu. Teoreticky z\u00edsk\u00e1me t\u0159etinu dne, kterou m\u00e1me pro sebe. Je to ale tak trochu jinak.<\/p>\n<p>Zjist\u00edme, \u017ee v posledn\u00ed dob\u011b jsme hodn\u011b v\u011bc\u00ed nest\u00edhali a kouk\u00e1me to napravit. Ale u\u017e nejsme takov\u00ed rychl\u00edci a i ta hodina se zd\u00e1 b\u00fdt krat\u0161\u00ed. I na\u0161e nohy nejen\u017ee u\u017e neum\u00ed ut\u00edkat, ostatn\u011b to u\u017e ani nepot\u0159ebujeme, ale \u010dasto zabol\u00ed a pot\u0159ebuj\u00ed si odpo\u010dinout. N\u00e1hle \u010das za\u010d\u00edn\u00e1 ub\u00edhat neskute\u010dn\u011b rychle, s\u00edly ub\u00fdvaj\u00ed, naopak p\u0159ib\u00fdvaj\u00ed bol\u00edstky. Nel\u00e1k\u00e1 n\u00e1s odl\u00e9tat do tepl\u00fdch krajin jako ta\u017en\u00ed pt\u00e1ci, tam se pod\u00edv\u00e1me v televizi a jsme nejrad\u011bji doma. A tehdy nast\u00e1v\u00e1 \u010das pozdn\u00edho podzimu jako v t\u00e9 p\u0159\u00edrod\u011b. M\u00e1me dv\u011b varianty, jak se s t\u00edm vyrovnat. Ta hor\u0161\u00ed je mra\u010dit se, pozorovat jak st\u00e1rneme, sledovat co n\u00e1s je\u0161t\u011b nebol\u00ed, zn\u00e1m\u00fdm vypravovat o na\u0161ich chorob\u00e1ch a nad\u00e1vat na dobu.<\/p>\n<p>Druh\u00e1 varianta je br\u00e1t \u017eivot ve st\u00e1\u0159\u00ed s humorem. Ve skute\u010dnosti jde i ty pon\u011bkud \u0161ediv\u00e9 dny prosv\u00edtit. A pr\u00e1v\u011b t\u00edm sv\u011bt\u00e9lkem jsou vzpom\u00ednky. Sta\u010d\u00ed se t\u0159eba pod\u00edvat na star\u00e9 fotografie, kde jsme jako d\u011bti s rodi\u010di a o\u017eiv\u00ed se n\u00e1m r\u00e1zem vzpom\u00ednky na to hezk\u00e9, co jsme pro\u017eili. Kdy\u017e n\u00e1s n\u011bco bol\u00ed do postele ul\u00e9h\u00e1me s t\u00edm, \u017ee r\u00e1no to bude ur\u010dit\u011b lep\u0161\u00ed. M\u016f\u017eeme se t\u011b\u0161it z \u00fasp\u011bchu d\u011bt\u00ed, vnou\u010dat a mo\u017en\u00e1 i pravnou\u010dat. Vyma\u017eeme ze vzpom\u00ednek to nep\u011bkn\u00e9 a ka\u017ed\u00fd nov\u00fd den berme jako dar nejvz\u00e1cn\u011bj\u0161\u00ed. D\u016fle\u017eit\u00e9 je nemra\u010dit se, proto\u017ee star\u00e1 moudrost prav\u00ed, \u017ee sm\u00edch je nejlep\u0161\u00ed l\u00e9ka\u0159. Takto zjist\u00edme, \u017ee i ten pozdn\u00ed podzim \u017eivota je hezk\u00fd.<\/p>\n<p><strong>Z\u00e1\u0159\u00ed<\/strong><br \/>\n<em>Ko\u0161\u00edky u\u017e jsou vrchovat\u00e9,<\/em><br \/>\n<em>vy na kv\u011bty v\u0161ak vzpom\u00edn\u00e1te,<\/em><br \/>\n<em>kdy\u017e rozpukly a zr\u016f\u017eov\u011bly<\/em><br \/>\n<em>a p\u0159ilet\u011bly prvn\u00ed v\u010dely.<\/em><br \/>\n<em>Ta tam je k\u0159ehk\u00e1 kr\u00e1sa jejich,<\/em><br \/>\n<em>\u017eeb\u0159\u00edky vid\u00ed\u0161 po alej\u00edch.<\/em><br \/>\n<em>Na dr\u00e1t\u011b, kter\u00fd teskn\u011b zp\u00edv\u00e1,<\/em><br \/>\n<em>vla\u0161tovka sed\u00ed zimom\u0159iv\u00e1<\/em><br \/>\n<em>a d\u00e9\u0161\u0165 j\u00ed st\u00e9k\u00e1 po fr\u00e1\u010dku.<\/em><br \/>\n<em>Je z\u00e1\u0159\u00ed, m\u011bs\u00edc pas\u00e1\u010dk\u016f.<\/em> <strong>(Jaroslav Seifert)<\/strong><\/p>\n<p>Z\u00e1\u0159\u00ed, bab\u00ed l\u00e9to a n\u00e1sledn\u011b cel\u00fd podzim jest odjak\u017eiva dobou rozj\u00edm\u00e1n\u00ed, jakkoli mnoz\u00ed z n\u00e1s na n\u011bco takov\u00e9ho prost\u011b nemaj\u00ed \u010das. P\u0159esto na\u0161e p\u0159irozen\u00e9 vnit\u0159n\u00ed biorytmy sleduj\u00ed tento cyklus a ka\u017edoro\u010dn\u011b se n\u00e1s pokou\u0161ej\u00ed alespo\u0148 trochu zpomalit a uklidit si vlastn\u00ed pr\u00e1h je\u0161t\u011b p\u0159ed zimou. Je to prost\u011b tak \u2013 z\u00e1\u0159\u00ed je jedine\u010dn\u00fdm m\u011bs\u00edcem; pro ka\u017ed\u00e9ho m\u00e1 trochu jinou chu\u0165, v\u016fni, n\u00e1ladu.<\/p>\n<p>Z\u00e1\u0159\u00ed je velmi specifick\u00fd m\u011bs\u00edc. M\u00e1 mnoho tv\u00e1\u0159\u00ed a umo\u017e\u0148uje spoustu jedine\u010dn\u00fdch \u010dinnost\u00ed, kter\u00e9 ani nemohou b\u00fdt kon\u00e1ny jindy, a pokud p\u0159ece, nem\u011bly by stejn\u00fd v\u00fdsledek. Samotn\u00fd n\u00e1zev m\u011bs\u00edce z\u00e1\u0159\u00ed nevznikl proto, \u017ee by slunce n\u011bjak v\u00fdjime\u010dn\u011b z\u00e1\u0159ilo, n\u00fdbr\u017e ze star\u00e9ho pojmu \u201eza \u0159\u00edje\u201c, tedy z faktu, \u017ee u divok\u00e9 zv\u011b\u0159e nast\u00e1v\u00e1 obdob\u00ed \u0159\u00edje.<\/p>\n<p>My, d\u0159\u00edve narozen\u00ed, si z\u00e1\u0159\u00ed pamatujeme tak\u00e9 jako dobu neodmysliteln\u011b spojenou s pracovn\u00edmi brig\u00e1dami, mnoz\u00ed m\u00e1me sv\u00e9 \u201estarce na chmelu\u201c \u010di v\u016fni brambor, pe\u010den\u00fdch v popelu z oh\u00fdnku, v pam\u011bti nav\u017edy. P\u0159i n\u011bkdej\u0161\u00edm dobrovoln\u011b povinn\u00e9m \u0161koln\u00edm sb\u011bru brambor, chmelov\u00fdch \u0161i\u0161tic \u010di sklizni lnu jsme m\u011bli p\u0159\u00edle\u017eitost poznat nejen nov\u00e9 kamar\u00e1dy a spoustu legrace, ale i tvrdou d\u0159inu zem\u011bd\u011blc\u016f a zku\u0161enost prvn\u00edch vlastn\u00edch skromn\u00fdch v\u00fdd\u011blk\u016f. T\u011bch p\u00e1r poctiv\u011b vyd\u011blan\u00fdch korun v\u011bt\u0161inou rychle padlo na p\u0159ilep\u0161en\u00ed.<\/p>\n<p>Shon kolem \u0161koln\u00edch pom\u016fcek je u n\u00e1s trval\u00fdm koloritem z\u00e1\u0159ijov\u00fdch dn\u016f u\u017e od dob Marie Terezie, kter\u00e1 zavedla povinnou \u0161koln\u00ed doch\u00e1zku na sklonku roku 1774. P\u0159es dv\u011b st\u011b pades\u00e1t let \u0161kolstv\u00ed, to u\u017e chce v\u00fddr\u017e, \u017ee? A to pros\u00edm v protestantsk\u00e9 \u010d\u00e1sti dne\u0161n\u00edho N\u011bmecka \u0161kol\u00e1ci povinn\u011b usedali do lavic dokonce u\u017e o dv\u011b stolet\u00ed d\u0159\u00edve.<\/p>\n<p>Z\u00e1\u0159\u00ed, to jsou prvn\u00ed chladn\u00e9 rann\u00ed mlhy, studen\u00e1 rosa a p\u0159ekvapiv\u011b hork\u00e9 odpoledn\u00ed slunce skl\u00e1n\u011bj\u00edc\u00ed se k bab\u00edmu l\u00e9tu, teplo i d\u00e9\u0161\u0165, rychl\u00e9 zm\u011bny a v\u00fdkyvy teplot i v\u0161echno to \u0161koln\u00ed a pracovn\u00ed hem\u017een\u00ed&#8230;, to v\u0161e se d\u011bje v n\u00e1hl\u00e9m kontrastu na je\u0161t\u011b \u010derstv\u00e9 vzpom\u00ednky z pr\u00e1zdnin \u010di klidn\u00e9 chv\u00edle dovolen\u00e9. Z\u00e1\u0159\u00ed jsou hedv\u00e1bn\u00e9 nitky pavu\u010din na strni\u0161t\u00edch, prvn\u00ed zoran\u00e1 pole&#8230;<\/p>\n<p>&nbsp;<\/p>\n<p><strong>P\u0159ipravuje: Miroslav K\u016eS ANDRES<\/strong><\/p>\n<p><strong>Foto: archiv autora<\/strong><\/p>\n<hr \/>\n<p>&nbsp;<\/p>\n","protected":false},"excerpt":{"rendered":"<p>&nbsp; Leto\u0161n\u00ed <\/p>\n","protected":false},"author":2,"featured_media":355509,"comment_status":"open","ping_status":"open","sticky":false,"template":"","format":"gallery","meta":{"footnotes":""},"categories":[111],"tags":[],"jetpack_featured_media_url":"https:\/\/zakrasnejsivimperk.cz\/wp-content\/uploads\/2025\/09\/02\/ram-rozjimani.jpg","_links":{"self":[{"href":"https:\/\/zakrasnejsivimperk.cz\/index.php?rest_route=\/wp\/v2\/posts\/355422"}],"collection":[{"href":"https:\/\/zakrasnejsivimperk.cz\/index.php?rest_route=\/wp\/v2\/posts"}],"about":[{"href":"https:\/\/zakrasnejsivimperk.cz\/index.php?rest_route=\/wp\/v2\/types\/post"}],"author":[{"embeddable":true,"href":"https:\/\/zakrasnejsivimperk.cz\/index.php?rest_route=\/wp\/v2\/users\/2"}],"replies":[{"embeddable":true,"href":"https:\/\/zakrasnejsivimperk.cz\/index.php?rest_route=%2Fwp%2Fv2%2Fcomments&post=355422"}],"version-history":[{"count":2,"href":"https:\/\/zakrasnejsivimperk.cz\/index.php?rest_route=\/wp\/v2\/posts\/355422\/revisions"}],"predecessor-version":[{"id":355510,"href":"https:\/\/zakrasnejsivimperk.cz\/index.php?rest_route=\/wp\/v2\/posts\/355422\/revisions\/355510"}],"wp:featuredmedia":[{"embeddable":true,"href":"https:\/\/zakrasnejsivimperk.cz\/index.php?rest_route=\/wp\/v2\/media\/355509"}],"wp:attachment":[{"href":"https:\/\/zakrasnejsivimperk.cz\/index.php?rest_route=%2Fwp%2Fv2%2Fmedia&parent=355422"}],"wp:term":[{"taxonomy":"category","embeddable":true,"href":"https:\/\/zakrasnejsivimperk.cz\/index.php?rest_route=%2Fwp%2Fv2%2Fcategories&post=355422"},{"taxonomy":"post_tag","embeddable":true,"href":"https:\/\/zakrasnejsivimperk.cz\/index.php?rest_route=%2Fwp%2Fv2%2Ftags&post=355422"}],"curies":[{"name":"wp","href":"https:\/\/api.w.org\/{rel}","templated":true}]}}