{"id":355181,"date":"2025-08-30T18:35:36","date_gmt":"2025-08-30T17:35:36","guid":{"rendered":"https:\/\/zakrasnejsivimperk.cz\/?p=355181"},"modified":"2025-09-01T12:58:41","modified_gmt":"2025-09-01T11:58:41","slug":"narodni-park-sumava-dobrovolnici-z-deviti-zemi-sveta-pomahali-obnovovat-mokrady-a-zmirnovat-dopady-klimaticke-zmeny","status":"publish","type":"post","link":"https:\/\/zakrasnejsivimperk.cz\/?p=355181","title":{"rendered":"N\u00c1RODN\u00cd PARK \u0160UMAVA: Dobrovoln\u00edci z dev\u00edti zem\u00ed sv\u011bta pom\u00e1hali obnovovat mok\u0159ady a zm\u00edr\u0148ovat dopady klimatick\u00e9 zm\u011bny"},"content":{"rendered":"<p><img loading=\"lazy\" decoding=\"async\" class=\"aligncenter wp-image-355246 size-full\" src=\"https:\/\/zakrasnejsivimperk.cz\/wp-content\/uploads\/2025\/08\/29\/Mezinarodni-ucastnici-dobrovolnickeho-kempu-2025-2.jpg\" alt=\"\" width=\"807\" height=\"605\" srcset=\"https:\/\/zakrasnejsivimperk.cz\/wp-content\/uploads\/2025\/08\/29\/Mezinarodni-ucastnici-dobrovolnickeho-kempu-2025-2.jpg 807w, https:\/\/zakrasnejsivimperk.cz\/wp-content\/uploads\/2025\/08\/29\/Mezinarodni-ucastnici-dobrovolnickeho-kempu-2025-2-300x225.jpg 300w, https:\/\/zakrasnejsivimperk.cz\/wp-content\/uploads\/2025\/08\/29\/Mezinarodni-ucastnici-dobrovolnickeho-kempu-2025-2-768x576.jpg 768w, https:\/\/zakrasnejsivimperk.cz\/wp-content\/uploads\/2025\/08\/29\/Mezinarodni-ucastnici-dobrovolnickeho-kempu-2025-2-476x357.jpg 476w, https:\/\/zakrasnejsivimperk.cz\/wp-content\/uploads\/2025\/08\/29\/Mezinarodni-ucastnici-dobrovolnickeho-kempu-2025-2-644x483.jpg 644w\" sizes=\"(max-width: 807px) 100vw, 807px\" \/><\/p>\n<p>&nbsp;<\/p>\n<h4>V p\u0159edposledn\u00edm srpnov\u00e9m t\u00fddnu se v N\u00e1rodn\u00edm parku \u0160umava uskute\u010dnil ji\u017e t\u0159et\u00ed ro\u010dn\u00edk Mezin\u00e1rodn\u00edho dobrovolnick\u00e9ho kempu organizace Na mysli zam\u011b\u0159en\u00e9ho na obnovu mok\u0159ad\u016f. Letos se do n\u011bj zapojilo 54 p\u0159ev\u00e1\u017en\u011b mlad\u00fdch lid\u00ed z celkem 9 zem\u00ed z cel\u00e9ho sv\u011bta. Nejv\u00edce \u00fa\u010dastn\u00edk\u016f bylo z \u010cesk\u00e9 republiky a N\u011bmecka, ale p\u0159ijeli tak\u00e9 dobrovoln\u00edci z USA, Mexika, Nep\u00e1lu a dal\u0161\u00edch zem\u00ed.<\/h4>\n<h6>Pr\u00e1ce v ter\u00e9nu: Vl\u010d\u00ed J\u00e1my a \u0159\u00ed\u010dka \u010cast\u00e1<\/h6>\n<p>Dobrovoln\u00edci pom\u00e1hali s pracemi, kter\u00e9 navazovaly na velk\u00fd projekt LIFE for MIRES, kter\u00fd na \u00fazem\u00ed NP \u0160umava prob\u00edhal v letech 2018 \u2013 2024. Jednou z lokalit bylo revitalizovan\u00e9 pr\u016fmyslov\u011b t\u011b\u017een\u00e9 ra\u0161elini\u0161t\u011b Vl\u010d\u00ed J\u00e1my, kde \u00fa\u010dastn\u00edci odstra\u0148ovali ne\u017e\u00e1douc\u00ed n\u00e1letov\u00e9 d\u0159eviny. Druh\u00fdm m\u00edstem byla \u0159\u00ed\u010dka \u010cast\u00e1 pod Str\u00e1\u017en\u00fdm, kde pomoc\u00ed kamen\u016f vym\u011bl\u010dovali obnoven\u00e9 p\u0159irozen\u011b meandruj\u00edc\u00ed koryto, aby se zabr\u00e1nilo jeho zahlubov\u00e1n\u00ed a erozi. Dal\u0161\u00ed pr\u00e1ce spo\u010d\u00edvaly v oprav\u011b d\u0159ev\u011bn\u00fdch hr\u00e1zek na odvod\u0148ovac\u00edm kan\u00e1lu.<\/p>\n<p>Dobrovoln\u00edci se tak zapojili do programu, kter\u00fd usiluje o navracen\u00ed \u0161umavsk\u00fdch mok\u0159ad\u016f do stavu prosp\u00edvaj\u00edc\u00edho adaptaci horsk\u00e9 krajiny na klimatickou zm\u011bnu, obnov\u011b biodiverzity a zm\u00edrn\u011bn\u00ed rizika vzniku bleskov\u00fdch povod\u0148ov\u00fdch vln. Spr\u00e1va N\u00e1rodn\u00edho parku \u0160umava pomoc dobrovoln\u00edk\u016f p\u0159iv\u00edtala. <em>\u201eTato spolupr\u00e1ce je pro n\u00e1s mimo\u0159\u00e1dn\u011b d\u016fle\u017eit\u00e1, nejenom na t\u00e9to lokalit\u011b, ale po cel\u00e9m parku, kde revitalizujeme u\u017e 25 let. D\u011blaj\u00ed pr\u00e1ci, kterou stroje a bagry ud\u011blat nemohou, a jsou velk\u00fdm p\u0159\u00ednosem,\u201c<\/em> uvedla odborn\u00e1 garantka projektu \u017divot pro mok\u0159ady, geobotani\u010dka Ivana Bufkov\u00e1.<\/p>\n<h6>Exkurze, workshopy a \u017eiv\u00e1 v\u00fdstava hub<\/h6>\n<p>Doprovodn\u00fd program kempu krom\u011b manu\u00e1ln\u00edch prac\u00ed nab\u00eddl \u00fa\u010dastn\u00edk\u016fm kempu jedine\u010dn\u00e9 exkurze do cenn\u00fdch lokalit NP \u0160umava i NP Bavorsk\u00fd les, ornitologick\u00e9 workshopy s Alexandrem Marinovem, krou\u017ekov\u00e1n\u00ed pt\u00e1k\u016f s Josefem Chytilem nebo odborn\u00fd mykologick\u00fd blok s Mark\u00e9tou Vl\u010dkovou a Vav\u0159incem Klenerem z \u010cesk\u00e9 mykologick\u00e9 spole\u010dnosti, kte\u0159\u00ed \u00fa\u010dastn\u00edk\u016fm velice n\u00e1zorn\u011b p\u0159edstavili n\u011bkolik des\u00edtek druh\u016f hub jak p\u0159\u00edmo v ter\u00e9nu, tak prost\u0159ednictv\u00edm unik\u00e1tn\u00ed \u017eiv\u00e9 v\u00fdstavy.<\/p>\n<h6>P\u0159edn\u00e1\u0161ky o klimatu a ochran\u011b p\u0159\u00edrody<\/h6>\n<p>Po cel\u00fd t\u00fdden tak\u00e9 prob\u00edhala \u0159ada odborn\u00fdch doprovodn\u00fdch p\u0159edn\u00e1\u0161ek. Ambasadorka Evropsk\u00e9ho klimatick\u00e9ho paktu, pol\u00e1rn\u00ed biolo\u017eka Marie \u0160aback\u00e1 p\u0159edstavila t\u00e9ma Ledovce v kontextu klimatick\u00e9 zm\u011bny, Jitka Zen\u00e1hl\u00edkov\u00e1 z NP \u0160umava mluvila o v\u00fdznamu tlej\u00edc\u00edho d\u0159eva v lese, Eva Zelenkov\u00e1 z NP \u0160umava p\u0159ibl\u00ed\u017eila \u00fa\u010dastn\u00edk\u016fm problematiku perlorodky \u0159\u00ed\u010dn\u00ed, Elissa Belloti z NP \u0160umava a koordin\u00e1tor Hnut\u00ed DUHA Frati\u0161ek Moupic m\u011bli p\u0159edn\u00e1\u0161ku o rysech a vlc\u00edch.<\/p>\n<h6>T\u0159et\u00ed ro\u010dn\u00edk se vyda\u0159il<\/h6>\n<p><em>\u201eKemp organizujeme ji\u017e pot\u0159et\u00ed a ka\u017edoro\u010dn\u011b se n\u00e1m sejde naprosto \u00fa\u017easn\u00e1 skupina nad\u0161en\u00fdch lid\u00ed ze v\u0161ech kout\u016f sv\u011bta, kte\u0159\u00ed cht\u011bj\u00ed p\u0159isp\u011bt svou prac\u00ed k obnov\u011b mok\u0159ad\u016f a p\u016fvodn\u00ed biodiverzity. Letos tady m\u00e1me tak\u00e9 ambasadory Evropsk\u00e9ho klimatick\u00e9ho paktu, kter\u00fd sdru\u017euje inspirativn\u00ed lidi, kte\u0159\u00ed cht\u011bj\u00ed informovat o klimatick\u00e9 zm\u011bn\u011b skrze sv\u00e9 vlastn\u00ed projekty. Tato akce je mimo\u0159\u00e1dn\u011b \u00fasp\u011b\u0161n\u00e1 p\u0159edev\u0161\u00edm d\u00edky skv\u011bl\u00e9 a dlouhodob\u00e9 spolupr\u00e1ci se Spr\u00e1vou n\u00e1rodn\u00edho parku \u0160umava a u\u017e nyn\u00ed se t\u011b\u0161\u00edme na dal\u0161\u00ed ro\u010dn\u00edk,\u201c<\/em> uv\u00e1d\u00ed organiz\u00e1torka kempu Viktorie Tenzerov\u00e1.<\/p>\n<p>Akci finan\u010dn\u011b podpo\u0159il \u010cesko-n\u011bmeck\u00fd fond budoucnosti, \u010cesk\u00e1 rozvojov\u00e1 agentura a firma Patagonia. V r\u00e1mci programu prob\u011bhly tak\u00e9 aktivity pod hlavi\u010dkou Evropsk\u00e9ho klimatick\u00e9ho paktu a projektu GEAR UP!. Akci spole\u010dn\u011b se Spr\u00e1vou N\u00e1rodn\u00edho parku \u0160umava a Nationalpark Bayerischer Wald po\u0159\u00e1dala organizace Na mysli.<\/p>\n<p><strong>Text a foto: (tz)<\/strong><\/p>\n<p><img loading=\"lazy\" decoding=\"async\" class=\"aligncenter wp-image-355245 size-full\" src=\"https:\/\/zakrasnejsivimperk.cz\/wp-content\/uploads\/2025\/08\/29\/Mezinarodni-ucastnici-dobrovolnickeho-kempu-2025-1.jpg\" alt=\"\" width=\"807\" height=\"605\" srcset=\"https:\/\/zakrasnejsivimperk.cz\/wp-content\/uploads\/2025\/08\/29\/Mezinarodni-ucastnici-dobrovolnickeho-kempu-2025-1.jpg 807w, https:\/\/zakrasnejsivimperk.cz\/wp-content\/uploads\/2025\/08\/29\/Mezinarodni-ucastnici-dobrovolnickeho-kempu-2025-1-300x225.jpg 300w, https:\/\/zakrasnejsivimperk.cz\/wp-content\/uploads\/2025\/08\/29\/Mezinarodni-ucastnici-dobrovolnickeho-kempu-2025-1-768x576.jpg 768w, https:\/\/zakrasnejsivimperk.cz\/wp-content\/uploads\/2025\/08\/29\/Mezinarodni-ucastnici-dobrovolnickeho-kempu-2025-1-476x357.jpg 476w, https:\/\/zakrasnejsivimperk.cz\/wp-content\/uploads\/2025\/08\/29\/Mezinarodni-ucastnici-dobrovolnickeho-kempu-2025-1-644x483.jpg 644w\" sizes=\"(max-width: 807px) 100vw, 807px\" \/><\/p>\n<p>&nbsp;<\/p>\n<p><img loading=\"lazy\" decoding=\"async\" class=\"aligncenter wp-image-355247 size-full\" src=\"https:\/\/zakrasnejsivimperk.cz\/wp-content\/uploads\/2025\/08\/29\/Mezinarodni-ucastnici-dobrovolnickeho-kempu-2025-3.jpg\" alt=\"\" width=\"800\" height=\"600\" srcset=\"https:\/\/zakrasnejsivimperk.cz\/wp-content\/uploads\/2025\/08\/29\/Mezinarodni-ucastnici-dobrovolnickeho-kempu-2025-3.jpg 800w, https:\/\/zakrasnejsivimperk.cz\/wp-content\/uploads\/2025\/08\/29\/Mezinarodni-ucastnici-dobrovolnickeho-kempu-2025-3-300x225.jpg 300w, https:\/\/zakrasnejsivimperk.cz\/wp-content\/uploads\/2025\/08\/29\/Mezinarodni-ucastnici-dobrovolnickeho-kempu-2025-3-768x576.jpg 768w, https:\/\/zakrasnejsivimperk.cz\/wp-content\/uploads\/2025\/08\/29\/Mezinarodni-ucastnici-dobrovolnickeho-kempu-2025-3-476x357.jpg 476w, https:\/\/zakrasnejsivimperk.cz\/wp-content\/uploads\/2025\/08\/29\/Mezinarodni-ucastnici-dobrovolnickeho-kempu-2025-3-644x483.jpg 644w\" sizes=\"(max-width: 800px) 100vw, 800px\" \/><\/p>\n<hr \/>\n<p>&nbsp;<\/p>\n","protected":false},"excerpt":{"rendered":"<p>&nbsp; V <\/p>\n","protected":false},"author":2,"featured_media":355249,"comment_status":"open","ping_status":"open","sticky":false,"template":"","format":"gallery","meta":{"footnotes":""},"categories":[70,71,83],"tags":[],"jetpack_featured_media_url":"https:\/\/zakrasnejsivimperk.cz\/wp-content\/uploads\/2025\/08\/30\/ram-nps.jpg","_links":{"self":[{"href":"https:\/\/zakrasnejsivimperk.cz\/index.php?rest_route=\/wp\/v2\/posts\/355181"}],"collection":[{"href":"https:\/\/zakrasnejsivimperk.cz\/index.php?rest_route=\/wp\/v2\/posts"}],"about":[{"href":"https:\/\/zakrasnejsivimperk.cz\/index.php?rest_route=\/wp\/v2\/types\/post"}],"author":[{"embeddable":true,"href":"https:\/\/zakrasnejsivimperk.cz\/index.php?rest_route=\/wp\/v2\/users\/2"}],"replies":[{"embeddable":true,"href":"https:\/\/zakrasnejsivimperk.cz\/index.php?rest_route=%2Fwp%2Fv2%2Fcomments&post=355181"}],"version-history":[{"count":5,"href":"https:\/\/zakrasnejsivimperk.cz\/index.php?rest_route=\/wp\/v2\/posts\/355181\/revisions"}],"predecessor-version":[{"id":355264,"href":"https:\/\/zakrasnejsivimperk.cz\/index.php?rest_route=\/wp\/v2\/posts\/355181\/revisions\/355264"}],"wp:featuredmedia":[{"embeddable":true,"href":"https:\/\/zakrasnejsivimperk.cz\/index.php?rest_route=\/wp\/v2\/media\/355249"}],"wp:attachment":[{"href":"https:\/\/zakrasnejsivimperk.cz\/index.php?rest_route=%2Fwp%2Fv2%2Fmedia&parent=355181"}],"wp:term":[{"taxonomy":"category","embeddable":true,"href":"https:\/\/zakrasnejsivimperk.cz\/index.php?rest_route=%2Fwp%2Fv2%2Fcategories&post=355181"},{"taxonomy":"post_tag","embeddable":true,"href":"https:\/\/zakrasnejsivimperk.cz\/index.php?rest_route=%2Fwp%2Fv2%2Ftags&post=355181"}],"curies":[{"name":"wp","href":"https:\/\/api.w.org\/{rel}","templated":true}]}}