{"id":354871,"date":"2025-08-26T12:58:10","date_gmt":"2025-08-26T11:58:10","guid":{"rendered":"https:\/\/zakrasnejsivimperk.cz\/?p=354871"},"modified":"2025-08-27T15:25:09","modified_gmt":"2025-08-27T14:25:09","slug":"sumava-objektivem-pavla-ourednika-2","status":"publish","type":"post","link":"https:\/\/zakrasnejsivimperk.cz\/?p=354871","title":{"rendered":"\u0160UMAVA OBJEKTIVEM PAVLA OU\u0158EDN\u00cdKA"},"content":{"rendered":"<h6 style=\"text-align: center;\">FOTO: Pavel Ou\u0159edn\u00edk Foto\u0160umava<\/h6>\n<h6 style=\"text-align: center;\"><a href=\"http:\/\/www.pavelourednik.cz\/\" target=\"_blank\" rel=\"noopener\">http:\/\/www.pavelourednik.cz\/<\/a><\/h6>\n<p>&nbsp;<\/p>\n<figure id=\"attachment_354873\" aria-describedby=\"caption-attachment-354873\" style=\"width: 1302px\" class=\"wp-caption aligncenter\"><img loading=\"lazy\" decoding=\"async\" class=\"wp-image-354873 size-full\" src=\"https:\/\/zakrasnejsivimperk.cz\/wp-content\/uploads\/2025\/08\/26\/rano-u-Vltavy.jpg\" alt=\"\" width=\"1302\" height=\"869\" srcset=\"https:\/\/zakrasnejsivimperk.cz\/wp-content\/uploads\/2025\/08\/26\/rano-u-Vltavy.jpg 1302w, https:\/\/zakrasnejsivimperk.cz\/wp-content\/uploads\/2025\/08\/26\/rano-u-Vltavy-300x200.jpg 300w, https:\/\/zakrasnejsivimperk.cz\/wp-content\/uploads\/2025\/08\/26\/rano-u-Vltavy-1024x683.jpg 1024w, https:\/\/zakrasnejsivimperk.cz\/wp-content\/uploads\/2025\/08\/26\/rano-u-Vltavy-768x513.jpg 768w, https:\/\/zakrasnejsivimperk.cz\/wp-content\/uploads\/2025\/08\/26\/rano-u-Vltavy-535x357.jpg 535w, https:\/\/zakrasnejsivimperk.cz\/wp-content\/uploads\/2025\/08\/26\/rano-u-Vltavy-724x483.jpg 724w\" sizes=\"(max-width: 1302px) 100vw, 1302px\" \/><figcaption id=\"caption-attachment-354873\" class=\"wp-caption-text\">R\u00e1no u Vltavy<\/figcaption><\/figure>\n<p>&nbsp;<\/p>\n<figure id=\"attachment_354872\" aria-describedby=\"caption-attachment-354872\" style=\"width: 1500px\" class=\"wp-caption aligncenter\"><img loading=\"lazy\" decoding=\"async\" class=\"wp-image-354872 size-full\" src=\"https:\/\/zakrasnejsivimperk.cz\/wp-content\/uploads\/2025\/08\/26\/Rano-pod-Zelnavou.jpg\" alt=\"\" width=\"1500\" height=\"1001\" srcset=\"https:\/\/zakrasnejsivimperk.cz\/wp-content\/uploads\/2025\/08\/26\/Rano-pod-Zelnavou.jpg 1500w, https:\/\/zakrasnejsivimperk.cz\/wp-content\/uploads\/2025\/08\/26\/Rano-pod-Zelnavou-300x200.jpg 300w, https:\/\/zakrasnejsivimperk.cz\/wp-content\/uploads\/2025\/08\/26\/Rano-pod-Zelnavou-1024x683.jpg 1024w, https:\/\/zakrasnejsivimperk.cz\/wp-content\/uploads\/2025\/08\/26\/Rano-pod-Zelnavou-768x513.jpg 768w, https:\/\/zakrasnejsivimperk.cz\/wp-content\/uploads\/2025\/08\/26\/Rano-pod-Zelnavou-535x357.jpg 535w, https:\/\/zakrasnejsivimperk.cz\/wp-content\/uploads\/2025\/08\/26\/Rano-pod-Zelnavou-724x483.jpg 724w\" sizes=\"(max-width: 1500px) 100vw, 1500px\" \/><figcaption id=\"caption-attachment-354872\" class=\"wp-caption-text\">R\u00e1no pod \u017delnavou<\/figcaption><\/figure>\n<p>&nbsp;<\/p>\n<figure id=\"attachment_354874\" aria-describedby=\"caption-attachment-354874\" style=\"width: 1302px\" class=\"wp-caption aligncenter\"><img loading=\"lazy\" decoding=\"async\" class=\"wp-image-354874 size-full\" src=\"https:\/\/zakrasnejsivimperk.cz\/wp-content\/uploads\/2025\/08\/26\/Polecky-potok.jpg\" alt=\"\" width=\"1302\" height=\"869\" srcset=\"https:\/\/zakrasnejsivimperk.cz\/wp-content\/uploads\/2025\/08\/26\/Polecky-potok.jpg 1302w, https:\/\/zakrasnejsivimperk.cz\/wp-content\/uploads\/2025\/08\/26\/Polecky-potok-300x200.jpg 300w, https:\/\/zakrasnejsivimperk.cz\/wp-content\/uploads\/2025\/08\/26\/Polecky-potok-1024x683.jpg 1024w, https:\/\/zakrasnejsivimperk.cz\/wp-content\/uploads\/2025\/08\/26\/Polecky-potok-768x513.jpg 768w, https:\/\/zakrasnejsivimperk.cz\/wp-content\/uploads\/2025\/08\/26\/Polecky-potok-535x357.jpg 535w, https:\/\/zakrasnejsivimperk.cz\/wp-content\/uploads\/2025\/08\/26\/Polecky-potok-724x483.jpg 724w\" sizes=\"(max-width: 1302px) 100vw, 1302px\" \/><figcaption id=\"caption-attachment-354874\" class=\"wp-caption-text\">Poleck\u00fd potok<\/figcaption><\/figure>\n<hr \/>\n<p>&nbsp;<\/p>\n","protected":false},"excerpt":{"rendered":"<p>FOTO: Pavel <\/p>\n","protected":false},"author":2,"featured_media":354875,"comment_status":"open","ping_status":"open","sticky":false,"template":"","format":"gallery","meta":{"footnotes":""},"categories":[164,107],"tags":[],"jetpack_featured_media_url":"https:\/\/zakrasnejsivimperk.cz\/wp-content\/uploads\/2025\/08\/26\/ram-sumava-po.jpg","_links":{"self":[{"href":"https:\/\/zakrasnejsivimperk.cz\/index.php?rest_route=\/wp\/v2\/posts\/354871"}],"collection":[{"href":"https:\/\/zakrasnejsivimperk.cz\/index.php?rest_route=\/wp\/v2\/posts"}],"about":[{"href":"https:\/\/zakrasnejsivimperk.cz\/index.php?rest_route=\/wp\/v2\/types\/post"}],"author":[{"embeddable":true,"href":"https:\/\/zakrasnejsivimperk.cz\/index.php?rest_route=\/wp\/v2\/users\/2"}],"replies":[{"embeddable":true,"href":"https:\/\/zakrasnejsivimperk.cz\/index.php?rest_route=%2Fwp%2Fv2%2Fcomments&post=354871"}],"version-history":[{"count":1,"href":"https:\/\/zakrasnejsivimperk.cz\/index.php?rest_route=\/wp\/v2\/posts\/354871\/revisions"}],"predecessor-version":[{"id":354876,"href":"https:\/\/zakrasnejsivimperk.cz\/index.php?rest_route=\/wp\/v2\/posts\/354871\/revisions\/354876"}],"wp:featuredmedia":[{"embeddable":true,"href":"https:\/\/zakrasnejsivimperk.cz\/index.php?rest_route=\/wp\/v2\/media\/354875"}],"wp:attachment":[{"href":"https:\/\/zakrasnejsivimperk.cz\/index.php?rest_route=%2Fwp%2Fv2%2Fmedia&parent=354871"}],"wp:term":[{"taxonomy":"category","embeddable":true,"href":"https:\/\/zakrasnejsivimperk.cz\/index.php?rest_route=%2Fwp%2Fv2%2Fcategories&post=354871"},{"taxonomy":"post_tag","embeddable":true,"href":"https:\/\/zakrasnejsivimperk.cz\/index.php?rest_route=%2Fwp%2Fv2%2Ftags&post=354871"}],"curies":[{"name":"wp","href":"https:\/\/api.w.org\/{rel}","templated":true}]}}