{"id":354835,"date":"2025-08-31T12:42:19","date_gmt":"2025-08-31T11:42:19","guid":{"rendered":"https:\/\/zakrasnejsivimperk.cz\/?p=354835"},"modified":"2025-08-31T12:42:19","modified_gmt":"2025-08-31T11:42:19","slug":"jizni-cechy-opravy-ulic-hranicarska-a-pohranicni-straze-ve-strakonicich","status":"publish","type":"post","link":"https:\/\/zakrasnejsivimperk.cz\/?p=354835","title":{"rendered":"JI\u017dN\u00cd \u010cECHY: Opravy ulic Hrani\u010d\u00e1\u0159sk\u00e1 a Pohrani\u010dn\u00ed str\u00e1\u017ee ve Strakonic\u00edch"},"content":{"rendered":"<h4>Oprava ulice Hrani\u010dn\u00ed ve Strakonic\u00edch: Lok\u00e1ln\u00ed z\u00e1sahy i rekonstrukce vodovodn\u00edch za\u0159\u00edzen\u00ed<\/h4>\n<h6>M\u011bsto Strakonice p\u0159ipravuje lok\u00e1ln\u00ed opravy ulice Hrani\u010dn\u00ed, kter\u00e9 se zam\u011b\u0159\u00ed nejen na odstran\u011bn\u00ed v\u00fdtluk\u016f, nerovnost\u00ed a propadl\u00fdch p\u0159ekop\u016f, ale i na \u00fapravy vodovodn\u00edch za\u0159\u00edzen\u00ed, konkr\u00e9tn\u011b \u0161oupat.<\/h6>\n<p><img loading=\"lazy\" decoding=\"async\" class=\"alignright wp-image-354837 size-full\" src=\"https:\/\/zakrasnejsivimperk.cz\/wp-content\/uploads\/2025\/08\/25\/st-opravy-ulic-2.jpg\" alt=\"\" width=\"342\" height=\"549\" srcset=\"https:\/\/zakrasnejsivimperk.cz\/wp-content\/uploads\/2025\/08\/25\/st-opravy-ulic-2.jpg 342w, https:\/\/zakrasnejsivimperk.cz\/wp-content\/uploads\/2025\/08\/25\/st-opravy-ulic-2-187x300.jpg 187w, https:\/\/zakrasnejsivimperk.cz\/wp-content\/uploads\/2025\/08\/25\/st-opravy-ulic-2-222x357.jpg 222w, https:\/\/zakrasnejsivimperk.cz\/wp-content\/uploads\/2025\/08\/25\/st-opravy-ulic-2-301x483.jpg 301w\" sizes=\"(max-width: 342px) 100vw, 342px\" \/>Opravy za\u010dnou u k\u0159\u00ed\u017een\u00ed ulic Hrani\u010dn\u00ed, Voly\u0148sk\u00e1 a\u017e po ulici Pova\u017esk\u00e1. Realizac\u00ed t\u00e9to investi\u010dn\u00ed akce byla pov\u011b\u0159ena spole\u010dnost EUROVIA CZ, a.s., kter\u00e1 v sou\u010dasn\u00e9 dob\u011b pracuje na v\u00fdstavb\u011b komunikace Voly\u0148sk\u00e1 v t\u011bsn\u00e9 bl\u00edzkosti opravovan\u00e9ho \u00faseku. V\u00fdb\u011br t\u00e9to spole\u010dnosti byl motivov\u00e1n dobr\u00fdmi p\u0159edchoz\u00edmi zku\u0161enostmi m\u011bsta Strakonice s jej\u00edm p\u0159\u00edstupem a kvalitou proveden\u00fdch prac\u00ed, stejn\u011b jako jej\u00ed schopnost\u00ed flexibiln\u011b zareagovat na po\u017eadovan\u00fd term\u00edn realizace d\u00edky dostupn\u00e9 kapacit\u011b. Celkov\u00e9 n\u00e1klady na opravu ulice Hrani\u010dn\u00ed jsou odhadov\u00e1ny na necel\u00fdch 600 000 K\u010d bez DPH. Samotn\u00e1 realizace je pl\u00e1nov\u00e1na v term\u00ednu srpen a\u017e z\u00e1\u0159\u00ed 2025. Z d\u016fvodu p\u0159\u00edpravn\u00fdch prac\u00ed bude ulice Hrani\u010dn\u00ed od 1. z\u00e1\u0159\u00ed 2025 do\u010dasn\u011b uzav\u0159ena. V t\u00e9to dob\u011b budou prob\u00edhat nejen samotn\u00e9 stavebn\u00ed pr\u00e1ce, ale tak\u00e9 \u00fapravy na vodovodn\u00ed infrastruktu\u0159e, kter\u00e9 si vy\u017e\u00e1daj\u00ed \u00faplnou uzav\u00edrku komunikace. Opravy p\u0159isp\u011bj\u00ed ke zv\u00fd\u0161en\u00ed komfortu a bezpe\u010dnosti provozu v dan\u00e9 lokalit\u011b a z\u00e1rove\u0148 odstran\u00ed dlouhodob\u011b nevyhovuj\u00edc\u00ed technick\u00fd stav vozovky i podzemn\u00edch s\u00edt\u00ed.<\/p>\n<p>&nbsp;<\/p>\n<h4>Rekonstrukce ulice Pohrani\u010dn\u00ed str\u00e1\u017ee p\u0159inese bezpe\u010dn\u011bj\u0161\u00ed a komfortn\u011bj\u0161\u00ed dopravu<\/h4>\n<h6>M\u011bsto Strakonice zah\u00e1j\u00ed po\u010d\u00ednaje 1. z\u00e1\u0159\u00ed rekonstrukci ulice Pohrani\u010dn\u00ed str\u00e1\u017ee, jej\u00edm\u017e hlavn\u00edm c\u00edlem je komplexn\u00ed oprava m\u00edstn\u00ed komunikace, kter\u00e1 je po letech intenzivn\u00edho u\u017e\u00edv\u00e1n\u00ed ve \u0161patn\u00e9m technick\u00e9m stavu.<\/h6>\n<p>Sou\u010dasn\u00fd povrch je degradovan\u00fd, m\u00edsty s v\u00fdtluky a prasklinami, odvodn\u011bn\u00ed nepln\u00ed svou funkci a stav in\u017een\u00fdrsk\u00fdch s\u00edt\u00ed si vy\u017eaduje z\u00e1sadn\u00ed obnovu. Projekt zahrnuje nejen polo\u017een\u00ed nov\u00e9ho asfaltov\u00e9ho povrchu, ale i kompletn\u00ed rekonstrukci kanalizace, vodovodu a ve\u0159ejn\u00e9ho osv\u011btlen\u00ed. Sou\u010d\u00e1st\u00ed stavby je tak\u00e9 nov\u00e9 odvodn\u011bn\u00ed komunikace, chodn\u00edky vydl\u00e1\u017ed\u011bn\u00e9 z\u00e1mkovou dla\u017ebou a zpevn\u011bn\u00e9 plochy lemovan\u00e9 betonov\u00fdmi obrubami. Zak\u00e1zku vysout\u011b\u017eila spole\u010dnost EUROVIA, a. s., za cenu 13,5 milionu korun v\u010detn\u011b DPH. Doba realizace je stanovena na osm m\u011bs\u00edc\u016f od \u00fa\u010dinnosti smlouvy o d\u00edlo. Po dokon\u010den\u00ed rekonstrukce se komunikace stane nejen bezpe\u010dn\u011bj\u0161\u00ed, ale tak\u00e9 kapacitn\u011bj\u0161\u00ed. Oprava p\u0159isp\u011bje ke sn\u00ed\u017een\u00ed hluku, pra\u0161nosti a emis\u00ed d\u00edky plynulej\u0161\u00ed j\u00edzd\u011b proj\u00ed\u017ed\u011bj\u00edc\u00edch vozidel. Pr\u00e1ce za\u010dnou 1. z\u00e1\u0159\u00ed p\u0159\u00edpravn\u00fdmi \u010dinnostmi, na kter\u00e9 bezprost\u0159edn\u011b nav\u00e1\u017ee samotn\u00e1 rekonstrukce. O pr\u016fb\u011bhu stavby bude m\u011bsto pr\u016fb\u011b\u017en\u011b informovat.<\/p>\n<p>&nbsp;<\/p>\n<p><strong>Text a foto: Mark\u00e9ta BU\u010cOKOV\u00c1,\u00a0 M\u011bsto Strakonice<\/strong><\/p>\n<hr \/>\n<p>&nbsp;<\/p>\n<h4>Jin\u00e9 zpr\u00e1vy ze Strakonic:<\/h4>\n<h6 class=\"entry-title\"><a href=\"https:\/\/zakrasnejsivimperk.cz\/?p=353110\" target=\"_blank\" rel=\"noopener\">JI\u017dN\u00cd \u010cECHY: Strakonice: Oprava Voly\u0148sk\u00e9 ulice u\u017e postoupila do t\u0159et\u00ed etapy<\/a><\/h6>\n<h6 class=\"entry-title\"><a href=\"https:\/\/zakrasnejsivimperk.cz\/?p=352680\" target=\"_blank\" rel=\"noopener\">JI\u017dN\u00cd \u010cECHY: Nov\u00e9 soci\u00e1ln\u00ed z\u00e1zem\u00ed v plaveck\u00e9m are\u00e1lu, lep\u0161\u00ed komfort n\u00e1v\u0161t\u011bvn\u00edk\u016f<\/a><\/h6>\n<h6 class=\"entry-title\"><a href=\"https:\/\/zakrasnejsivimperk.cz\/?p=350494\" target=\"_blank\" rel=\"noopener\">JI\u017dN\u00cd \u010cECHY: Strakonice v\u00fdrazn\u011b nav\u00fd\u0161ily podporu z\u00e1chrann\u00e9 stanici \u017eivo\u010dich\u016f<\/a><\/h6>\n<h6 class=\"entry-title\"><a href=\"https:\/\/zakrasnejsivimperk.cz\/?p=347030\" target=\"_blank\" rel=\"noopener\">JI\u017dN\u00cd \u010cECHY: Strakonice zahajuj\u00ed p\u0159estavbu z\u00e1padn\u00ed \u010d\u00e1sti Velk\u00e9ho n\u00e1m\u011bst\u00ed<\/a><\/h6>\n<h6 class=\"entry-title\"><a href=\"https:\/\/zakrasnejsivimperk.cz\/?p=340841\" target=\"_blank\" rel=\"noopener\">JI\u017dN\u00cd \u010cECHY: Cyklostezka Strakonice \u2013 Pracejovice se bl\u00ed\u017e\u00ed k realizaci, bude i l\u00e1vka<\/a><\/h6>\n<h6 class=\"entry-title\"><a href=\"https:\/\/zakrasnejsivimperk.cz\/?p=340572\" target=\"_blank\" rel=\"noopener\">JI\u017dN\u00cd \u010cECHY: Strakonice chystaj\u00ed p\u0159estavbu z\u00e1padn\u00ed \u010d\u00e1sti Velk\u00e9ho n\u00e1m\u011bst\u00ed<\/a><\/h6>\n<h6 class=\"entry-title\"><a href=\"https:\/\/zakrasnejsivimperk.cz\/?p=338037\" target=\"_blank\" rel=\"noopener\">JI\u017dN\u00cd \u010cECHY: Strakonice zah\u00e1jily v\u00fdstavbu dal\u0161\u00edch polozapu\u0161t\u011bn\u00fdch st\u00e1n\u00ed pro kontejnery na odpad<\/a><\/h6>\n<h6 class=\"entry-title\"><a href=\"https:\/\/zakrasnejsivimperk.cz\/?p=336710\" target=\"_blank\" rel=\"noopener\">JI\u017dN\u00cd \u010cECHY: Strakonick\u00e1 nemocnice m\u00e1 d\u011btskou obezitologickou ambulanci<\/a><\/h6>\n<h6 class=\"entry-title\"><a href=\"https:\/\/zakrasnejsivimperk.cz\/?p=335551\" target=\"_blank\" rel=\"noopener\">JI\u017dN\u00cd \u010cECHY: Nov\u00e1 po\u017e\u00e1rn\u00ed zbrojnice: Lep\u0161\u00ed z\u00e1zem\u00ed pro hasi\u010de a rychlej\u0161\u00ed v\u00fdjezdy<\/a><\/h6>\n<h6 class=\"entry-title\"><a href=\"https:\/\/zakrasnejsivimperk.cz\/?p=335054\" target=\"_blank\" rel=\"noopener\">JI\u017dN\u00cd \u010cECHY: Oprava d\u0159ev\u011bn\u00fdch v\u00fdpln\u00ed l\u00e1vky odhalila zaj\u00edmav\u00e9 detaily<\/a><\/h6>\n<h6 class=\"entry-title\"><a href=\"https:\/\/zakrasnejsivimperk.cz\/?p=334391\" target=\"_blank\" rel=\"noopener\">JI\u017dN\u00cd \u010cECHY: M\u011bsto pln\u00ed sv\u00e9 sliby: Chodn\u00edk v ulici Radomy\u0161lsk\u00e1 se prodlu\u017euje<\/a><\/h6>\n<h6 class=\"entry-title\"><a href=\"https:\/\/zakrasnejsivimperk.cz\/?p=334525\" target=\"_blank\" rel=\"noopener\">JI\u017dN\u00cd \u010cECHY: Nemocnice nov\u011b nab\u00edz\u00ed screeningov\u00e9 vy\u0161et\u0159en\u00ed v\u00fddut\u011b b\u0159i\u0161n\u00ed aorty<\/a><\/h6>\n<h6 class=\"entry-title\"><a href=\"https:\/\/zakrasnejsivimperk.cz\/?p=329801\" target=\"_blank\" rel=\"noopener\">JI\u017dN\u00cd \u010cECHY: Nemocnice Strakonice je Nejlep\u0161\u00ed nemocnic\u00ed roku 2024<\/a><\/h6>\n<h6 class=\"entry-title\"><a href=\"https:\/\/zakrasnejsivimperk.cz\/?p=331514\" target=\"_blank\" rel=\"noopener\">JI\u017dN\u00cd \u010cECHY: Nemocnice Strakonice po\u0159\u00eddila unik\u00e1tn\u00ed p\u0159\u00edstroj pro vy\u0161et\u0159en\u00ed slinivky a \u017elu\u010dov\u00fdch cest<\/a><\/h6>\n<h6 class=\"entry-title\"><a href=\"https:\/\/zakrasnejsivimperk.cz\/?p=328774\" target=\"_blank\" rel=\"noopener\">JI\u017dN\u00cd \u010cECHY: Nov\u00e1 l\u00e1vka na Podskal\u00ed usnad\u0148uje cestu krajinou pod\u00e9l Otavy<\/a><\/h6>\n<h6 class=\"entry-title\"><a href=\"https:\/\/zakrasnejsivimperk.cz\/?p=326163\" target=\"_blank\" rel=\"noopener\">JI\u017dN\u00cd \u010cECHY: Strakonick\u00e9 Komunitko 1415 zah\u00e1jilo svoji \u010dinnost na Ostrov\u011b<\/a><\/h6>\n<h6 class=\"entry-title\"><a href=\"https:\/\/zakrasnejsivimperk.cz\/?p=321375\" target=\"_blank\" rel=\"noopener\">JI\u017dN\u00cd \u010cECHY: Strakonice se p\u0159ipravuj\u00ed na velkou vodu, d\u011bln\u00edci stav\u00ed proti n\u00ed z\u00e1brany<\/a><\/h6>\n<h6><a href=\"https:\/\/zakrasnejsivimperk.cz\/?p=318802\" target=\"_blank\" rel=\"noopener\">JI\u017dN\u00cd \u010cECHY: Skv\u011bl\u00e9. ORL ambulance v Nemocnici Strakonice m\u00e1 novou posilu<\/a><\/h6>\n<h6><a href=\"https:\/\/zakrasnejsivimperk.cz\/?p=315266\" target=\"_blank\" rel=\"noopener\">JI\u017dN\u00cd \u010cECHY: Nemocni\u010dn\u00ed l\u00e9k\u00e1rna ve Strakonic\u00edch nen\u00ed jen oby\u010dejn\u00e1 v\u00fddejna l\u00e9k\u016f<\/a><\/h6>\n<h6><a href=\"https:\/\/zakrasnejsivimperk.cz\/?p=316309\" target=\"_blank\" rel=\"noopener\">JI\u017dN\u00cd \u010cECHY: Rekonstrukce Voly\u0148sk\u00e9 ul. ve Strakonic\u00edch zat\u00edm \u00fasp\u011b\u0161n\u011b pokra\u010duje<\/a><\/h6>\n<h6><a href=\"https:\/\/zakrasnejsivimperk.cz\/?p=313031\" target=\"_blank\" rel=\"noopener\">JI\u017dN\u00cd \u010cECHY: M\u011bsto Strakonice poskytne dotaci na vybaven\u00ed zubn\u00ed ordinace<\/a><\/h6>\n<h6><a href=\"https:\/\/zakrasnejsivimperk.cz\/?p=312358\" target=\"_blank\" rel=\"noopener\">JI\u017dN\u00cd \u010cECHY: Strakonick\u00fd pivovar koupil novou linku, na kter\u00e9 se bude st\u00e1\u010det a\u017e 3000 plechovek za hodinu<\/a><\/h6>\n<h6><a href=\"https:\/\/zakrasnejsivimperk.cz\/?p=310753\" target=\"_blank\" rel=\"noopener\">JI\u017dN\u00cd \u010cECHY: Veden\u00ed m\u011bsta Strakonice hled\u00e1 opat\u0159en\u00ed proti p\u0159\u00edvalov\u00fdm de\u0161\u0165\u016fm v m\u00edstn\u00ed \u010d\u00e1sti Nov\u00fd Dra\u017eejov<\/a><\/h6>\n<h6><a href=\"https:\/\/strakonicky.denik.cz\/zpravy_region\/novy-drazejov-opet-pod-vodou-jak-lidem-pomoci-mesto-svolalo-schuzku-20240610.html\" target=\"_blank\" rel=\"noopener\">Nov\u00fd Dra\u017eejov op\u011bt pod vodou. Jak lidem pomoci? M\u011bsto svolalo sch\u016fzku<\/a><\/h6>\n<h6><a href=\"https:\/\/zakrasnejsivimperk.cz\/?p=309043\" target=\"_blank\" rel=\"noopener\">JI\u017dN\u00cd \u010cECHY: Strakoni\u010dt\u00ed opravuj\u00ed pomn\u00edk padl\u00fdm u kostela svat\u00e9ho V\u00e1clava<\/a><\/h6>\n<h6><a href=\"https:\/\/zakrasnejsivimperk.cz\/?p=308877\" target=\"_blank\" rel=\"noopener\">JI\u017dN\u00cd \u010cECHY: Informace k aktu\u00e1ln\u00ed situaci na zimn\u00edm stadionu ve Strakonic\u00edch<\/a><\/h6>\n<h6><a href=\"https:\/\/zakrasnejsivimperk.cz\/?cat=131\" target=\"_blank\" rel=\"noopener\">Strakonick\u00e1 televize \u2013 ka\u017ed\u00fd t\u00fdden aktu\u00e1ln\u00ed informace o d\u011bn\u00ed ve m\u011bst\u011b na soutoku Voly\u0148ky a Otavy<\/a><\/h6>\n<hr \/>\n<p>&nbsp;<\/p>\n","protected":false},"excerpt":{"rendered":"<p>Oprava ulice <\/p>\n","protected":false},"author":2,"featured_media":354836,"comment_status":"open","ping_status":"open","sticky":false,"template":"","format":"gallery","meta":{"footnotes":""},"categories":[24],"tags":[],"jetpack_featured_media_url":"https:\/\/zakrasnejsivimperk.cz\/wp-content\/uploads\/2025\/08\/25\/st-opravy-ulic-1.jpg","_links":{"self":[{"href":"https:\/\/zakrasnejsivimperk.cz\/index.php?rest_route=\/wp\/v2\/posts\/354835"}],"collection":[{"href":"https:\/\/zakrasnejsivimperk.cz\/index.php?rest_route=\/wp\/v2\/posts"}],"about":[{"href":"https:\/\/zakrasnejsivimperk.cz\/index.php?rest_route=\/wp\/v2\/types\/post"}],"author":[{"embeddable":true,"href":"https:\/\/zakrasnejsivimperk.cz\/index.php?rest_route=\/wp\/v2\/users\/2"}],"replies":[{"embeddable":true,"href":"https:\/\/zakrasnejsivimperk.cz\/index.php?rest_route=%2Fwp%2Fv2%2Fcomments&post=354835"}],"version-history":[{"count":1,"href":"https:\/\/zakrasnejsivimperk.cz\/index.php?rest_route=\/wp\/v2\/posts\/354835\/revisions"}],"predecessor-version":[{"id":354838,"href":"https:\/\/zakrasnejsivimperk.cz\/index.php?rest_route=\/wp\/v2\/posts\/354835\/revisions\/354838"}],"wp:featuredmedia":[{"embeddable":true,"href":"https:\/\/zakrasnejsivimperk.cz\/index.php?rest_route=\/wp\/v2\/media\/354836"}],"wp:attachment":[{"href":"https:\/\/zakrasnejsivimperk.cz\/index.php?rest_route=%2Fwp%2Fv2%2Fmedia&parent=354835"}],"wp:term":[{"taxonomy":"category","embeddable":true,"href":"https:\/\/zakrasnejsivimperk.cz\/index.php?rest_route=%2Fwp%2Fv2%2Fcategories&post=354835"},{"taxonomy":"post_tag","embeddable":true,"href":"https:\/\/zakrasnejsivimperk.cz\/index.php?rest_route=%2Fwp%2Fv2%2Ftags&post=354835"}],"curies":[{"name":"wp","href":"https:\/\/api.w.org\/{rel}","templated":true}]}}