{"id":354633,"date":"2025-08-22T17:44:46","date_gmt":"2025-08-22T16:44:46","guid":{"rendered":"https:\/\/zakrasnejsivimperk.cz\/?p=354633"},"modified":"2025-08-22T17:44:46","modified_gmt":"2025-08-22T16:44:46","slug":"historicka-pohlednice-zdikov-nedatovano-2","status":"publish","type":"post","link":"https:\/\/zakrasnejsivimperk.cz\/?p=354633","title":{"rendered":"HISTORICK\u00c1 POHLEDNICE: Zd\u00edkov (nedatov\u00e1no)"},"content":{"rendered":"<figure id=\"attachment_354637\" aria-describedby=\"caption-attachment-354637\" style=\"width: 2048px\" class=\"wp-caption aligncenter\"><img loading=\"lazy\" decoding=\"async\" class=\"wp-image-354637 size-full\" src=\"https:\/\/zakrasnejsivimperk.cz\/wp-content\/uploads\/2025\/08\/22\/Zdikov.jpg\" alt=\"\" width=\"2048\" height=\"1290\" srcset=\"https:\/\/zakrasnejsivimperk.cz\/wp-content\/uploads\/2025\/08\/22\/Zdikov.jpg 2048w, https:\/\/zakrasnejsivimperk.cz\/wp-content\/uploads\/2025\/08\/22\/Zdikov-300x189.jpg 300w, https:\/\/zakrasnejsivimperk.cz\/wp-content\/uploads\/2025\/08\/22\/Zdikov-1024x645.jpg 1024w, https:\/\/zakrasnejsivimperk.cz\/wp-content\/uploads\/2025\/08\/22\/Zdikov-768x484.jpg 768w, https:\/\/zakrasnejsivimperk.cz\/wp-content\/uploads\/2025\/08\/22\/Zdikov-1536x968.jpg 1536w, https:\/\/zakrasnejsivimperk.cz\/wp-content\/uploads\/2025\/08\/22\/Zdikov-567x357.jpg 567w, https:\/\/zakrasnejsivimperk.cz\/wp-content\/uploads\/2025\/08\/22\/Zdikov-767x483.jpg 767w\" sizes=\"(max-width: 2048px) 100vw, 2048px\" \/><figcaption id=\"caption-attachment-354637\" class=\"wp-caption-text\">Zdroj: Facebook<\/figcaption><\/figure>\n<hr \/>\n<p>&nbsp;<\/p>\n","protected":false},"excerpt":{"rendered":"<p>&nbsp;<\/p>\n","protected":false},"author":2,"featured_media":354638,"comment_status":"open","ping_status":"open","sticky":false,"template":"","format":"gallery","meta":{"footnotes":""},"categories":[74,92],"tags":[],"jetpack_featured_media_url":"https:\/\/zakrasnejsivimperk.cz\/wp-content\/uploads\/2025\/08\/22\/ram-pohled-zdikov.jpg","_links":{"self":[{"href":"https:\/\/zakrasnejsivimperk.cz\/index.php?rest_route=\/wp\/v2\/posts\/354633"}],"collection":[{"href":"https:\/\/zakrasnejsivimperk.cz\/index.php?rest_route=\/wp\/v2\/posts"}],"about":[{"href":"https:\/\/zakrasnejsivimperk.cz\/index.php?rest_route=\/wp\/v2\/types\/post"}],"author":[{"embeddable":true,"href":"https:\/\/zakrasnejsivimperk.cz\/index.php?rest_route=\/wp\/v2\/users\/2"}],"replies":[{"embeddable":true,"href":"https:\/\/zakrasnejsivimperk.cz\/index.php?rest_route=%2Fwp%2Fv2%2Fcomments&post=354633"}],"version-history":[{"count":1,"href":"https:\/\/zakrasnejsivimperk.cz\/index.php?rest_route=\/wp\/v2\/posts\/354633\/revisions"}],"predecessor-version":[{"id":354639,"href":"https:\/\/zakrasnejsivimperk.cz\/index.php?rest_route=\/wp\/v2\/posts\/354633\/revisions\/354639"}],"wp:featuredmedia":[{"embeddable":true,"href":"https:\/\/zakrasnejsivimperk.cz\/index.php?rest_route=\/wp\/v2\/media\/354638"}],"wp:attachment":[{"href":"https:\/\/zakrasnejsivimperk.cz\/index.php?rest_route=%2Fwp%2Fv2%2Fmedia&parent=354633"}],"wp:term":[{"taxonomy":"category","embeddable":true,"href":"https:\/\/zakrasnejsivimperk.cz\/index.php?rest_route=%2Fwp%2Fv2%2Fcategories&post=354633"},{"taxonomy":"post_tag","embeddable":true,"href":"https:\/\/zakrasnejsivimperk.cz\/index.php?rest_route=%2Fwp%2Fv2%2Ftags&post=354633"}],"curies":[{"name":"wp","href":"https:\/\/api.w.org\/{rel}","templated":true}]}}