{"id":354511,"date":"2025-08-21T14:24:15","date_gmt":"2025-08-21T13:24:15","guid":{"rendered":"https:\/\/zakrasnejsivimperk.cz\/?p=354511"},"modified":"2025-08-21T14:24:15","modified_gmt":"2025-08-21T13:24:15","slug":"aktuality-odchycena-vlcice-uhynula-zkontrolovany-mozne-unikove-cesty-kamennym-morem","status":"publish","type":"post","link":"https:\/\/zakrasnejsivimperk.cz\/?p=354511","title":{"rendered":"AKTUALITY: Odchycen\u00e1 vl\u010dice uhynula. Zkontrolov\u00e1ny mo\u017en\u00e9 \u00fanikov\u00e9 cesty kamenn\u00fdm mo\u0159em"},"content":{"rendered":"<p><img loading=\"lazy\" decoding=\"async\" class=\"aligncenter wp-image-97958\" src=\"https:\/\/zakrasnejsivimperk.cz\/wp-content\/uploads\/2017\/05\/15\/logo-nps-300x300.jpg\" alt=\"\" width=\"200\" height=\"200\" srcset=\"https:\/\/zakrasnejsivimperk.cz\/wp-content\/uploads\/2017\/05\/15\/logo-nps-300x300.jpg 300w, https:\/\/zakrasnejsivimperk.cz\/wp-content\/uploads\/2017\/05\/15\/logo-nps-150x150.jpg 150w, https:\/\/zakrasnejsivimperk.cz\/wp-content\/uploads\/2017\/05\/15\/logo-nps-768x768.jpg 768w, https:\/\/zakrasnejsivimperk.cz\/wp-content\/uploads\/2017\/05\/15\/logo-nps-357x357.jpg 357w, https:\/\/zakrasnejsivimperk.cz\/wp-content\/uploads\/2017\/05\/15\/logo-nps-483x483.jpg 483w, https:\/\/zakrasnejsivimperk.cz\/wp-content\/uploads\/2017\/05\/15\/logo-nps-210x210.jpg 210w, https:\/\/zakrasnejsivimperk.cz\/wp-content\/uploads\/2017\/05\/15\/logo-nps.jpg 960w\" sizes=\"(max-width: 200px) 100vw, 200px\" \/><\/p>\n<p>&nbsp;<\/p>\n<h6>\u00dasp\u011b\u0161n\u011b odchycen\u00e1 vl\u010dice v noci z 19. na 20. srpna bohu\u017eel v\u010dera v odpoledn\u00edch hodin\u00e1ch uhynula. Krizov\u00fd \u0161t\u00e1b Spr\u00e1vy NP \u0160umava rozhodl o proveden\u00ed pitvy uhynul\u00e9ho zv\u00ed\u0159ete, jeho\u017e toto\u017enost bude zn\u00e1ma z v\u00fdsledku anal\u00fdzy DNA.<\/h6>\n<p><em>\u201eJe to velmi smutn\u00e1 ud\u00e1lost. Mo\u017en\u00fd d\u016fvod nebo d\u016fvody \u00fahynu by snad mohla odhalit pitva, na kterou t\u011blo vl\u010dice p\u0159ed\u00e1me. Z\u00e1rove\u0148 \u010dek\u00e1me na potvrzen\u00ed jej\u00ed toto\u017enosti, kterou potvrd\u00ed anal\u00fdza DNA. V\u00fdsledky budou zn\u00e1my nejpozd\u011bji p\u0159\u00ed\u0161t\u00ed t\u00fdden v pond\u011bl\u00ed,\u201c<\/em> uv\u00e1d\u00ed mluv\u010d\u00ed Spr\u00e1vy NP \u0160umava Jan Dvo\u0159\u00e1k.<\/p>\n<p><em>\u201eVl\u010dice, kterou se povedlo odchytit minul\u00fd t\u00fdden, a byla vr\u00e1cena do v\u00fdb\u011bhu, je p\u0159i s\u010d\u00edt\u00e1n\u00ed vlk\u016f spat\u0159ena se sme\u010dkou,\u201c<\/em> dopl\u0148uje mluv\u010d\u00ed.<\/p>\n<p>Zoologov\u00e9 Spr\u00e1vy NP \u0160umava se te\u010f soust\u0159ed\u00ed na odchyt posledn\u00edho vlka, kter\u00fd prokazateln\u011b unikl z v\u00fdb\u011bhu. Prov\u011b\u0159uj\u00ed p\u0159edev\u0161\u00edm \u0161ir\u0161\u00ed okol\u00ed Srn\u00ed, m\u00edsta, ze kter\u00fdch maj\u00ed z posledn\u00edch dvou t\u00fddn\u016f nej\u010dast\u011bj\u0161\u00ed hl\u00e1\u0161en\u00ed.<\/p>\n<p>Krizov\u00fd \u0161t\u00e1b, jeho\u017e existence byla prodlou\u017eena do 29. srpna, mimo jin\u00e9 prov\u011b\u0159uje varianty \u00faniku vlk\u016f. Byla proto provedena prov\u011brka mo\u017en\u00e9 pr\u016fchodnosti nitrem kamenn\u00e9ho mo\u0159e kou\u0159otvorn\u00fdmi prost\u0159edky. Ta prok\u00e1zala, \u017ee z v\u00fdb\u011bhu nevede \u017e\u00e1dn\u00e1 cesta, kter\u00e1 by umo\u017e\u0148ovala pr\u016flez zv\u00ed\u0159at z v\u00fdb\u011bhu. Sou\u010dasn\u011b se za\u010d\u00edn\u00e1 p\u0159ipravovat projekt je\u0161t\u011b lep\u0161\u00edho zabezpe\u010den\u00ed chovu vlk\u016f v N\u00e1v\u0161t\u011bvnick\u00e9m centru.<\/p>\n<p><em>\u201eA\u010dkoli dote\u010f nev\u00edme, jak se vlci mohli dostat z v\u00fdb\u011bhu, za\u010d\u00edn\u00e1me s p\u0159\u00edpravami na pos\u00edlen\u00ed zabezpe\u010den\u00ed v\u00fdb\u011bhu. D\u00edky tomu, \u017ee n\u00e1v\u0161t\u011bvnick\u00e9 centrum je ve\u0159ejnosti uzav\u0159en\u00e9, dojde tak\u00e9 k revizi v\u0161ech stavebn\u00edch prvk\u016f a to jak ve v\u00fdb\u011bhu, tak tak\u00e9 v samotn\u00e9m centru. P\u0159eci jen, n\u00e1v\u0161t\u011bvnick\u00e9 centrum je v provozu ji\u017e deset let a je mo\u017en\u00e9, \u017ee budou pot\u0159eba n\u011bjak\u00e9 opravy. Naposledy pro\u0161la \u010d\u00e1ste\u010dnou rekonstrukc\u00ed l\u00e1vka ve v\u00fdb\u011bhu, konkr\u00e9tn\u011b se vym\u011bnily pochoz\u00ed d\u0159ev\u011bn\u00e9 prvky a z\u00e1bradl\u00ed,\u201c<\/em> \u0159\u00edk\u00e1 Jan Dvo\u0159\u00e1k.<\/p>\n<p>P\u0159edev\u0161\u00edm z d\u016fvodu vytvo\u0159en\u00ed dostate\u010dn\u00e9ho klidu pro vl\u010d\u00ed sme\u010dku uvnit\u0159 v\u00fdb\u011bhu \u2013 po pom\u011brn\u011b ru\u0161n\u00e9m t\u00fddnu, ve kter\u00e9m se cel\u00e1 sme\u010dka chovala velmi neklidn\u011b &#8211; z\u016fst\u00e1v\u00e1 N\u00e1v\u0161t\u011bvnick\u00e9 centrum Srn\u00ed ve\u0159ejnosti uzav\u0159en\u00e9 a to nejm\u00e9n\u011b do 31. srpna.<\/p>\n<p><strong>Kontaktn\u00ed \u00fadaje pro nahl\u00e1\u0161en\u00ed setk\u00e1n\u00ed s vlkem:<\/strong><\/p>\n<p>Jan Mokr\u00fd: 731 530 472<\/p>\n<p>Old\u0159ich Vojt\u011bch: 731 530 211<\/p>\n<p>Martin Pazourek: 731 530 546<\/p>\n<p>Linka Policie \u010cR: 158<\/p>\n<p>&nbsp;<\/p>\n<p><strong>(tz-np\u0161)<\/strong><\/p>\n<hr \/>\n<p>&nbsp;<\/p>\n","protected":false},"excerpt":{"rendered":"<p>&nbsp; \u00dasp\u011b\u0161n\u011b <\/p>\n","protected":false},"author":2,"featured_media":354512,"comment_status":"open","ping_status":"open","sticky":false,"template":"","format":"gallery","meta":{"footnotes":""},"categories":[179],"tags":[],"jetpack_featured_media_url":"https:\/\/zakrasnejsivimperk.cz\/wp-content\/uploads\/2025\/08\/21\/nova-vlcice.jpg","_links":{"self":[{"href":"https:\/\/zakrasnejsivimperk.cz\/index.php?rest_route=\/wp\/v2\/posts\/354511"}],"collection":[{"href":"https:\/\/zakrasnejsivimperk.cz\/index.php?rest_route=\/wp\/v2\/posts"}],"about":[{"href":"https:\/\/zakrasnejsivimperk.cz\/index.php?rest_route=\/wp\/v2\/types\/post"}],"author":[{"embeddable":true,"href":"https:\/\/zakrasnejsivimperk.cz\/index.php?rest_route=\/wp\/v2\/users\/2"}],"replies":[{"embeddable":true,"href":"https:\/\/zakrasnejsivimperk.cz\/index.php?rest_route=%2Fwp%2Fv2%2Fcomments&post=354511"}],"version-history":[{"count":1,"href":"https:\/\/zakrasnejsivimperk.cz\/index.php?rest_route=\/wp\/v2\/posts\/354511\/revisions"}],"predecessor-version":[{"id":354513,"href":"https:\/\/zakrasnejsivimperk.cz\/index.php?rest_route=\/wp\/v2\/posts\/354511\/revisions\/354513"}],"wp:featuredmedia":[{"embeddable":true,"href":"https:\/\/zakrasnejsivimperk.cz\/index.php?rest_route=\/wp\/v2\/media\/354512"}],"wp:attachment":[{"href":"https:\/\/zakrasnejsivimperk.cz\/index.php?rest_route=%2Fwp%2Fv2%2Fmedia&parent=354511"}],"wp:term":[{"taxonomy":"category","embeddable":true,"href":"https:\/\/zakrasnejsivimperk.cz\/index.php?rest_route=%2Fwp%2Fv2%2Fcategories&post=354511"},{"taxonomy":"post_tag","embeddable":true,"href":"https:\/\/zakrasnejsivimperk.cz\/index.php?rest_route=%2Fwp%2Fv2%2Ftags&post=354511"}],"curies":[{"name":"wp","href":"https:\/\/api.w.org\/{rel}","templated":true}]}}