{"id":354433,"date":"2025-08-20T12:45:36","date_gmt":"2025-08-20T11:45:36","guid":{"rendered":"https:\/\/zakrasnejsivimperk.cz\/?p=354433"},"modified":"2025-08-20T12:45:36","modified_gmt":"2025-08-20T11:45:36","slug":"aktuality-uspesne-odchycena-dalsi-vlcice-jeji-totoznost-musi-urcit-az-analyza-dna","status":"publish","type":"post","link":"https:\/\/zakrasnejsivimperk.cz\/?p=354433","title":{"rendered":"AKTUALITY: \u00dasp\u011b\u0161n\u011b odchycena dal\u0161\u00ed vl\u010dice. Jej\u00ed toto\u017enost mus\u00ed ur\u010dit a\u017e anal\u00fdza DNA"},"content":{"rendered":"<p><img loading=\"lazy\" decoding=\"async\" class=\"aligncenter wp-image-97958\" src=\"https:\/\/zakrasnejsivimperk.cz\/wp-content\/uploads\/2017\/05\/15\/logo-nps-300x300.jpg\" alt=\"\" width=\"200\" height=\"200\" srcset=\"https:\/\/zakrasnejsivimperk.cz\/wp-content\/uploads\/2017\/05\/15\/logo-nps-300x300.jpg 300w, https:\/\/zakrasnejsivimperk.cz\/wp-content\/uploads\/2017\/05\/15\/logo-nps-150x150.jpg 150w, https:\/\/zakrasnejsivimperk.cz\/wp-content\/uploads\/2017\/05\/15\/logo-nps-768x768.jpg 768w, https:\/\/zakrasnejsivimperk.cz\/wp-content\/uploads\/2017\/05\/15\/logo-nps-357x357.jpg 357w, https:\/\/zakrasnejsivimperk.cz\/wp-content\/uploads\/2017\/05\/15\/logo-nps-483x483.jpg 483w, https:\/\/zakrasnejsivimperk.cz\/wp-content\/uploads\/2017\/05\/15\/logo-nps-210x210.jpg 210w, https:\/\/zakrasnejsivimperk.cz\/wp-content\/uploads\/2017\/05\/15\/logo-nps.jpg 960w\" sizes=\"(max-width: 200px) 100vw, 200px\" \/><\/p>\n<p>&nbsp;<\/p>\n<h6>V noci z 19. na 20. srpna se zoolog\u016fm Spr\u00e1vy NP \u0160umava povedl \u00fasp\u011b\u0161n\u00fd odchyt vl\u010dice, kter\u00e1 se pohybovala v okol\u00ed Kundratic. Proto\u017ee se nepoda\u0159ilo na\u010d\u00edst \u010dip, mus\u00ed jej\u00ed toto\u017enost ur\u010dit a\u017e anal\u00fdza DNA. Do t\u00e9 doby je pod veterin\u00e1rn\u00edm dohledem um\u00edst\u011bna v karant\u00e9nn\u00edm v\u00fdb\u011bhu v N\u00e1v\u0161t\u011bvnick\u00e9m centru Srn\u00ed.<\/h6>\n<p><em>\u201eZv\u00ed\u0159e bylo lapeno do odchytov\u00e9 pasti a n\u00e1sledn\u011b usp\u00e1no narkotiza\u010dn\u00ed l\u00e1tkou. Bohu\u017eel, se nepoda\u0159ilo na\u010d\u00edst identifika\u010dn\u00ed \u010dip. To ale nemus\u00ed znamenat, \u017ee se nejedn\u00e1 o zv\u00ed\u0159e z na\u0161eho chovu, a proto byly odebr\u00e1ny vzorky pro anal\u00fdzu DNA, kter\u00e9 dnes r\u00e1no putovaly do laborato\u0159e,\u201c<\/em> popisuje mluv\u010d\u00ed Spr\u00e1vy NP \u0160umava Jan Dvo\u0159\u00e1k a dopl\u0148uje: <em>\u201eV\u00fdsledky anal\u00fdzy by mohly b\u00fdt tento p\u00e1tek, nejpozd\u011bji pak v pond\u011bl\u00ed. Do t\u00e9 doby bude vl\u010dice, kter\u00e1 se jev\u00ed zdravotn\u011b v po\u0159\u00e1dku, pod veterin\u00e1rn\u00edm dohledem v separa\u010dn\u00edm v\u00fdb\u011bhu N\u00e1v\u0161t\u011bvnick\u00e9ho centra kam jsme povolili p\u0159\u00edstup pouze veterin\u00e1\u0159i a zoologovi Spr\u00e1vy NP \u0160umava.\u201c<\/em><\/p>\n<p>Nena\u010dten\u00ed identifika\u010dn\u00edho \u010dipu p\u0159itom nemus\u00ed nutn\u011b znamenat to, \u017ee vl\u010dice nepoch\u00e1z\u00ed z n\u00e1v\u0161t\u011bvnick\u00e9ho centra. D\u016fvod\u016f mo\u017en\u00e9 nefunk\u010dnosti t\u011bchto za\u0159\u00edzen\u00ed m\u016f\u017ee b\u00fdt n\u011bkolik.<\/p>\n<p><em>\u201eP\u0159i pravideln\u00fdch veterin\u00e1rn\u00edch z\u00e1kroc\u00edch prov\u00e1d\u011bn\u00fdch v chovu jsme se ji\u017e setkali s t\u00edm, \u017ee u n\u011bkter\u00fdch chovan\u00fdch zv\u00ed\u0159at nebylo mo\u017en\u00e9 na\u010d\u00edst identifika\u010dn\u00ed \u010dip. V takov\u00e9m p\u0159\u00edpad\u011b zv\u00ed\u0159e dostalo nov\u00fd. Nezb\u00fdv\u00e1 tedy, ne\u017e po\u010dkat na v\u00fdsledky anal\u00fdzy DNA,\u201c<\/em> vysv\u011btluje mluv\u010d\u00ed Spr\u00e1vy NP \u0160umava Jan Dvo\u0159\u00e1k.<\/p>\n<p>Pokud se prok\u00e1\u017ee, \u017ee vl\u010dice pat\u0159\u00ed do chovu Spr\u00e1vy NP \u0160umava, bude vpu\u0161t\u011bna do v\u00fdb\u011bhu ke sme\u010dce. Pokud by v\u00fdsledky anal\u00fdzy uk\u00e1zaly na to, \u017ee se jedn\u00e1 o zv\u00ed\u0159e z voln\u00e9 p\u0159\u00edrody, bude osazeno obojkem s GPS lok\u00e1torem a vypu\u0161t\u011bno zp\u011bt do p\u0159\u00edrody.<\/p>\n<p>V t\u00e9to souvislosti je d\u016fle\u017eit\u00e9 uv\u00e9st, \u017ee \u017e\u00e1dn\u00fd z doposud monitorovan\u00fdch vlk\u016f nevykazoval chov\u00e1n\u00ed nebezpe\u010dn\u00e9 pro \u010dlov\u011bka, vykazoval pouze ni\u017e\u0161\u00ed m\u00edru plachosti. V p\u0159\u00edpad\u011b setk\u00e1n\u00ed s takov\u00fdm vlkem plat\u00ed \u00fapln\u011b stejn\u00e1 pravidla, jako p\u0159i setk\u00e1n\u00ed s jakoukoli jinou \u0161elmou. \u010clov\u011bk by se k n\u011bmu nem\u011bl p\u0159ibli\u017eovat, ide\u00e1ln\u011b d\u00e1t o sob\u011b v\u011bd\u011bt a nechat ho odej\u00edt. Pokud se st\u00e1le p\u0159ibli\u017euje tak se sna\u017eit jej zapla\u0161it rozm\u00e1chl\u00fdmi gesty a vol\u00e1n\u00edm. Majitel\u016fm ps\u016f doporu\u010dujeme m\u00edt je na vod\u00edtku.<\/p>\n<p><em>\u201eJe pro n\u00e1s velmi d\u016fle\u017eit\u00e9, aby n\u00e1s ve\u0159ejnost informovala o jak\u00e9mkoli setk\u00e1n\u00ed s vlkem na \u00fazem\u00ed \u0160umavy. Nutn\u00e9 je uv\u00e9st m\u00edsto a \u010das pozorov\u00e1n\u00ed. Pokud se poda\u0159\u00ed zv\u00ed\u0159e vyfotografovat nebo nato\u010dit video, tak poskytnout n\u00e1m takov\u00fd z\u00e1znam. P\u0159edem t\u00edmto d\u011bkujeme, a sou\u010dasn\u011b d\u011bkujeme v\u0161em, kte\u0159\u00ed n\u00e1m informace o setk\u00e1n\u00ed s vlkem podali.\u201c<\/em> uzav\u00edr\u00e1 mluv\u010d\u00ed Spr\u00e1vy NP \u0160umava Jan Dvo\u0159\u00e1k.<\/p>\n<p><strong>Kontaktn\u00ed \u00fadaje pro nahl\u00e1\u0161en\u00ed setk\u00e1n\u00ed s vlkem:<\/strong><\/p>\n<p>Jan Mokr\u00fd: 731 530 472<\/p>\n<p>Old\u0159ich Vojt\u011bch: 731 530 211<\/p>\n<p>Martin Pazourek: 731 530 546<\/p>\n<p>Linka Policie \u010cR: 158<\/p>\n<p>&nbsp;<\/p>\n<p><strong>(tz-np\u0161)<\/strong><\/p>\n<hr \/>\n<p>&nbsp;<\/p>\n","protected":false},"excerpt":{"rendered":"<p>&nbsp; V <\/p>\n","protected":false},"author":2,"featured_media":354434,"comment_status":"open","ping_status":"open","sticky":false,"template":"","format":"gallery","meta":{"footnotes":""},"categories":[179],"tags":[],"jetpack_featured_media_url":"https:\/\/zakrasnejsivimperk.cz\/wp-content\/uploads\/2025\/08\/20\/nove-nps.jpg","_links":{"self":[{"href":"https:\/\/zakrasnejsivimperk.cz\/index.php?rest_route=\/wp\/v2\/posts\/354433"}],"collection":[{"href":"https:\/\/zakrasnejsivimperk.cz\/index.php?rest_route=\/wp\/v2\/posts"}],"about":[{"href":"https:\/\/zakrasnejsivimperk.cz\/index.php?rest_route=\/wp\/v2\/types\/post"}],"author":[{"embeddable":true,"href":"https:\/\/zakrasnejsivimperk.cz\/index.php?rest_route=\/wp\/v2\/users\/2"}],"replies":[{"embeddable":true,"href":"https:\/\/zakrasnejsivimperk.cz\/index.php?rest_route=%2Fwp%2Fv2%2Fcomments&post=354433"}],"version-history":[{"count":2,"href":"https:\/\/zakrasnejsivimperk.cz\/index.php?rest_route=\/wp\/v2\/posts\/354433\/revisions"}],"predecessor-version":[{"id":354438,"href":"https:\/\/zakrasnejsivimperk.cz\/index.php?rest_route=\/wp\/v2\/posts\/354433\/revisions\/354438"}],"wp:featuredmedia":[{"embeddable":true,"href":"https:\/\/zakrasnejsivimperk.cz\/index.php?rest_route=\/wp\/v2\/media\/354434"}],"wp:attachment":[{"href":"https:\/\/zakrasnejsivimperk.cz\/index.php?rest_route=%2Fwp%2Fv2%2Fmedia&parent=354433"}],"wp:term":[{"taxonomy":"category","embeddable":true,"href":"https:\/\/zakrasnejsivimperk.cz\/index.php?rest_route=%2Fwp%2Fv2%2Fcategories&post=354433"},{"taxonomy":"post_tag","embeddable":true,"href":"https:\/\/zakrasnejsivimperk.cz\/index.php?rest_route=%2Fwp%2Fv2%2Ftags&post=354433"}],"curies":[{"name":"wp","href":"https:\/\/api.w.org\/{rel}","templated":true}]}}