{"id":354238,"date":"2025-08-19T06:54:42","date_gmt":"2025-08-19T05:54:42","guid":{"rendered":"https:\/\/zakrasnejsivimperk.cz\/?p=354238"},"modified":"2025-08-19T06:54:42","modified_gmt":"2025-08-19T05:54:42","slug":"klatovsky-denik-rozdilna-pravidla-na-sumave-policie-se-strazniky-upozornovala-navstevniky","status":"publish","type":"post","link":"https:\/\/zakrasnejsivimperk.cz\/?p=354238","title":{"rendered":"KLATOVSK\u00dd DEN\u00cdK: Rozd\u00edln\u00e1 pravidla na \u0160umav\u011b, policie se str\u00e1\u017en\u00edky upozor\u0148ovala n\u00e1v\u0161t\u011bvn\u00edky"},"content":{"rendered":"<h1 style=\"text-align: center;\">\u010cl\u00e1nek otev\u0159ete kliknut\u00edm na obr\u00e1zek:<\/h1>\n<p>&nbsp;<\/p>\n<p><a href=\"https:\/\/klatovsky.denik.cz\/zpravy_region\/rozdilna-pravidla-na-sumave-policie-se-strazniky-upozornovala-navstevniky-202508.html?fbclid=IwY2xjawMQ7c9leHRuA2FlbQIxMABicmlkETA5U3NyWFdPNFQyM1F2UHRTAR4O5WqYSs0GO_4LYrA0NUMJ21MFb9hp1Tk_bV663vWIqGsqTWrUwcsFHHIY6A_aem_hSy0TM5wVrnUVicS6raxPA\" target=\"_blank\" rel=\"noopener\"><img loading=\"lazy\" decoding=\"async\" class=\"aligncenter wp-image-177105 size-full\" src=\"https:\/\/zakrasnejsivimperk.cz\/wp-content\/uploads\/2019\/11\/17\/den\u00edk-logo-2.png\" alt=\"\" width=\"800\" height=\"239\" srcset=\"https:\/\/zakrasnejsivimperk.cz\/wp-content\/uploads\/2019\/11\/17\/den\u00edk-logo-2.png 800w, https:\/\/zakrasnejsivimperk.cz\/wp-content\/uploads\/2019\/11\/17\/den\u00edk-logo-2-300x90.png 300w, https:\/\/zakrasnejsivimperk.cz\/wp-content\/uploads\/2019\/11\/17\/den\u00edk-logo-2-768x229.png 768w\" sizes=\"(max-width: 800px) 100vw, 800px\" \/><\/a><\/p>\n<hr \/>\n<p>&nbsp;<\/p>\n","protected":false},"excerpt":{"rendered":"<p>\u010cl\u00e1nek otev\u0159ete <\/p>\n","protected":false},"author":2,"featured_media":354239,"comment_status":"open","ping_status":"open","sticky":false,"template":"","format":"gallery","meta":{"footnotes":""},"categories":[109],"tags":[],"jetpack_featured_media_url":"https:\/\/zakrasnejsivimperk.cz\/wp-content\/uploads\/2025\/08\/19\/ram-denik.jpg","_links":{"self":[{"href":"https:\/\/zakrasnejsivimperk.cz\/index.php?rest_route=\/wp\/v2\/posts\/354238"}],"collection":[{"href":"https:\/\/zakrasnejsivimperk.cz\/index.php?rest_route=\/wp\/v2\/posts"}],"about":[{"href":"https:\/\/zakrasnejsivimperk.cz\/index.php?rest_route=\/wp\/v2\/types\/post"}],"author":[{"embeddable":true,"href":"https:\/\/zakrasnejsivimperk.cz\/index.php?rest_route=\/wp\/v2\/users\/2"}],"replies":[{"embeddable":true,"href":"https:\/\/zakrasnejsivimperk.cz\/index.php?rest_route=%2Fwp%2Fv2%2Fcomments&post=354238"}],"version-history":[{"count":1,"href":"https:\/\/zakrasnejsivimperk.cz\/index.php?rest_route=\/wp\/v2\/posts\/354238\/revisions"}],"predecessor-version":[{"id":354240,"href":"https:\/\/zakrasnejsivimperk.cz\/index.php?rest_route=\/wp\/v2\/posts\/354238\/revisions\/354240"}],"wp:featuredmedia":[{"embeddable":true,"href":"https:\/\/zakrasnejsivimperk.cz\/index.php?rest_route=\/wp\/v2\/media\/354239"}],"wp:attachment":[{"href":"https:\/\/zakrasnejsivimperk.cz\/index.php?rest_route=%2Fwp%2Fv2%2Fmedia&parent=354238"}],"wp:term":[{"taxonomy":"category","embeddable":true,"href":"https:\/\/zakrasnejsivimperk.cz\/index.php?rest_route=%2Fwp%2Fv2%2Fcategories&post=354238"},{"taxonomy":"post_tag","embeddable":true,"href":"https:\/\/zakrasnejsivimperk.cz\/index.php?rest_route=%2Fwp%2Fv2%2Ftags&post=354238"}],"curies":[{"name":"wp","href":"https:\/\/api.w.org\/{rel}","templated":true}]}}