{"id":353961,"date":"2025-08-15T12:24:54","date_gmt":"2025-08-15T11:24:54","guid":{"rendered":"https:\/\/zakrasnejsivimperk.cz\/?p=353961"},"modified":"2025-08-15T12:26:50","modified_gmt":"2025-08-15T11:26:50","slug":"aktuality-odchycena-vlcice-je-zpet-u-sve-smecky-ve-vybehu-nalezena-lebka-vlka-se-zbytky-tkane-navstevnicke-centrum-se-otevre-v-pondeli","status":"publish","type":"post","link":"https:\/\/zakrasnejsivimperk.cz\/?p=353961","title":{"rendered":"AKTUALITY: Odchycen\u00e1 vl\u010dice je zp\u011bt u sv\u00e9 sme\u010dky. Ve v\u00fdb\u011bhu nalezena lebka vlka se zbytky tk\u00e1n\u011b, n\u00e1v\u0161t\u011bvnick\u00e9 centrum se otev\u0159e v pond\u011bl\u00ed"},"content":{"rendered":"<p><img loading=\"lazy\" decoding=\"async\" class=\"aligncenter wp-image-97958\" src=\"https:\/\/zakrasnejsivimperk.cz\/wp-content\/uploads\/2017\/05\/15\/logo-nps-300x300.jpg\" alt=\"\" width=\"200\" height=\"200\" srcset=\"https:\/\/zakrasnejsivimperk.cz\/wp-content\/uploads\/2017\/05\/15\/logo-nps-300x300.jpg 300w, https:\/\/zakrasnejsivimperk.cz\/wp-content\/uploads\/2017\/05\/15\/logo-nps-150x150.jpg 150w, https:\/\/zakrasnejsivimperk.cz\/wp-content\/uploads\/2017\/05\/15\/logo-nps-768x768.jpg 768w, https:\/\/zakrasnejsivimperk.cz\/wp-content\/uploads\/2017\/05\/15\/logo-nps-357x357.jpg 357w, https:\/\/zakrasnejsivimperk.cz\/wp-content\/uploads\/2017\/05\/15\/logo-nps-483x483.jpg 483w, https:\/\/zakrasnejsivimperk.cz\/wp-content\/uploads\/2017\/05\/15\/logo-nps-210x210.jpg 210w, https:\/\/zakrasnejsivimperk.cz\/wp-content\/uploads\/2017\/05\/15\/logo-nps.jpg 960w\" sizes=\"(max-width: 200px) 100vw, 200px\" \/><\/p>\n<p>&nbsp;<\/p>\n<h6>V\u010dera (ve \u010dtvrtek 14. srpna) ve\u010der byla vl\u010dice, odchycen\u00e1 v noci ze 13. na 14. srpna, um\u00edst\u011bna zp\u011bt do velk\u00e9ho v\u00fdb\u011bhu. Nejevila \u017e\u00e1dn\u00e9 zdravotn\u00ed komplikace, a proto, s jasn\u011b identifikovateln\u00fdm zna\u010den\u00edm ve form\u011b b\u00edl\u00e9ho pruhu na z\u00e1dech, se za\u010dala za\u010dle\u0148ovat do sv\u00e9 sme\u010dky.<\/h6>\n<p><em>\u201eDnes r\u00e1no prob\u011bhlo s\u010d\u00edt\u00e1n\u00ed vlk\u016f ve v\u00fdb\u011bhu pomoc\u00ed dronu vybaven\u00e9ho termokamerou. T\u00edmto vybaven\u00edm disponuj\u00ed kolegov\u00e9 z \u010cesk\u00e9 inspekce \u017eivotn\u00edho prost\u0159ed\u00ed, kte\u0159\u00ed n\u00e1m vy\u0161li vst\u0159\u00edc a pokusili se zjistit po\u010det vlk\u016f ve v\u00fdb\u011bhu touto technikou,\u201c<\/em> informuje mluv\u010d\u00ed Spr\u00e1vy NP \u0160umava Jan Dvo\u0159\u00e1k.<\/p>\n<p><em>\u201eTermokamera dronu ve spojen\u00ed s vizu\u00e1ln\u00ed kontrolou pracovn\u00edk\u016f prok\u00e1zala p\u0159\u00edtomnost dev\u00edti vlk\u016f ve v\u00fdb\u011bhu. Pro srovn\u00e1n\u00ed, ve \u010dtvrtek pracovn\u00edci napo\u010detli t\u0159i zv\u00ed\u0159ata. Je jist\u00e9, \u017ee zbyl\u00e1 pravd\u011bpodobn\u011b odpo\u010d\u00edvala v r\u016fzn\u00fdch \u00fakrytech v\u00fdb\u011bhu,\u201c<\/em> dod\u00e1v\u00e1.<\/p>\n<p>Je nutn\u00e9 p\u0159ipomenout, \u017ee ani monitoring pomoc\u00ed dronu s termokamerou nen\u00ed mo\u017en\u00e9 pova\u017eovat za stoprocentn\u00ed a to s ohledem na \u010dlenitost v\u00fdb\u011bhu. Ten sk\u00fdt\u00e1 mno\u017estv\u00ed nor, pr\u016flez\u016f mezi kameny, hust\u00e9 k\u0159oviny, a \u00fakryty pod tlej\u00edc\u00edm d\u0159\u00edv\u00edm.<\/p>\n<p><em>\u201ePr\u00e1v\u011b takov\u00fd ter\u00e9n m\u016f\u017ee zkreslovat \u00fadaje termokamery. Jednodu\u0161e \u0159e\u010deno je toto za\u0159\u00edzen\u00ed nevid\u00ed,<\/em>\u201c vysv\u011btluje mluv\u010d\u00ed Spr\u00e1vy NP \u0160umava Jan Dvo\u0159\u00e1k.<\/p>\n<p>Ve v\u00fdb\u011bhu by m\u011blo b\u00fdt celkem 13 zv\u00ed\u0159at, ale d\u00edky anal\u00fdze DNA ze vzorku vl\u010d\u00edho trusu nalezen\u00e9ho v oblasti Kundratic nedaleko Hartmanic, kter\u00e1 potvrdila, \u017ee se jedn\u00e1 o trus ze zv\u00ed\u0159ete chovan\u00e9ho ve v\u00fdb\u011bhu, je mimo za\u0159\u00edzen\u00ed nejm\u00e9n\u011b jedno zv\u00ed\u0159e.<\/p>\n<p><em>\u201eCelkov\u00fd po\u010det m\u016f\u017ee ovlivnit tak\u00e9 \u00famrt\u00ed zv\u00ed\u0159ete, kter\u00e9 se nemus\u00ed hned zaregistrovat. Zv\u00ed\u0159e m\u016f\u017ee uhynout v n\u011bkter\u00e9m z \u00fakryt\u016f a jeho ostatky se tak mohou nal\u00e9zt a\u017e se zpo\u017ed\u011bn\u00edm nebo v\u016fbec. To m\u016f\u017ee b\u00fdt i p\u0159\u00edpad v\u010derej\u0161\u00edho n\u00e1lezu lebky vlka se zbytky tk\u00e1n\u00ed. Tu zoologov\u00e9 ji\u017e odeslali do laborato\u0159e, na anal\u00fdzu DNA, aby bylo mo\u017en\u00e9 p\u0159esn\u011b ur\u010dit, zda nalezen\u00fd poz\u016fstatek vlka pat\u0159il n\u011bkter\u00e9mu zv\u00ed\u0159eti z v\u00fdb\u011bhu,\u201c<\/em> \u0159\u00edk\u00e1 Jan Dvo\u0159\u00e1k.<\/p>\n<p>N\u00e1v\u0161t\u011bvnick\u00e9 centrum Srn\u00ed Spr\u00e1va NP \u0160umava pl\u00e1nuje zp\u0159\u00edstupnit ve\u0159ejnosti ji\u017e v pond\u011bl\u00ed 18. srpna a to ve zkr\u00e1cen\u00e9 otev\u00edrac\u00ed dob\u011b.<\/p>\n<p><em>\u201ePokud se neprok\u00e1\u017ee, \u017ee se vn\u011b v\u00fdb\u011bhu nebude o v\u00edkendu pohybovat dal\u0161\u00ed vlk nebo se nestane jin\u00e1 ud\u00e1lost, kter\u00e1 by vy\u017eadovala st\u00e1le uzav\u0159en\u00ed n\u00e1v\u0161t\u011bvnick\u00e9ho centra ve\u0159ejnosti, otev\u0159eme v pond\u011bl\u00ed v 9 hodin. N\u00e1sledn\u011b pak bude otev\u0159eno ka\u017ed\u00fd den v dob\u011b od 9 do 15:30 hodin. P\u0159\u00edstup od centra k v\u00fdb\u011bh\u016fm bude mo\u017en\u00fd pouze po zna\u010den\u00e9 nau\u010dn\u00e9 trase. Pracovn\u00edk Spr\u00e1vy bude dohl\u00ed\u017eet na z\u00e1kaz pohybu v okol\u00ed centra, p\u0159edev\u0161\u00edm v bl\u00edzkosti v\u00fdb\u011bhu,\u201c<\/em> vysv\u011btluje mluv\u010d\u00ed.<\/p>\n<p>Zoologov\u00e9 Spr\u00e1vy se v sou\u010dasnosti budou intenzivn\u011b zab\u00fdvat monitoringem a odchytem vlka, opakovan\u011b spat\u0159en\u00e9ho v oblasti Hartmanicka, kter\u00fd by podle v\u0161ech indici\u00ed mohl poch\u00e1zet z v\u00fdb\u011bhu N\u00e1v\u0161t\u011bvnick\u00e9ho centra. Sou\u010dasn\u011b pokra\u010duje intenzivn\u00ed sledov\u00e1n\u00ed okol\u00ed v\u00fdb\u011bhu, kde p\u0159ibylo deset dal\u0161\u00edch fotopasti monitoruj\u00edc\u00ed \u0161ir\u0161\u00ed \u00fazem\u00ed n\u00e1v\u0161t\u011bvnick\u00e9ho za\u0159\u00edzen\u00ed.<\/p>\n<p><em>\u201eNad\u00e1le pro n\u00e1s z\u016fst\u00e1v\u00e1 velmi d\u016fle\u017eit\u00e1 pomoc n\u00e1v\u0161t\u011bvn\u00edk\u016f a m\u00edstn\u00ed obyvatel v r\u00e1mci informov\u00e1n\u00ed o jak\u00e9mkoli setk\u00e1n\u00ed s vlkem na \u00fazem\u00ed \u0160umavy. Nutn\u00e9 je uv\u00e9st m\u00edsto a \u010das pozorov\u00e1n\u00ed. Pokud se poda\u0159\u00ed zv\u00ed\u0159e vyfotografovat nebo nato\u010dit video, tak poskytnout n\u00e1m takov\u00fd z\u00e1znam. P\u0159edem t\u00edmto d\u011bkujeme, a sou\u010dasn\u011b d\u011bkujeme v\u0161em, kte\u0159\u00ed n\u00e1m informace o setk\u00e1n\u00ed s vlkem podali.\u201c<\/em> uzav\u00edr\u00e1 mluv\u010d\u00ed Spr\u00e1vy NP \u0160umava Jan Dvo\u0159\u00e1k.<\/p>\n<p>V t\u00e9to souvislosti je d\u016fle\u017eit\u00e9 uv\u00e9st, \u017ee \u017e\u00e1dn\u00fd z doposud monitorovan\u00fdch vlk\u016f nevykazoval chov\u00e1n\u00ed nebezpe\u010dn\u00e9 pro \u010dlov\u011bka, vykazoval pouze ni\u017e\u0161\u00ed m\u00edru plachosti. V p\u0159\u00edpad\u011b setk\u00e1n\u00ed s takov\u00fdm vlkem plat\u00ed \u00fapln\u011b stejn\u00e1 pravidla, jako p\u0159i setk\u00e1n\u00ed s jakoukoli jinou \u0161elmou. \u010clov\u011bk by se k n\u011bmu nem\u011bl p\u0159ibli\u017eovat, ide\u00e1ln\u011b d\u00e1t o sob\u011b v\u011bd\u011bt a nechat ho odej\u00edt. Pokud se st\u00e1le p\u0159ibli\u017euje tak se sna\u017eit jej zapla\u0161it rozm\u00e1chl\u00fdmi gesty a vol\u00e1n\u00edm. Majitel\u016fm ps\u016f doporu\u010dujeme m\u00edt je na vod\u00edtku.<\/p>\n<p><strong>Kontaktn\u00ed \u00fadaje pro nahl\u00e1\u0161en\u00ed setk\u00e1n\u00ed s vlkem:<\/strong><\/p>\n<p>Jan Mokr\u00fd: 731 530 472<\/p>\n<p>Old\u0159ich Vojt\u011bch: 731 530 211<\/p>\n<p>Martin Pazourek: 731 530 546<\/p>\n<p>Linka Policie \u010cR: 158<\/p>\n<p><strong>(tz-np\u0161)<\/strong><\/p>\n<hr \/>\n<p>&nbsp;<\/p>\n","protected":false},"excerpt":{"rendered":"<p>&nbsp; V\u010dera <\/p>\n","protected":false},"author":2,"featured_media":353962,"comment_status":"open","ping_status":"open","sticky":false,"template":"","format":"gallery","meta":{"footnotes":""},"categories":[179],"tags":[],"jetpack_featured_media_url":"https:\/\/zakrasnejsivimperk.cz\/wp-content\/uploads\/2025\/08\/15\/nove-vlcice.jpg","_links":{"self":[{"href":"https:\/\/zakrasnejsivimperk.cz\/index.php?rest_route=\/wp\/v2\/posts\/353961"}],"collection":[{"href":"https:\/\/zakrasnejsivimperk.cz\/index.php?rest_route=\/wp\/v2\/posts"}],"about":[{"href":"https:\/\/zakrasnejsivimperk.cz\/index.php?rest_route=\/wp\/v2\/types\/post"}],"author":[{"embeddable":true,"href":"https:\/\/zakrasnejsivimperk.cz\/index.php?rest_route=\/wp\/v2\/users\/2"}],"replies":[{"embeddable":true,"href":"https:\/\/zakrasnejsivimperk.cz\/index.php?rest_route=%2Fwp%2Fv2%2Fcomments&post=353961"}],"version-history":[{"count":3,"href":"https:\/\/zakrasnejsivimperk.cz\/index.php?rest_route=\/wp\/v2\/posts\/353961\/revisions"}],"predecessor-version":[{"id":353968,"href":"https:\/\/zakrasnejsivimperk.cz\/index.php?rest_route=\/wp\/v2\/posts\/353961\/revisions\/353968"}],"wp:featuredmedia":[{"embeddable":true,"href":"https:\/\/zakrasnejsivimperk.cz\/index.php?rest_route=\/wp\/v2\/media\/353962"}],"wp:attachment":[{"href":"https:\/\/zakrasnejsivimperk.cz\/index.php?rest_route=%2Fwp%2Fv2%2Fmedia&parent=353961"}],"wp:term":[{"taxonomy":"category","embeddable":true,"href":"https:\/\/zakrasnejsivimperk.cz\/index.php?rest_route=%2Fwp%2Fv2%2Fcategories&post=353961"},{"taxonomy":"post_tag","embeddable":true,"href":"https:\/\/zakrasnejsivimperk.cz\/index.php?rest_route=%2Fwp%2Fv2%2Ftags&post=353961"}],"curies":[{"name":"wp","href":"https:\/\/api.w.org\/{rel}","templated":true}]}}