{"id":353732,"date":"2025-08-13T13:48:07","date_gmt":"2025-08-13T12:48:07","guid":{"rendered":"https:\/\/zakrasnejsivimperk.cz\/?p=353732"},"modified":"2025-08-13T13:48:07","modified_gmt":"2025-08-13T12:48:07","slug":"aktuality-vysledky-analyz-dna-nalezeneho-vzorku-trusu-potvrdily-unik-samice-vlka-z-navstevnickeho-centra-srni","status":"publish","type":"post","link":"https:\/\/zakrasnejsivimperk.cz\/?p=353732","title":{"rendered":"AKTUALITY: V\u00fdsledky anal\u00fdz DNA nalezen\u00e9ho vzorku trusu potvrdily \u00fanik samice vlka z N\u00e1v\u0161t\u011bvnick\u00e9ho centra Srn\u00ed"},"content":{"rendered":"<p><img loading=\"lazy\" decoding=\"async\" class=\"aligncenter wp-image-97958\" src=\"https:\/\/zakrasnejsivimperk.cz\/wp-content\/uploads\/2017\/05\/15\/logo-nps-300x300.jpg\" alt=\"\" width=\"200\" height=\"200\" srcset=\"https:\/\/zakrasnejsivimperk.cz\/wp-content\/uploads\/2017\/05\/15\/logo-nps-300x300.jpg 300w, https:\/\/zakrasnejsivimperk.cz\/wp-content\/uploads\/2017\/05\/15\/logo-nps-150x150.jpg 150w, https:\/\/zakrasnejsivimperk.cz\/wp-content\/uploads\/2017\/05\/15\/logo-nps-768x768.jpg 768w, https:\/\/zakrasnejsivimperk.cz\/wp-content\/uploads\/2017\/05\/15\/logo-nps-357x357.jpg 357w, https:\/\/zakrasnejsivimperk.cz\/wp-content\/uploads\/2017\/05\/15\/logo-nps-483x483.jpg 483w, https:\/\/zakrasnejsivimperk.cz\/wp-content\/uploads\/2017\/05\/15\/logo-nps-210x210.jpg 210w, https:\/\/zakrasnejsivimperk.cz\/wp-content\/uploads\/2017\/05\/15\/logo-nps.jpg 960w\" sizes=\"(max-width: 200px) 100vw, 200px\" \/><\/p>\n<p>&nbsp;<\/p>\n<h6>Anal\u00fdza DNA ze vzorku trusu nalezen\u00e9ho nedaleko Kundratic na \u0160umav\u011b potvrdila shodu DNA s jednou samic\u00ed \u017eij\u00edc\u00ed ve v\u00fdb\u011bhu N\u00e1v\u0161t\u011bvnick\u00e9 centra Srn\u00ed. Trus pracovn\u00edci Spr\u00e1vy odebrali z m\u00edsta, kde byl pozorov\u00e1n vlk 1 a 3. srpna dv\u011bma lidmi nez\u00e1visle na sob\u011b.<\/h6>\n<p><em>\u201ePo nahl\u00e1\u0161en\u00ed setk\u00e1n\u00ed kolegov\u00e9 vyjeli na m\u00edsto a dle standardizovan\u00e9ho postupu prohledali lokalitu. Nalezli tam \u010derstv\u00fd trus, ze kter\u00e9ho odebrali vzorky pro genetickou anal\u00fdzu. Jej\u00ed v\u00fdsledky potvrdily, \u017ee se jedn\u00e1 o trus vl\u010dice z na\u0161eho n\u00e1v\u0161t\u011bvnick\u00e9ho centra,\u201c<\/em> informuje mluv\u010d\u00ed Spr\u00e1vy NP \u0160umava Jan Dvo\u0159\u00e1k.<\/p>\n<p><em>\u201eNa z\u00e1klad\u011b tohoto zji\u0161t\u011bn\u00ed je jist\u00e9, \u017ee nejm\u00e9n\u011b jedna vl\u010dice utekla z v\u00fdb\u011bhu. Je mo\u017en\u011b, i kdy\u017e v sou\u010dasnosti je to v rovin\u011b spekulace, \u017ee zv\u00ed\u0159e pozorovan\u00e9 nedaleko Kundratic je to stejn\u00e9, kter\u00e9 se te\u010f pohybuje v okol\u00ed v\u00fdb\u011bhu,\u201c<\/em> dopl\u0148uje mluv\u010d\u00ed.<\/p>\n<p>Anal\u00fdza DNA byla vyhotovena tak\u00e9 ze vzorku vl\u010dice, kter\u00e1 byla nalezena mrtv\u00e1 nedaleko Poledn\u00edku minul\u00fd t\u00fdden ve st\u0159edu 6. srpna.<\/p>\n<p><em>\u201eProto\u017ee p\u0159i prvotn\u00edm ohled\u00e1n\u00ed t\u011bla mrtv\u00e9 vl\u010dice nebyl nalezen \u010dip, poslali jsme vzorky tk\u00e1n\u011b do laborato\u0159e na anal\u00fdzu. Podle aktu\u00e1ln\u00edch v\u00fdsledk\u016f bylo potvrzeno, \u017ee se jedn\u00e1 o zv\u00ed\u0159e, kter\u00e9 nepoch\u00e1z\u00ed z chovu v N\u00e1v\u0161t\u011bvnick\u00e9m centru Srn\u00ed,\u201c<\/em> d\u00e1le zmi\u0148uje mluv\u010d\u00ed Jan Dvo\u0159\u00e1k.<\/p>\n<p>Vl\u010d\u00ed jedinec pohybuj\u00edc\u00ed se v t\u011bsn\u00e9 bl\u00edzkosti v\u00fdb\u011bhu n\u00e1v\u0161t\u011bvnick\u00e9ho centra byl pozorov\u00e1n na fotopastech jak v \u00fater\u00fd ve\u010der, tak i dnes, tedy ve st\u0159edu 13. srpna r\u00e1no. Pracovn\u00edci Spr\u00e1vy NP \u0160umava p\u0159idali k v\u00fdb\u011bhu dal\u0161\u00ed past a p\u0159ipravuj\u00ed dal\u0161\u00ed mo\u017enosti odchytu.<\/p>\n<p><em>\u201eNa z\u00e1klad\u011b opat\u0159en\u00ed krizov\u00e9ho \u0161t\u00e1bu bude ka\u017ed\u00fd den prob\u00edhat po\u010d\u00edt\u00e1n\u00ed vlk\u016f ve v\u00fdb\u011bhu. V \u00fater\u00fd jich pracovn\u00edci napo\u010detli dev\u011bt, ve st\u0159edu dopoledne osm. Oslovili jsme z\u00e1rove\u0148 kolegy z \u010cesk\u00e9 inspekce \u017eivotn\u00edho prost\u0159ed\u00ed, kte\u0159\u00ed vlastn\u00ed dron s termoviz\u00ed, o kontrolu v\u00fdb\u011bhu touto metodou,\u201c<\/em> \u0159\u00edk\u00e1 Dvo\u0159\u00e1k a pokra\u010duje: <em>\u201eKa\u017ed\u00fd den se podrobn\u011b sleduje stav oplocen\u00ed. Podle pracovn\u00edk\u016f, kte\u0159\u00ed maj\u00ed kontrolu v\u00fdb\u011bhu na starosti, nebylo oplocen\u00ed v posledn\u00edch t\u00fddnech po\u0161kozen\u00e9, krom\u011b podhrabu v jednom m\u00edst\u011b oplocen\u00ed, zji\u0161t\u011bn\u00e9ho minul\u00fd p\u00e1tek.\u201c<\/em><\/p>\n<p>V\u0161ichni vlci chovan\u00ed v N\u00e1v\u0161t\u011bvnick\u00e9m centru Srn\u00ed jsou \u010dipov\u00e1ni a pod veterin\u00e1rn\u00edm dohledem.<\/p>\n<p>N\u00e1v\u0161t\u011bvnick\u00e9 centrum v Srn\u00ed z\u016fst\u00e1v\u00e1 pro ve\u0159ejnost uzav\u0159en\u00e9 do ned\u011ble 17. srpna. V p\u0159\u00edpad\u011b \u00fasp\u011b\u0161n\u00e9ho odchytu vlka pohybuj\u00edc\u00edho se v bl\u00edzkosti v\u00fdb\u011bhu, bude N\u00e1v\u0161t\u011bvnick\u00e9 centrum zp\u0159\u00edstupn\u011bno d\u0159\u00edve.<\/p>\n<p><strong>Kontaktn\u00ed \u00fadaje pro nahl\u00e1\u0161en\u00ed setk\u00e1n\u00ed s vlkem:<\/strong><\/p>\n<p>Jan Mokr\u00fd: 731 530 472<\/p>\n<p>Old\u0159ich Vojt\u011bch: 731 530 211<\/p>\n<p>Martin Pazourek: 731 530 546<\/p>\n<p>&nbsp;<\/p>\n<p><strong>(tz-np\u0161)<\/strong><\/p>\n<hr \/>\n<p>&nbsp;<\/p>\n","protected":false},"excerpt":{"rendered":"<p>&nbsp; Anal\u00fdza <\/p>\n","protected":false},"author":2,"featured_media":353733,"comment_status":"open","ping_status":"open","sticky":false,"template":"","format":"gallery","meta":{"footnotes":""},"categories":[179],"tags":[],"jetpack_featured_media_url":"https:\/\/zakrasnejsivimperk.cz\/wp-content\/uploads\/2025\/08\/13\/nove-dna.jpg","_links":{"self":[{"href":"https:\/\/zakrasnejsivimperk.cz\/index.php?rest_route=\/wp\/v2\/posts\/353732"}],"collection":[{"href":"https:\/\/zakrasnejsivimperk.cz\/index.php?rest_route=\/wp\/v2\/posts"}],"about":[{"href":"https:\/\/zakrasnejsivimperk.cz\/index.php?rest_route=\/wp\/v2\/types\/post"}],"author":[{"embeddable":true,"href":"https:\/\/zakrasnejsivimperk.cz\/index.php?rest_route=\/wp\/v2\/users\/2"}],"replies":[{"embeddable":true,"href":"https:\/\/zakrasnejsivimperk.cz\/index.php?rest_route=%2Fwp%2Fv2%2Fcomments&post=353732"}],"version-history":[{"count":1,"href":"https:\/\/zakrasnejsivimperk.cz\/index.php?rest_route=\/wp\/v2\/posts\/353732\/revisions"}],"predecessor-version":[{"id":353734,"href":"https:\/\/zakrasnejsivimperk.cz\/index.php?rest_route=\/wp\/v2\/posts\/353732\/revisions\/353734"}],"wp:featuredmedia":[{"embeddable":true,"href":"https:\/\/zakrasnejsivimperk.cz\/index.php?rest_route=\/wp\/v2\/media\/353733"}],"wp:attachment":[{"href":"https:\/\/zakrasnejsivimperk.cz\/index.php?rest_route=%2Fwp%2Fv2%2Fmedia&parent=353732"}],"wp:term":[{"taxonomy":"category","embeddable":true,"href":"https:\/\/zakrasnejsivimperk.cz\/index.php?rest_route=%2Fwp%2Fv2%2Fcategories&post=353732"},{"taxonomy":"post_tag","embeddable":true,"href":"https:\/\/zakrasnejsivimperk.cz\/index.php?rest_route=%2Fwp%2Fv2%2Ftags&post=353732"}],"curies":[{"name":"wp","href":"https:\/\/api.w.org\/{rel}","templated":true}]}}