{"id":353685,"date":"2025-08-13T13:26:09","date_gmt":"2025-08-13T12:26:09","guid":{"rendered":"https:\/\/zakrasnejsivimperk.cz\/?p=353685"},"modified":"2025-08-13T18:16:47","modified_gmt":"2025-08-13T17:16:47","slug":"sumava-mladi-dobrovolnici-z-ceska-nemecka-a-dalsich-zemi-se-opet-zapoji-do-revitalizace-raselinist-a-mokradu-v-narodnim-parku","status":"publish","type":"post","link":"https:\/\/zakrasnejsivimperk.cz\/?p=353685","title":{"rendered":"\u0160UMAVA: Mlad\u00ed dobrovoln\u00edci z \u010ceska, N\u011bmecka a dal\u0161\u00edch zem\u00ed se op\u011bt zapoj\u00ed do revitalizace ra\u0161elini\u0161\u0165 a mok\u0159ad\u016f v n\u00e1rodn\u00edm parku"},"content":{"rendered":"<p><img loading=\"lazy\" decoding=\"async\" class=\"aligncenter wp-image-353687 size-full\" src=\"https:\/\/zakrasnejsivimperk.cz\/wp-content\/uploads\/2025\/08\/13\/Mladi-dobrovolnici-na-sumave-2.jpg\" alt=\"\" width=\"807\" height=\"605\" srcset=\"https:\/\/zakrasnejsivimperk.cz\/wp-content\/uploads\/2025\/08\/13\/Mladi-dobrovolnici-na-sumave-2.jpg 807w, https:\/\/zakrasnejsivimperk.cz\/wp-content\/uploads\/2025\/08\/13\/Mladi-dobrovolnici-na-sumave-2-300x225.jpg 300w, https:\/\/zakrasnejsivimperk.cz\/wp-content\/uploads\/2025\/08\/13\/Mladi-dobrovolnici-na-sumave-2-768x576.jpg 768w, https:\/\/zakrasnejsivimperk.cz\/wp-content\/uploads\/2025\/08\/13\/Mladi-dobrovolnici-na-sumave-2-476x357.jpg 476w, https:\/\/zakrasnejsivimperk.cz\/wp-content\/uploads\/2025\/08\/13\/Mladi-dobrovolnici-na-sumave-2-644x483.jpg 644w\" sizes=\"(max-width: 807px) 100vw, 807px\" \/><\/p>\n<p>&nbsp;<\/p>\n<h6>V t\u00fddnu od 16. do 23. srpna se v\u00edce ne\u017e 50 dobrovoln\u00edk\u016f z\u00fa\u010dastn\u00ed ji\u017e 3. mezin\u00e1rodn\u00edho kempu zam\u011b\u0159en\u00e9ho na obnovu mok\u0159ad\u016f v N\u00e1rodn\u00edm parku \u0160umava. \u00da\u010dastn\u00edci p\u0159ij\u00ed\u017ed\u011bj\u00ed z p\u011bti zem\u00ed \u2013 nejv\u00edce jich je z \u010cesk\u00e9 republiky a N\u011bmecka, ale tak\u00e9 z USA, Francie a Bulharska. Jde p\u0159edev\u0161\u00edm o studenty vysok\u00fdch a st\u0159edn\u00edch \u0161kol.<\/h6>\n<p><img loading=\"lazy\" decoding=\"async\" class=\"alignright wp-image-320388 size-full\" src=\"https:\/\/zakrasnejsivimperk.cz\/wp-content\/uploads\/2024\/09\/04\/na-mysli-mokrady-5.jpg\" alt=\"\" width=\"605\" height=\"807\" srcset=\"https:\/\/zakrasnejsivimperk.cz\/wp-content\/uploads\/2024\/09\/04\/na-mysli-mokrady-5.jpg 605w, https:\/\/zakrasnejsivimperk.cz\/wp-content\/uploads\/2024\/09\/04\/na-mysli-mokrady-5-225x300.jpg 225w, https:\/\/zakrasnejsivimperk.cz\/wp-content\/uploads\/2024\/09\/04\/na-mysli-mokrady-5-268x357.jpg 268w, https:\/\/zakrasnejsivimperk.cz\/wp-content\/uploads\/2024\/09\/04\/na-mysli-mokrady-5-362x483.jpg 362w\" sizes=\"(max-width: 605px) 100vw, 605px\" \/><img loading=\"lazy\" decoding=\"async\" class=\"alignleft wp-image-317406 size-thumbnail\" src=\"https:\/\/zakrasnejsivimperk.cz\/wp-content\/uploads\/2024\/08\/12\/na-mysli-logo-150x150.png\" alt=\"\" width=\"150\" height=\"150\" srcset=\"https:\/\/zakrasnejsivimperk.cz\/wp-content\/uploads\/2024\/08\/12\/na-mysli-logo-150x150.png 150w, https:\/\/zakrasnejsivimperk.cz\/wp-content\/uploads\/2024\/08\/12\/na-mysli-logo-300x300.png 300w, https:\/\/zakrasnejsivimperk.cz\/wp-content\/uploads\/2024\/08\/12\/na-mysli-logo-768x768.png 768w, https:\/\/zakrasnejsivimperk.cz\/wp-content\/uploads\/2024\/08\/12\/na-mysli-logo-357x357.png 357w, https:\/\/zakrasnejsivimperk.cz\/wp-content\/uploads\/2024\/08\/12\/na-mysli-logo-483x483.png 483w, https:\/\/zakrasnejsivimperk.cz\/wp-content\/uploads\/2024\/08\/12\/na-mysli-logo-210x210.png 210w, https:\/\/zakrasnejsivimperk.cz\/wp-content\/uploads\/2024\/08\/12\/na-mysli-logo.png 1022w\" sizes=\"(max-width: 150px) 100vw, 150px\" \/>Akci finan\u010dn\u011b podporuje \u010cesko-n\u011bmeck\u00fd fond budoucnosti, \u010cesk\u00e1 rozvojov\u00e1 agentura a firma Patagonia. V r\u00e1mci programu prob\u011bhnou aktivity pod hlavi\u010dkou Evropsk\u00e9ho klimatick\u00e9ho paktu a projektu GEAR UP!. Akci spole\u010dn\u011b se Spr\u00e1vou N\u00e1rodn\u00edho parku \u0160umava a Nationalpark Bayerischer Wald po\u0159\u00e1d\u00e1 organizace Na mysli, kter\u00e1 podobn\u00e9 akce \u00fasp\u011b\u0161n\u011b realizovala ji\u017e v p\u0159edchoz\u00edch letech.<\/p>\n<h6>Praktick\u00e1 ochrana p\u0159\u00edrody vlastn\u00edma rukama<\/h6>\n<p>Dobrovoln\u00edci budou pom\u00e1hat s drobn\u00fdmi \u00fapravami pr\u016fmyslov\u011b t\u011b\u017een\u00e9ho ra\u0161elini\u0161t\u011b Vl\u010d\u00ed J\u00e1my, jeho\u017e revitalizace prob\u011bhla v letech 2021\/22 d\u00edky projektu LIFE for MIRES. Organizace Na mysli tak navazuje na dlouhodobou spolupr\u00e1ci se Spr\u00e1vou N\u00e1rodn\u00edho parku \u0160umava. Pracovat se bude rovn\u011b\u017e na \u0159\u00ed\u010dce \u010cast\u00e1 pod Str\u00e1\u017en\u00fdm, kter\u00e1 byla navr\u00e1cena do p\u0159\u00edrodn\u00edho meandruj\u00edc\u00edho koryta pot\u00e9, co des\u00edtky let prot\u00e9kala um\u011ble nap\u0159\u00edmen\u00fdm a zahlouben\u00fdm korytem. \u00da\u010dastn\u00edci se tak zapoj\u00ed do programu, kter\u00fd m\u00e1 za c\u00edl navr\u00e1tit \u0161umavsk\u00e9 mok\u0159ady do stavu, jen\u017e p\u0159isp\u00edv\u00e1 k adaptaci horsk\u00e9 krajiny na klimatickou zm\u011bnu, k obnoven\u00ed biodiverzity a zm\u00edrn\u011bn\u00ed rizika vzniku bleskov\u00fdch povod\u0148ov\u00fdch vln.<\/p>\n<h6>Bohat\u00fd vzd\u011bl\u00e1vac\u00ed program<\/h6>\n<p>Doprovodn\u00fd program nab\u00eddne \u00fa\u010dastn\u00edk\u016fm kempu unik\u00e1tn\u00ed exkurze do cenn\u00fdch lokalit NP \u0160umava i NP Bavorsk\u00fd les, ornitologick\u00e9 workshopy s Alexandrem Marinovem nebo odborn\u00fd mykologick\u00fd blok s Mark\u00e9tou Vl\u010dkovou a Vav\u0159incem Klenerem z \u010cesk\u00e9 mykologick\u00e9 spole\u010dnosti.<\/p>\n<p>Sou\u010d\u00e1st\u00ed programu bude tak\u00e9 \u0159ada doprovodn\u00fdch p\u0159edn\u00e1\u0161ek v anglick\u00e9m jazyce. Pol\u00e1rn\u00ed biolo\u017eka Marie \u0160aback\u00e1, kter\u00e1 je z\u00e1rove\u0148 ambasadorkou Evropsk\u00e9ho klimatick\u00e9ho paktu, bude prezentovat t\u00e9ma Ledovce v kontextu klimatick\u00e9 zm\u011bny, Jitka Zen\u00e1hl\u00edkov\u00e1 z NP \u0160umava bude p\u0159edn\u00e1\u0161et o v\u00fdznamu mrtv\u00e9ho d\u0159eva a horsk\u00fdch smr\u010din, Eva Zelenkov\u00e1 z NP \u0160umava p\u0159edstav\u00ed problematiku perlorodky \u0159\u00ed\u010dn\u00ed, Elissa Belloti z NP \u0160umava zav\u00edt\u00e1 s p\u0159edn\u00e1\u0161kou o rysech a program zavr\u0161\u00ed koordin\u00e1tor Hnut\u00ed DUHA Frati\u0161ek Moupic p\u0159edn\u00e1\u0161kou o n\u00e1vratu vlk\u016f do \u010desk\u00e9 krajiny.<\/p>\n<h6>Inspirace k aktivn\u00edmu p\u0159\u00edstupu ke klimatu<\/h6>\n<p><em>\u201eTento mezin\u00e1rodn\u00ed kemp m\u00e1 za c\u00edl uk\u00e1zat lidem, \u017ee opravdu ka\u017ed\u00fd m\u016f\u017ee p\u0159isp\u011bt k \u0159e\u0161en\u00ed st\u00e1le citeln\u011bj\u0161\u00edch d\u016fsledk\u016f klimatick\u00e9 zm\u011bny \u2013 nap\u0159\u00edklad pr\u00e1v\u011b prost\u0159ednictv\u00edm obnovy krajiny tak, aby byla schopn\u00e1 zadr\u017eovat vodu a aby se v n\u00ed co nejv\u00edce da\u0159ilo pestr\u00fdm p\u016fvodn\u00edm druh\u016fm. \u00da\u010dastn\u00edk\u016fm uk\u00e1\u017eeme konkr\u00e9tn\u00ed m\u00edsta, kde p\u0159\u00edroda dost\u00e1v\u00e1 \u0161anci zotavit se t\u0159eba po plo\u0161n\u00e9m odvodn\u011bn\u00ed. Letos jsme se rozhodli vz\u00edt \u00fa\u010dastn\u00edky na exkurzi nejen do NP \u0160umava ale i do N\u00e1rodn\u00edho parku Bavorsk\u00fd les, aby mohli sami porovnat p\u0159\u00edstup k revitalizac\u00edm a jejich dopad,\u201c<\/em> vysv\u011btluje St\u00e1\u0148a Tomkov\u00e1 z organizace Na mysli.<\/p>\n<p><em>\u201eNejv\u011bt\u0161\u00ed p\u0159idanou hodnotou pro \u00fa\u010dastn\u00edky b\u00fdv\u00e1 pr\u00e1v\u011b to, \u017ee mohou k obnov\u011b p\u0159isp\u011bt i svou vlastn\u00ed prac\u00ed a z\u00e1rove\u0148 vid\u011bt na vlastn\u00ed o\u010di re\u00e1ln\u00fd pozitivn\u00ed p\u0159\u00ednos dobrovolnick\u00fdch prac\u00ed z p\u0159edchoz\u00edch let,\u201c<\/em> dod\u00e1v\u00e1.<\/p>\n<p>Dobrovolnick\u00fd kemp je jednou z aktivit organizace Na mysli, kter\u00e1 se zam\u011b\u0159uje na vzd\u011bl\u00e1v\u00e1n\u00ed a osv\u011btu o klimatick\u00e9 zm\u011bn\u011b. Na mysli je z\u00e1rove\u0148 \u010desk\u00fdm koordin\u00e1torem aktivit Evropsk\u00e9ho klimatick\u00e9ho paktu, kter\u00fd krom\u011b jin\u00e9ho sdru\u017euje tak\u00e9 ambasadory pom\u00e1haj\u00edc\u00ed s klimatickou osv\u011btou. T\u0159i z nich se zapoj\u00ed i do dobrovolnick\u00e9ho kempu v NP \u0160umava.<\/p>\n<p><strong>Text a foto: (tz)<\/strong><\/p>\n<p><img loading=\"lazy\" decoding=\"async\" class=\"aligncenter wp-image-320387 size-full\" src=\"https:\/\/zakrasnejsivimperk.cz\/wp-content\/uploads\/2024\/09\/04\/na-mysli-mokrady-4.jpg\" alt=\"\" width=\"807\" height=\"605\" srcset=\"https:\/\/zakrasnejsivimperk.cz\/wp-content\/uploads\/2024\/09\/04\/na-mysli-mokrady-4.jpg 807w, https:\/\/zakrasnejsivimperk.cz\/wp-content\/uploads\/2024\/09\/04\/na-mysli-mokrady-4-300x225.jpg 300w, https:\/\/zakrasnejsivimperk.cz\/wp-content\/uploads\/2024\/09\/04\/na-mysli-mokrady-4-768x576.jpg 768w, https:\/\/zakrasnejsivimperk.cz\/wp-content\/uploads\/2024\/09\/04\/na-mysli-mokrady-4-476x357.jpg 476w, https:\/\/zakrasnejsivimperk.cz\/wp-content\/uploads\/2024\/09\/04\/na-mysli-mokrady-4-644x483.jpg 644w\" sizes=\"(max-width: 807px) 100vw, 807px\" \/><\/p>\n<hr \/>\n<p>&nbsp;<\/p>\n","protected":false},"excerpt":{"rendered":"<p>&nbsp; V <\/p>\n","protected":false},"author":2,"featured_media":353692,"comment_status":"open","ping_status":"open","sticky":false,"template":"","format":"gallery","meta":{"footnotes":""},"categories":[71],"tags":[],"jetpack_featured_media_url":"https:\/\/zakrasnejsivimperk.cz\/wp-content\/uploads\/2025\/08\/13\/ram-dobrovolnici.jpg","_links":{"self":[{"href":"https:\/\/zakrasnejsivimperk.cz\/index.php?rest_route=\/wp\/v2\/posts\/353685"}],"collection":[{"href":"https:\/\/zakrasnejsivimperk.cz\/index.php?rest_route=\/wp\/v2\/posts"}],"about":[{"href":"https:\/\/zakrasnejsivimperk.cz\/index.php?rest_route=\/wp\/v2\/types\/post"}],"author":[{"embeddable":true,"href":"https:\/\/zakrasnejsivimperk.cz\/index.php?rest_route=\/wp\/v2\/users\/2"}],"replies":[{"embeddable":true,"href":"https:\/\/zakrasnejsivimperk.cz\/index.php?rest_route=%2Fwp%2Fv2%2Fcomments&post=353685"}],"version-history":[{"count":3,"href":"https:\/\/zakrasnejsivimperk.cz\/index.php?rest_route=\/wp\/v2\/posts\/353685\/revisions"}],"predecessor-version":[{"id":353691,"href":"https:\/\/zakrasnejsivimperk.cz\/index.php?rest_route=\/wp\/v2\/posts\/353685\/revisions\/353691"}],"wp:featuredmedia":[{"embeddable":true,"href":"https:\/\/zakrasnejsivimperk.cz\/index.php?rest_route=\/wp\/v2\/media\/353692"}],"wp:attachment":[{"href":"https:\/\/zakrasnejsivimperk.cz\/index.php?rest_route=%2Fwp%2Fv2%2Fmedia&parent=353685"}],"wp:term":[{"taxonomy":"category","embeddable":true,"href":"https:\/\/zakrasnejsivimperk.cz\/index.php?rest_route=%2Fwp%2Fv2%2Fcategories&post=353685"},{"taxonomy":"post_tag","embeddable":true,"href":"https:\/\/zakrasnejsivimperk.cz\/index.php?rest_route=%2Fwp%2Fv2%2Ftags&post=353685"}],"curies":[{"name":"wp","href":"https:\/\/api.w.org\/{rel}","templated":true}]}}