{"id":353454,"date":"2025-08-10T16:33:05","date_gmt":"2025-08-10T15:33:05","guid":{"rendered":"https:\/\/zakrasnejsivimperk.cz\/?p=353454"},"modified":"2025-08-10T16:33:54","modified_gmt":"2025-08-10T15:33:54","slug":"historicka-pohlednice-susice-hotel-fialka-nedatovano","status":"publish","type":"post","link":"https:\/\/zakrasnejsivimperk.cz\/?p=353454","title":{"rendered":"HISTORICK\u00c1 POHLEDNICE: Su\u0161ice &#8211; hotel Fialka (nedatov\u00e1no)"},"content":{"rendered":"<figure id=\"attachment_353455\" aria-describedby=\"caption-attachment-353455\" style=\"width: 1430px\" class=\"wp-caption aligncenter\"><img loading=\"lazy\" decoding=\"async\" class=\"wp-image-353455 size-full\" src=\"https:\/\/zakrasnejsivimperk.cz\/wp-content\/uploads\/2025\/08\/10\/pohled-susice-fialka.jpg\" alt=\"\" width=\"1430\" height=\"991\" srcset=\"https:\/\/zakrasnejsivimperk.cz\/wp-content\/uploads\/2025\/08\/10\/pohled-susice-fialka.jpg 1430w, https:\/\/zakrasnejsivimperk.cz\/wp-content\/uploads\/2025\/08\/10\/pohled-susice-fialka-300x208.jpg 300w, https:\/\/zakrasnejsivimperk.cz\/wp-content\/uploads\/2025\/08\/10\/pohled-susice-fialka-1024x710.jpg 1024w, https:\/\/zakrasnejsivimperk.cz\/wp-content\/uploads\/2025\/08\/10\/pohled-susice-fialka-768x532.jpg 768w, https:\/\/zakrasnejsivimperk.cz\/wp-content\/uploads\/2025\/08\/10\/pohled-susice-fialka-515x357.jpg 515w, https:\/\/zakrasnejsivimperk.cz\/wp-content\/uploads\/2025\/08\/10\/pohled-susice-fialka-697x483.jpg 697w\" sizes=\"(max-width: 1430px) 100vw, 1430px\" \/><figcaption id=\"caption-attachment-353455\" class=\"wp-caption-text\">Zdroj: Facebook<\/figcaption><\/figure>\n<hr \/>\n<p>&nbsp;<\/p>\n","protected":false},"excerpt":{"rendered":"<p>&nbsp;<\/p>\n","protected":false},"author":2,"featured_media":353456,"comment_status":"open","ping_status":"open","sticky":false,"template":"","format":"gallery","meta":{"footnotes":""},"categories":[74,92],"tags":[],"jetpack_featured_media_url":"https:\/\/zakrasnejsivimperk.cz\/wp-content\/uploads\/2025\/08\/10\/ram-fialka.jpg","_links":{"self":[{"href":"https:\/\/zakrasnejsivimperk.cz\/index.php?rest_route=\/wp\/v2\/posts\/353454"}],"collection":[{"href":"https:\/\/zakrasnejsivimperk.cz\/index.php?rest_route=\/wp\/v2\/posts"}],"about":[{"href":"https:\/\/zakrasnejsivimperk.cz\/index.php?rest_route=\/wp\/v2\/types\/post"}],"author":[{"embeddable":true,"href":"https:\/\/zakrasnejsivimperk.cz\/index.php?rest_route=\/wp\/v2\/users\/2"}],"replies":[{"embeddable":true,"href":"https:\/\/zakrasnejsivimperk.cz\/index.php?rest_route=%2Fwp%2Fv2%2Fcomments&post=353454"}],"version-history":[{"count":1,"href":"https:\/\/zakrasnejsivimperk.cz\/index.php?rest_route=\/wp\/v2\/posts\/353454\/revisions"}],"predecessor-version":[{"id":353457,"href":"https:\/\/zakrasnejsivimperk.cz\/index.php?rest_route=\/wp\/v2\/posts\/353454\/revisions\/353457"}],"wp:featuredmedia":[{"embeddable":true,"href":"https:\/\/zakrasnejsivimperk.cz\/index.php?rest_route=\/wp\/v2\/media\/353456"}],"wp:attachment":[{"href":"https:\/\/zakrasnejsivimperk.cz\/index.php?rest_route=%2Fwp%2Fv2%2Fmedia&parent=353454"}],"wp:term":[{"taxonomy":"category","embeddable":true,"href":"https:\/\/zakrasnejsivimperk.cz\/index.php?rest_route=%2Fwp%2Fv2%2Fcategories&post=353454"},{"taxonomy":"post_tag","embeddable":true,"href":"https:\/\/zakrasnejsivimperk.cz\/index.php?rest_route=%2Fwp%2Fv2%2Ftags&post=353454"}],"curies":[{"name":"wp","href":"https:\/\/api.w.org\/{rel}","templated":true}]}}