{"id":353303,"date":"2025-08-07T19:21:48","date_gmt":"2025-08-07T18:21:48","guid":{"rendered":"https:\/\/zakrasnejsivimperk.cz\/?p=353303"},"modified":"2025-08-07T19:21:48","modified_gmt":"2025-08-07T18:21:48","slug":"nase-mesto-vimperk-pozvani-na-velke-oslavy-vimperskeho-fotbalu","status":"publish","type":"post","link":"https:\/\/zakrasnejsivimperk.cz\/?p=353303","title":{"rendered":"NA\u0160E M\u011aSTO VIMPERK: Pozv\u00e1n\u00ed na velk\u00e9 oslavy vimpersk\u00e9ho fotbalu"},"content":{"rendered":"<p><img loading=\"lazy\" decoding=\"async\" class=\"aligncenter wp-image-353304\" src=\"https:\/\/zakrasnejsivimperk.cz\/wp-content\/uploads\/2025\/08\/07\/100-let-fotbalu-vpk-1.jpg\" alt=\"\" width=\"795\" height=\"1126\" srcset=\"https:\/\/zakrasnejsivimperk.cz\/wp-content\/uploads\/2025\/08\/07\/100-let-fotbalu-vpk-1.jpg 643w, https:\/\/zakrasnejsivimperk.cz\/wp-content\/uploads\/2025\/08\/07\/100-let-fotbalu-vpk-1-212x300.jpg 212w, https:\/\/zakrasnejsivimperk.cz\/wp-content\/uploads\/2025\/08\/07\/100-let-fotbalu-vpk-1-252x357.jpg 252w, https:\/\/zakrasnejsivimperk.cz\/wp-content\/uploads\/2025\/08\/07\/100-let-fotbalu-vpk-1-341x483.jpg 341w\" sizes=\"(max-width: 795px) 100vw, 795px\" \/><\/p>\n<p>&nbsp;<\/p>\n<p><img loading=\"lazy\" decoding=\"async\" class=\"aligncenter wp-image-353305 size-full\" src=\"https:\/\/zakrasnejsivimperk.cz\/wp-content\/uploads\/2025\/08\/07\/100-let-fotbalu-vpk-2.jpg\" alt=\"\" width=\"795\" height=\"911\" srcset=\"https:\/\/zakrasnejsivimperk.cz\/wp-content\/uploads\/2025\/08\/07\/100-let-fotbalu-vpk-2.jpg 795w, https:\/\/zakrasnejsivimperk.cz\/wp-content\/uploads\/2025\/08\/07\/100-let-fotbalu-vpk-2-262x300.jpg 262w, https:\/\/zakrasnejsivimperk.cz\/wp-content\/uploads\/2025\/08\/07\/100-let-fotbalu-vpk-2-768x880.jpg 768w, https:\/\/zakrasnejsivimperk.cz\/wp-content\/uploads\/2025\/08\/07\/100-let-fotbalu-vpk-2-312x357.jpg 312w, https:\/\/zakrasnejsivimperk.cz\/wp-content\/uploads\/2025\/08\/07\/100-let-fotbalu-vpk-2-421x483.jpg 421w\" sizes=\"(max-width: 795px) 100vw, 795px\" \/><\/p>\n<hr \/>\n<p>&nbsp;<\/p>\n<h6>N\u011bco z ned\u00e1vn\u00e9 historie vimpersk\u00e9ho fotbalu na str\u00e1nk\u00e1ch na\u0161eho magaz\u00ednu:<\/h6>\n<h4 class=\"entry-title\"><a href=\"https:\/\/zakrasnejsivimperk.cz\/?p=310958\" target=\"_blank\" rel=\"noopener\">NA\u0160E M\u011aSTO VIMPERK \u2013 Z HISTORIE: Vimpersk\u00e1 devades\u00e1t\u00e1 \u2013 Fotbalist\u00e9 \u0160umavanu (5)<\/a><\/h4>\n<h4><a href=\"https:\/\/zakrasnejsivimperk.cz\/?p=310862\" target=\"_blank\" rel=\"noopener\">NA\u0160E M\u011aSTO VIMPERK \u2013 Z HISTORIE: Vimpersk\u00e1 devades\u00e1t\u00e1 \u2013 Fotbalist\u00e9 \u0160umavanu (4)<\/a><\/h4>\n<h4><a href=\"https:\/\/zakrasnejsivimperk.cz\/?p=310828\" target=\"_blank\" rel=\"noopener\">NA\u0160E M\u011aSTO VIMPERK \u2013 Z HISTORIE: Vimpersk\u00e1 devades\u00e1t\u00e1 \u2013 Fotbalist\u00e9 \u0160umavanu (3)<\/a><\/h4>\n<h4><a href=\"https:\/\/zakrasnejsivimperk.cz\/?p=307804\" target=\"_blank\" rel=\"noopener\">NA\u0160E M\u011aSTO VIMPERK \u2013 Z HISTORIE: Vimpersk\u00e1 devades\u00e1t\u00e1 \u2013 Fotbalist\u00e9 \u0160umavanu (2)<\/a><\/h4>\n<h4><a href=\"https:\/\/zakrasnejsivimperk.cz\/?p=300413\" target=\"_blank\" rel=\"noopener\">NA\u0160E M\u011aSTO VIMPERK \u2013 Z HISTORIE: Vimpersk\u00e1 devades\u00e1t\u00e1 \u2013 Fotbalist\u00e9 \u0160umavanu (1)<\/a><\/h4>\n<h4><a href=\"https:\/\/zakrasnejsivimperk.cz\/?p=287673\" target=\"_blank\" rel=\"noopener\">NA\u0160E M\u011aSTO VIMPERK -Z HISTORIE : P\u0159\u00edznivci, funkcion\u00e1\u0159i a hr\u00e1\u010di odd\u00edlu kopan\u00e9 TJ \u0160umavan \u2013 prvn\u00ed polovina osmdes\u00e1t\u00fdch let<\/a><\/h4>\n<h4><a href=\"https:\/\/zakrasnejsivimperk.cz\/?p=271292\" target=\"_blank\" rel=\"noopener\">NA\u0160E M\u011aSTO VIMPERK: Fotografie ze star\u00e9ho alba \u2013 Vimpersk\u00e1 devades\u00e1t\u00e1 \u2013 T\u011blocvi\u010dna Z\u00e1kladn\u00ed \u0161koly Smetanova Vimperk \u2013 radost v\u00edt\u011bz\u016f halov\u00e9ho fotbalov\u00e9ho turnaje<\/a><\/h4>\n<h4><a href=\"https:\/\/zakrasnejsivimperk.cz\/?p=270134\" target=\"_blank\" rel=\"noopener\">NA\u0160E M\u011aSTO VIMPERK: Fotografie ze star\u00e9ho alba \u2013 Vimpersk\u00e1 devades\u00e1t\u00e1 \u2013 V\u00edt\u011bzov\u00e9 \u017e\u00e1kovsk\u00e9ho fotbalov\u00e9ho turnaje v t\u011blocvi\u010dn\u011b Z\u0160 Smetanova<\/a><\/h4>\n<h4><a href=\"https:\/\/zakrasnejsivimperk.cz\/?p=270109\" target=\"_blank\" rel=\"noopener\">NA\u0160E M\u011aSTO VIMPERK: Fotografie ze star\u00e9ho alba \u2013 Vimpersk\u00e1 devades\u00e1t\u00e1 \u2013 Fotbalist\u00e9 vimpersk\u00e9ho \u0160umavanu s tren\u00e9rem Mare\u0161em p\u0159i silvestrovsk\u00e9m tr\u00e9ninku<\/a><\/h4>\n<h4><a href=\"https:\/\/zakrasnejsivimperk.cz\/?p=267399\" target=\"_blank\" rel=\"noopener\">NA\u0160E M\u011aSTO VIMPERK: Fotografie ze star\u00e9ho alba \u2013 Vimpersk\u00e1 devades\u00e1t\u00e1 \u2013 \u00da\u010dastn\u00edci turnaje v s\u00e1lov\u00e9 kopan\u00e9, kter\u00fd se hr\u00e1l v t\u011blocvi\u010dn\u011b Z\u00e1kladn\u00ed \u0161koly Smetanova<\/a><\/h4>\n<hr \/>\n<p>&nbsp;<\/p>\n","protected":false},"excerpt":{"rendered":"<p>&nbsp; &nbsp; <\/p>\n","protected":false},"author":2,"featured_media":353306,"comment_status":"open","ping_status":"open","sticky":false,"template":"","format":"gallery","meta":{"footnotes":""},"categories":[70],"tags":[],"jetpack_featured_media_url":"https:\/\/zakrasnejsivimperk.cz\/wp-content\/uploads\/2025\/08\/07\/ram-100.jpg","_links":{"self":[{"href":"https:\/\/zakrasnejsivimperk.cz\/index.php?rest_route=\/wp\/v2\/posts\/353303"}],"collection":[{"href":"https:\/\/zakrasnejsivimperk.cz\/index.php?rest_route=\/wp\/v2\/posts"}],"about":[{"href":"https:\/\/zakrasnejsivimperk.cz\/index.php?rest_route=\/wp\/v2\/types\/post"}],"author":[{"embeddable":true,"href":"https:\/\/zakrasnejsivimperk.cz\/index.php?rest_route=\/wp\/v2\/users\/2"}],"replies":[{"embeddable":true,"href":"https:\/\/zakrasnejsivimperk.cz\/index.php?rest_route=%2Fwp%2Fv2%2Fcomments&post=353303"}],"version-history":[{"count":1,"href":"https:\/\/zakrasnejsivimperk.cz\/index.php?rest_route=\/wp\/v2\/posts\/353303\/revisions"}],"predecessor-version":[{"id":353307,"href":"https:\/\/zakrasnejsivimperk.cz\/index.php?rest_route=\/wp\/v2\/posts\/353303\/revisions\/353307"}],"wp:featuredmedia":[{"embeddable":true,"href":"https:\/\/zakrasnejsivimperk.cz\/index.php?rest_route=\/wp\/v2\/media\/353306"}],"wp:attachment":[{"href":"https:\/\/zakrasnejsivimperk.cz\/index.php?rest_route=%2Fwp%2Fv2%2Fmedia&parent=353303"}],"wp:term":[{"taxonomy":"category","embeddable":true,"href":"https:\/\/zakrasnejsivimperk.cz\/index.php?rest_route=%2Fwp%2Fv2%2Fcategories&post=353303"},{"taxonomy":"post_tag","embeddable":true,"href":"https:\/\/zakrasnejsivimperk.cz\/index.php?rest_route=%2Fwp%2Fv2%2Ftags&post=353303"}],"curies":[{"name":"wp","href":"https:\/\/api.w.org\/{rel}","templated":true}]}}