{"id":353275,"date":"2025-08-07T16:32:42","date_gmt":"2025-08-07T15:32:42","guid":{"rendered":"https:\/\/zakrasnejsivimperk.cz\/?p=353275"},"modified":"2025-08-07T16:32:42","modified_gmt":"2025-08-07T15:32:42","slug":"historicka-pohlednice-kubova-hut-nedatovano","status":"publish","type":"post","link":"https:\/\/zakrasnejsivimperk.cz\/?p=353275","title":{"rendered":"HISTORICK\u00c1 POHLEDNICE: Kubova Hu\u0165 (nedatov\u00e1no)"},"content":{"rendered":"<figure id=\"attachment_353276\" aria-describedby=\"caption-attachment-353276\" style=\"width: 1756px\" class=\"wp-caption aligncenter\"><img loading=\"lazy\" decoding=\"async\" class=\"wp-image-353276 size-full\" src=\"https:\/\/zakrasnejsivimperk.cz\/wp-content\/uploads\/2025\/08\/07\/kubova-hut-pohled.jpg\" alt=\"\" width=\"1756\" height=\"1199\" srcset=\"https:\/\/zakrasnejsivimperk.cz\/wp-content\/uploads\/2025\/08\/07\/kubova-hut-pohled.jpg 1756w, https:\/\/zakrasnejsivimperk.cz\/wp-content\/uploads\/2025\/08\/07\/kubova-hut-pohled-300x205.jpg 300w, https:\/\/zakrasnejsivimperk.cz\/wp-content\/uploads\/2025\/08\/07\/kubova-hut-pohled-1024x699.jpg 1024w, https:\/\/zakrasnejsivimperk.cz\/wp-content\/uploads\/2025\/08\/07\/kubova-hut-pohled-768x524.jpg 768w, https:\/\/zakrasnejsivimperk.cz\/wp-content\/uploads\/2025\/08\/07\/kubova-hut-pohled-1536x1049.jpg 1536w, https:\/\/zakrasnejsivimperk.cz\/wp-content\/uploads\/2025\/08\/07\/kubova-hut-pohled-523x357.jpg 523w, https:\/\/zakrasnejsivimperk.cz\/wp-content\/uploads\/2025\/08\/07\/kubova-hut-pohled-707x483.jpg 707w\" sizes=\"(max-width: 1756px) 100vw, 1756px\" \/><figcaption id=\"caption-attachment-353276\" class=\"wp-caption-text\">Zfroj: Facebook<\/figcaption><\/figure>\n<hr \/>\n<p>&nbsp;<\/p>\n<p>&nbsp;<\/p>\n","protected":false},"excerpt":{"rendered":"<p>&nbsp; &nbsp;<\/p>\n","protected":false},"author":2,"featured_media":353277,"comment_status":"open","ping_status":"open","sticky":false,"template":"","format":"gallery","meta":{"footnotes":""},"categories":[74,92],"tags":[],"jetpack_featured_media_url":"https:\/\/zakrasnejsivimperk.cz\/wp-content\/uploads\/2025\/08\/07\/ram-pohled-kubovka.jpg","_links":{"self":[{"href":"https:\/\/zakrasnejsivimperk.cz\/index.php?rest_route=\/wp\/v2\/posts\/353275"}],"collection":[{"href":"https:\/\/zakrasnejsivimperk.cz\/index.php?rest_route=\/wp\/v2\/posts"}],"about":[{"href":"https:\/\/zakrasnejsivimperk.cz\/index.php?rest_route=\/wp\/v2\/types\/post"}],"author":[{"embeddable":true,"href":"https:\/\/zakrasnejsivimperk.cz\/index.php?rest_route=\/wp\/v2\/users\/2"}],"replies":[{"embeddable":true,"href":"https:\/\/zakrasnejsivimperk.cz\/index.php?rest_route=%2Fwp%2Fv2%2Fcomments&post=353275"}],"version-history":[{"count":1,"href":"https:\/\/zakrasnejsivimperk.cz\/index.php?rest_route=\/wp\/v2\/posts\/353275\/revisions"}],"predecessor-version":[{"id":353281,"href":"https:\/\/zakrasnejsivimperk.cz\/index.php?rest_route=\/wp\/v2\/posts\/353275\/revisions\/353281"}],"wp:featuredmedia":[{"embeddable":true,"href":"https:\/\/zakrasnejsivimperk.cz\/index.php?rest_route=\/wp\/v2\/media\/353277"}],"wp:attachment":[{"href":"https:\/\/zakrasnejsivimperk.cz\/index.php?rest_route=%2Fwp%2Fv2%2Fmedia&parent=353275"}],"wp:term":[{"taxonomy":"category","embeddable":true,"href":"https:\/\/zakrasnejsivimperk.cz\/index.php?rest_route=%2Fwp%2Fv2%2Fcategories&post=353275"},{"taxonomy":"post_tag","embeddable":true,"href":"https:\/\/zakrasnejsivimperk.cz\/index.php?rest_route=%2Fwp%2Fv2%2Ftags&post=353275"}],"curies":[{"name":"wp","href":"https:\/\/api.w.org\/{rel}","templated":true}]}}