{"id":353239,"date":"2025-08-07T12:51:08","date_gmt":"2025-08-07T11:51:08","guid":{"rendered":"https:\/\/zakrasnejsivimperk.cz\/?p=353239"},"modified":"2025-08-07T12:53:27","modified_gmt":"2025-08-07T11:53:27","slug":"ceska-republika-v-milovicke-rezervaci-vznika-regionalni-osevni-smes-pomuze-s-obnovou-stredoceske-prirody","status":"publish","type":"post","link":"https:\/\/zakrasnejsivimperk.cz\/?p=353239","title":{"rendered":"\u010cESK\u00c1 REPUBLIKA: Osevn\u00ed sm\u011bs z milovick\u00e9 rezervace pom\u016f\u017ee s obnovou p\u0159\u00edrody ve St\u0159edo\u010desk\u00e9m kraji"},"content":{"rendered":"<figure id=\"attachment_353240\" aria-describedby=\"caption-attachment-353240\" style=\"width: 1379px\" class=\"wp-caption aligncenter\"><img loading=\"lazy\" decoding=\"async\" class=\"wp-image-353240 size-full\" src=\"https:\/\/zakrasnejsivimperk.cz\/wp-content\/uploads\/2025\/08\/07\/V-milovicke-rezervaci-vznika-regionalni-osevni-smes.jpg\" alt=\"\" width=\"1379\" height=\"911\" srcset=\"https:\/\/zakrasnejsivimperk.cz\/wp-content\/uploads\/2025\/08\/07\/V-milovicke-rezervaci-vznika-regionalni-osevni-smes.jpg 1379w, https:\/\/zakrasnejsivimperk.cz\/wp-content\/uploads\/2025\/08\/07\/V-milovicke-rezervaci-vznika-regionalni-osevni-smes-300x198.jpg 300w, https:\/\/zakrasnejsivimperk.cz\/wp-content\/uploads\/2025\/08\/07\/V-milovicke-rezervaci-vznika-regionalni-osevni-smes-1024x676.jpg 1024w, https:\/\/zakrasnejsivimperk.cz\/wp-content\/uploads\/2025\/08\/07\/V-milovicke-rezervaci-vznika-regionalni-osevni-smes-768x507.jpg 768w, https:\/\/zakrasnejsivimperk.cz\/wp-content\/uploads\/2025\/08\/07\/V-milovicke-rezervaci-vznika-regionalni-osevni-smes-100x65.jpg 100w, https:\/\/zakrasnejsivimperk.cz\/wp-content\/uploads\/2025\/08\/07\/V-milovicke-rezervaci-vznika-regionalni-osevni-smes-540x357.jpg 540w, https:\/\/zakrasnejsivimperk.cz\/wp-content\/uploads\/2025\/08\/07\/V-milovicke-rezervaci-vznika-regionalni-osevni-smes-731x483.jpg 731w\" sizes=\"(max-width: 1379px) 100vw, 1379px\" \/><figcaption id=\"caption-attachment-353240\" class=\"wp-caption-text\">Foto: Radka Hor\u00e1\u010dkov\u00e1<\/figcaption><\/figure>\n<p>&nbsp;<\/p>\n<h6>Speci\u00e1ln\u00ed kart\u00e1\u010de vyjely dnes dopoledne do milovick\u00e9 rezervace velk\u00fdch kopytn\u00edk\u016f. Za\u010daly sb\u00edrat prvn\u00ed semena trav a kv\u011btin. D\u00edky nim vznikne region\u00e1ln\u00ed osevn\u00ed sm\u011bs, kterou budou moci vyu\u017e\u00edvat z\u00e1jemci ve St\u0159edo\u010desk\u00e9m kraji p\u0159i obnov\u011b p\u0159\u00edrodn\u00edch stanovi\u0161\u0165.<\/h6>\n<p><em><img loading=\"lazy\" decoding=\"async\" class=\"size-medium wp-image-296245 alignright\" src=\"https:\/\/zakrasnejsivimperk.cz\/wp-content\/uploads\/2024\/01\/28\/ceska-krajina-logo-300x82.jpg\" alt=\"\" width=\"300\" height=\"82\" srcset=\"https:\/\/zakrasnejsivimperk.cz\/wp-content\/uploads\/2024\/01\/28\/ceska-krajina-logo-300x82.jpg 300w, https:\/\/zakrasnejsivimperk.cz\/wp-content\/uploads\/2024\/01\/28\/ceska-krajina-logo.jpg 423w\" sizes=\"(max-width: 300px) 100vw, 300px\" \/>\u201eMilovick\u00e1 rezervace pro\u0161la od sv\u00e9ho zalo\u017een\u00ed v roce 2015 obrovskou prom\u011bnou. P\u016fvodn\u00ed chud\u00e9 porosty n\u011bkolika druh\u016f trav d\u00edky velk\u00fdm kopytn\u00edk\u016fm postupn\u011b vyst\u0159\u00eddaly bohat\u011b kvetouc\u00ed pastviny. Proto nyn\u00ed tato lokalita m\u016f\u017ee slou\u017eit jako zdroj lok\u00e1ln\u00edch semen pro obnovu p\u0159\u00edrody v dal\u0161\u00edch m\u00edstech regionu,\u201c<\/em> uvedl Dalibor Dost\u00e1l, \u0159editel ochran\u00e1\u0159sk\u00e9 spole\u010dnosti \u010cesk\u00e1 krajina, kter\u00e1 rezervaci zalo\u017eila v roce 2015 ve spolupr\u00e1ci s v\u011bdci.<\/p>\n<p>Ve st\u0159edn\u00edch \u010cech\u00e1ch nebyla dosud lok\u00e1ln\u00ed semena k dispozici, nejbli\u017e\u0161\u00ed osevn\u00ed sm\u011bs existuje pro Prahu a pracuje se na osevn\u00ed sm\u011bsi pro Koko\u0159\u00ednsko. \u201e<em>V r\u00e1mci st\u0159edn\u00edch \u010cech je to prvn\u00ed osevn\u00ed sm\u011bs, na jej\u00edm\u017e vzniku se pod\u00edl\u00edme,\u201c<\/em> potvrdila Kamila V\u00edtovcov\u00e1 z \u010cSOP \u0160umava, kter\u00e1 se vytv\u00e1\u0159en\u00edm region\u00e1ln\u00edch sm\u011bs\u00ed zab\u00fdv\u00e1. Z\u00e1rove\u0148 se jako botani\u010dka na Jiho\u010desk\u00e9 univerzit\u011b v\u011bnuje postup\u016fm p\u0159\u00edrod\u011b bl\u00edzk\u00e9 obnovy. Pr\u00e1v\u011b jej\u00ed p\u0159edn\u00e1\u0161ka na lo\u0148sk\u00e9m semin\u00e1\u0159i na Konopi\u0161ti iniciovala zapojen\u00ed milovick\u00e9 rezervace do s\u00edt\u011b m\u00edst, kde region\u00e1ln\u00ed sm\u011bsi vznikaj\u00ed.<\/p>\n<p>Odborn\u00edci vybrali pro sb\u011br semen ide\u00e1ln\u00ed obdob\u00ed. \u201e<em>V sou\u010dasn\u00e9 dob\u011b jsou tr\u00e1vy z v\u011bt\u0161\u00ed \u010d\u00e1sti vysemen\u011bn\u00e9, tak\u017ee sm\u011bs bude bohat\u0161\u00ed na semena kvetouc\u00edch bylin,\u201c<\/em> doplnila Kamila V\u00edtovcov\u00e1. I p\u0159i samotn\u00e9m kart\u00e1\u010dov\u00e1n\u00ed semen jsou p\u0159itom pot\u0159eba odborn\u00e9 znalosti. \u201e<em>Vyh\u00fdb\u00e1me se m\u00edst\u016fm s ne\u017e\u00e1douc\u00edmi druhy, jako je t\u0159tina k\u0159ovi\u0161tn\u00ed, ale i ploch\u00e1m s v\u00fdskytem z\u00e1konem chr\u00e1n\u011bn\u00fdch druh\u016f, jako je ho\u0159ec k\u0159\u00ed\u017eat\u00fd,\u201c<\/em> zm\u00ednila Kamila V\u00edtovcov\u00e1. Sb\u011br semen ho\u0159c\u016f je pl\u00e1novan\u00fd do budoucna, na manipulaci s nimi je t\u0159eba zvl\u00e1\u0161tn\u00ed povolen\u00ed org\u00e1nu ochrany p\u0159\u00edrody.<\/p>\n<p>Na p\u0159\u00edprav\u011b region\u00e1ln\u00ed osevn\u00ed sm\u011bsi spolupracuje tak\u00e9 Agentura ochrany p\u0159\u00edrody a krajiny, konkr\u00e9tn\u011b Spr\u00e1va Chr\u00e1n\u011bn\u00e9 krajinn\u00e9 oblasti Koko\u0159\u00ednsko-M\u00e1ch\u016fv kraj, jej\u00ed\u017e pracovn\u00edci se pod\u00edleli na vytipov\u00e1n\u00ed vhodn\u00fdch m\u00edst a vystavili pot\u0159ebn\u00e1 povolen\u00ed.<\/p>\n<p>Po dokon\u010den\u00ed kart\u00e1\u010dov\u00e1n\u00ed semen bude n\u00e1sledovat jejich su\u0161en\u00ed a n\u00e1sledn\u00e9 balen\u00ed. Sm\u011bs bude slou\u017eit p\u0159edev\u0161\u00edm instituc\u00edm ochrany p\u0159\u00edrody pro obnovu degradovan\u00fdch p\u0159\u00edrodn\u011b cenn\u00fdch lokalit. P\u0159\u00edpadn\u011b dal\u0161\u00edm organizac\u00edm p\u016fsob\u00edc\u00edm v ochran\u011b p\u0159\u00edrody. Semena bude ochran\u00e1\u0159sk\u00e1 spole\u010dnost \u010cesk\u00e1 krajina pro tyto \u00fa\u010dely poskytovat zdarma.<\/p>\n<p>P\u0159i obnov\u011b p\u0159\u00edrody je d\u016fle\u017eit\u00e9 pracovat s rostlinami s m\u00edstn\u00edm genofondem. Ty jsou na podm\u00ednky v regionu nejl\u00e9pe adaptovan\u00e9. Z\u00e1rove\u0148 zachov\u00e1vaj\u00ed unik\u00e1tn\u00ed genetick\u00e9 informace. Proto je p\u0159i obnov\u011b p\u0159\u00edrody d\u016fle\u017eit\u00e9 pou\u017e\u00edvat region\u00e1ln\u00ed osivo a nevn\u00e1\u0161et do p\u0159\u00edrody osiva z jin\u00fdch region\u016f nebo dokonce nejasn\u00e9ho p\u016fvodu. K tomu v posledn\u00edch letech \u010dasto doch\u00e1z\u00ed v souvislosti s prodejem r\u016fzn\u00fdch osevn\u00edch sm\u011bs\u00ed kv\u011btnat\u00fdch luk v supermarketech, \u00a0hobbymarketech nebo v e-shopech. Lid\u00e9 tak ve snaze pomoci n\u011bkdy vys\u00e9v\u00e1n\u00edm t\u011bchto sm\u011bs\u00ed p\u0159\u00edrod\u011b sp\u00ed\u0161e \u0161kod\u00ed a zan\u00e1\u0161ej\u00ed na louky nep\u016fvodn\u00ed druhy nebo rostliny nejasn\u00e9ho p\u016fvodu.<\/p>\n<p>&nbsp;<\/p>\n<ul>\n<li><strong>Ochran\u00e1\u0159sk\u00e1 spole\u010dnost \u010cesk\u00e1 krajina<\/strong> na projektech spojen\u00fdch s ochranou p\u0159\u00edrody spolupracuje s experty z Biologick\u00e9ho centra Akademie v\u011bd \u010cesk\u00e9 republiky, Jiho\u010desk\u00e9 univerzity v \u010cesk\u00fdch Bud\u011bjovic\u00edch, Univerzity Karlovy v Praze, \u00dastavu biologie obratlovc\u016f Akademie v\u011bd \u010cesk\u00e9 republiky, Botanick\u00e9 zahrady hlavn\u00edho m\u011bsta Prahy, Zoo Liberec, \u010cesk\u00e9 zem\u011bd\u011blsk\u00e9 univerzity v Praze, Mendelovy univerzity v Brn\u011b, Masarykovy univerzity v Brn\u011b a dal\u0161\u00edch odborn\u00fdch instituc\u00ed.<\/li>\n<\/ul>\n<p>Na podporu projekt\u016f ochrany p\u0159\u00edrody m\u016f\u017ee ve\u0159ejnost p\u0159isp\u011bt prost\u0159ednictv\u00edm port\u00e1lu pomahamekrajine.cz .<\/p>\n<ul>\n<li><strong>Projekty n\u00e1vratu a ochrany velk\u00fdch kopytn\u00edk\u016f<\/strong> podporuje Akademie v\u011bd \u010cR v r\u00e1mci programu Strategie AV 21, Z\u00e1chrana a obnova krajiny, d\u00e1le spole\u010dnosti Nadace PPF, Nadace Kooperativa, Nadace Qminers, Nadace Benetheo, E.ON, JRD, CTP, Nadace O, Nada\u010dn\u00ed fond rodiny Mal\u00fdch, Accace, Nadace Tipsport, \u010cEPS, Carborundum Electrite, Amanita Design, DARR\u00c9, Linde, Semix, ProfiG2, Bird &amp; Bird, Hornbach, Printwell, Delta Light Czech, LaNiche, Payton Legal, Projan Service, B\u0159\u00edza &amp; Truba\u010d, advok\u00e1tn\u00ed kancel\u00e1\u0159, Vertue, Beire, Pro \u017eivou zahradu, JK Jitka Kudl\u00e1\u010dkov\u00e1, Nadace \u010cEZ, Megabooks CZ, Net4Gas, Pivovar Zubr, Cestovn\u00ed kancel\u00e1\u0159 Periscope Skandin\u00e1vie, Abrasiv, Hotelov\u00e1 \u0161kola Pod\u011bbrady, Opera\u010dn\u00ed program \u017divotn\u00ed prost\u0159ed\u00ed, St\u00e1tn\u00ed fond \u017eivotn\u00edho prost\u0159ed\u00ed, Agentura ochrany p\u0159\u00edrody a krajiny \u010cesk\u00e9 republiky, St\u0159edo\u010desk\u00fd kraj, Jihomoravsk\u00fd kraj, M\u011bsto Milovice, M\u011bsto Ben\u00e1tky nad Jizerou, American International school ve V\u00eddni, milovick\u00e1 Mate\u0159sk\u00e1 \u0161kola Kosti\u010dka, sdru\u017een\u00ed P\u0159\u00e1tel\u00e9 a rod\u00e1ci Milovic i ve\u0159ejnost.<\/li>\n<\/ul>\n<p>&nbsp;<\/p>\n<p><strong>\u010cESK\u00c1 KRAJINA<\/strong><\/p>\n<hr \/>\n<p>&nbsp;<\/p>\n<h4>Informovali jsme:<\/h4>\n<h6 class=\"entry-title\"><a href=\"https:\/\/zakrasnejsivimperk.cz\/?p=352639\" target=\"_blank\" rel=\"noopener\">\u010cESK\u00c1 REPUBLIKA: Samice pratura se zamotala do star\u00e9ho pad\u00e1ku. Vysvobozoval ji veterin\u00e1\u0159<\/a><\/h6>\n<h6 class=\"entry-title\"><a href=\"https:\/\/zakrasnejsivimperk.cz\/?p=351459\" target=\"_blank\" rel=\"noopener\">\u010cESK\u00c1 REPUBLIKA: Nebezpe\u010dn\u00e1 kl\u00ed\u0161\u0165ata. Velc\u00ed kopytn\u00edci jejich po\u010dty sni\u017euj\u00ed o t\u0159i \u010dtvrtiny, uk\u00e1zal v\u00fdzkum<\/a><\/h6>\n<h6 class=\"entry-title\"><a href=\"https:\/\/zakrasnejsivimperk.cz\/?p=347737\" target=\"_blank\" rel=\"noopener\">\u010cESK\u00c1 REPUBLIKA: Vych\u00e1z\u00ed v\u00fdjime\u010dn\u00e1 kniha o divo\u010din\u011b, chytne \u010dten\u00e1\u0159e za srdce<\/a><\/h6>\n<h6 class=\"entry-title\"><a href=\"https:\/\/zakrasnejsivimperk.cz\/?p=346946\" target=\"_blank\" rel=\"noopener\">\u010cESK\u00c1 REPUBLIKA: O p\u0159\u00edze\u0148 klisen divok\u00fdch kon\u00ed poprv\u00e9 bojuj\u00ed dva h\u0159ebci<\/a><\/h6>\n<h6 class=\"entry-title\"><a href=\"https:\/\/zakrasnejsivimperk.cz\/?p=345283\" target=\"_blank\" rel=\"noopener\">ZE SV\u011aTA: Ve \u0160pan\u011blsku vypustili st\u00e1do \u0161esti samic \u010desk\u00fdch zubr\u016f. Jde o p\u0159elom, oce\u0148uje odborn\u00edk<\/a><\/h6>\n<h6 class=\"entry-title\"><a href=\"https:\/\/zakrasnejsivimperk.cz\/?p=345239\" target=\"_blank\" rel=\"noopener\">\u010cESK\u00c1 REPUBLIKA: \u0160est samic zubr\u016f z milovick\u00e9 rezervace a dal\u0161\u00edch m\u00edst odjelo na sever \u0160pan\u011blska<\/a><\/h6>\n<h6 class=\"entry-title\"><a href=\"https:\/\/zakrasnejsivimperk.cz\/?p=343596\" target=\"_blank\" rel=\"noopener\">\u010cESK\u00c1 REPUBLIKA: D\u011bti namalovaly obr\u00e1zky pro politiky, soudce, z\u00e1stupce nadac\u00ed i podnikatele<\/a><\/h6>\n<h6 class=\"entry-title\"><a href=\"https:\/\/zakrasnejsivimperk.cz\/?p=341802\" target=\"_blank\" rel=\"noopener\">\u010cESK\u00c1 REPUBLIKA: Zub\u0159\u00ed samice zv\u00fd\u0161\u00ed genetickou pestrost milovick\u00e9ho st\u00e1da<\/a><\/h6>\n<h6 class=\"entry-title\"><a href=\"https:\/\/zakrasnejsivimperk.cz\/?p=340500\" target=\"_blank\" rel=\"noopener\">\u010cESK\u00c1 REPUBLIKA: Samice pratura z Milovic zalo\u017e\u00ed v B\u00edl\u00fdch Karpatech nov\u00fd chov<\/a><\/h6>\n<h6 class=\"entry-title\"><a href=\"https:\/\/zakrasnejsivimperk.cz\/?p=340064\" target=\"_blank\" rel=\"noopener\">\u010cESK\u00c1 REPUBLIKA: Zub\u0159i se v \u010cesku zvedaj\u00ed ze dna. Jejich populace se zv\u011bt\u0161ila<\/a><\/h6>\n<h6 class=\"entry-title\"><a href=\"https:\/\/zakrasnejsivimperk.cz\/?p=339402\" target=\"_blank\" rel=\"noopener\">\u010cESK\u00c1 REPUBLIKA: Pap\u00edrna vytvo\u0159ila se\u0161it z trusu divok\u00fdch kon\u00ed z rezervace<\/a><\/h6>\n<h6 class=\"entry-title\"><a href=\"https:\/\/zakrasnejsivimperk.cz\/?p=338976\" target=\"_blank\" rel=\"noopener\">\u010cESK\u00c1 REPUBLIKA: V nov\u00e9 sezon\u011b l\u00e1kaj\u00ed n\u00e1v\u0161t\u011bvn\u00edky do milovick\u00e9 rezervace turistick\u00e9 zn\u00e1mky a raz\u00edtka<\/a><\/h6>\n<h6 class=\"entry-title\"><a href=\"https:\/\/zakrasnejsivimperk.cz\/?p=338174\" target=\"_blank\" rel=\"noopener\">\u010cESK\u00c1 REPUBLIKA: K des\u00e1t\u00e9mu v\u00fdro\u010d\u00ed milovick\u00e9 rezervace vych\u00e1z\u00ed s\u00e9rie deseti nov\u00fdch pohlednic<\/a><\/h6>\n<h6 class=\"entry-title\"><a href=\"https:\/\/zakrasnejsivimperk.cz\/?p=337027\" target=\"_blank\" rel=\"noopener\">\u010cESK\u00c1 REPUBLIKA: Pratu\u0159\u00ed poh\u00e1dky. P\u0159\u00edb\u011bh milovick\u00e9 rezervace v knize pro d\u011bti<\/a><\/h6>\n<h6 class=\"entry-title\"><a href=\"https:\/\/zakrasnejsivimperk.cz\/?p=337022\" target=\"_blank\" rel=\"noopener\">\u010cESK\u00c1 REPUBLIKA: Prvn\u00edm ml\u00e1d\u011btem roku v milovick\u00e9 rezervaci je letos pratur<\/a><\/h6>\n<h6 class=\"entry-title\"><a href=\"https:\/\/zakrasnejsivimperk.cz\/?p=336111\" target=\"_blank\" rel=\"noopener\">\u010cESK\u00c1 REPUBLIKA: Deset let existence milovick\u00e9 rezervace velk\u00fdch kopytn\u00edk\u016f<\/a><\/h6>\n<h6 class=\"entry-title\"><a href=\"https:\/\/zakrasnejsivimperk.cz\/?p=335065\" target=\"_blank\" rel=\"noopener\">\u010cESK\u00c1 REPUBLIKA: Dva mlad\u00ed pratu\u0159i roz\u0161\u00ed\u0159ili st\u00e1do velk\u00fdch kopytn\u00edk\u016f v Krnov\u011b<\/a><\/h6>\n<h6 class=\"entry-title\"><a href=\"https:\/\/zakrasnejsivimperk.cz\/?p=333981\" target=\"_blank\" rel=\"noopener\">\u010cESK\u00c1 REPUBLIKA: Milovick\u00e1 rezervace z\u00edskala t\u0159i nejv\u00fdznamn\u011bj\u0161\u00ed ekologick\u00e9 ceny v \u010cesku<\/a><\/h6>\n<h6 class=\"entry-title\"><a href=\"https:\/\/zakrasnejsivimperk.cz\/?p=331904\" target=\"_blank\" rel=\"noopener\">\u010cESK\u00c1 REPUBLIKA: Pod v\u00e1no\u010dn\u00ed strome\u010dek m\u00ed\u0159\u00ed zub\u0159i z milovick\u00e9 rezervace<\/a><\/h6>\n<h6 class=\"entry-title\"><a href=\"https:\/\/zakrasnejsivimperk.cz\/?p=329763\" target=\"_blank\" rel=\"noopener\">\u010cESK\u00c1 REPUBLIKA: Ochr\u00e1nci p\u0159\u00edrody pou\u017e\u00edvaj\u00ed v rezervaci velk\u00fdch kopytn\u00edk\u016f ter\u00e9nn\u00ed elektromobil<\/a><\/h6>\n<h6 class=\"entry-title\"><a href=\"https:\/\/zakrasnejsivimperk.cz\/?p=329446\" target=\"_blank\" rel=\"noopener\">\u010cESK\u00c1 REPUBLIKA: Milovick\u00e1 rezervace chce b\u00fdt bezemisn\u00ed, p\u0159ech\u00e1z\u00ed na bateriovou techniku<\/a><\/h6>\n<h6 class=\"entry-title\"><a href=\"https:\/\/zakrasnejsivimperk.cz\/?p=328862\" target=\"_blank\" rel=\"noopener\">\u010cESK\u00c1 REPUBLIKA: Za\u010dala hlavn\u00ed f\u00e1ze gener\u00e1ln\u00ed opravy nejstar\u0161\u00edho napajedla v rezervaci velk\u00fdch kopytn\u00edk\u016f<\/a><\/h6>\n<h6 class=\"entry-title\"><a href=\"https:\/\/zakrasnejsivimperk.cz\/?p=326803\" target=\"_blank\" rel=\"noopener\">\u010cESK\u00c1 REPUBLIKA: Dobrovoln\u00edci odstra\u0148ovali invazn\u00ed cel\u00edky kanadsk\u00e9 v milovick\u00e9 rezervaci<\/a><\/h6>\n<h6 class=\"entry-title\"><a href=\"https:\/\/zakrasnejsivimperk.cz\/?p=326442\" target=\"_blank\" rel=\"noopener\">\u010cESK\u00c1 REPUBLIKA: Milovick\u00e1 rezervace velk\u00fdch kopytn\u00edk\u016f se p\u0159edstavila na mezin\u00e1rodn\u00ed konferenci<\/a><\/h6>\n<h6 class=\"entry-title\"><a href=\"https:\/\/zakrasnejsivimperk.cz\/?p=322273\" target=\"_blank\" rel=\"noopener\">JI\u017dN\u00cd \u010cECHY: Povode\u0148 zaplavila rezervaci divok\u00fdch kon\u00ed na b\u0159ez\u00edch Lu\u017enice. Na z\u00e1chranu vyhl\u00e1sili sb\u00edrku<\/a><\/h6>\n<h6 class=\"entry-title\"><a href=\"https:\/\/zakrasnejsivimperk.cz\/?p=321106\" target=\"_blank\" rel=\"noopener\">\u010cESK\u00c1 REPUBLIKA: Milovick\u00e1 rezervace se p\u0159edstavila na sv\u011btov\u00e9m kongresu o divo\u010din\u011b<\/a><\/h6>\n<h6><a href=\"https:\/\/zakrasnejsivimperk.cz\/?p=320858\" target=\"_blank\" rel=\"noopener\">\u010cESK\u00c1 REPUBLIKA: Rezervaci velk\u00fdch kopytn\u00edk\u016f nav\u0161t\u00edvili \u00fa\u010dastn\u00edci mezin\u00e1rodn\u00ed konference<\/a><\/h6>\n<h6><a href=\"https:\/\/zakrasnejsivimperk.cz\/?p=319867\" target=\"_blank\" rel=\"noopener\">\u010cESK\u00c1 REPUBLIKA: Cenu E.ON Energy Globe z\u00edskala rezervace velk\u00fdch kopytn\u00edk\u016f<\/a><\/h6>\n<h6><a href=\"https:\/\/zakrasnejsivimperk.cz\/?p=319585\" target=\"_blank\" rel=\"noopener\">\u010cESK\u00c1 REPUBLIKA: Host\u00e9 z Nadace Via v milovick\u00e9 rezervaci velk\u00fdch kopytn\u00edk\u016f<\/a><\/h6>\n<h6><a href=\"https:\/\/zakrasnejsivimperk.cz\/?p=318023\" target=\"_blank\" rel=\"noopener\">\u010cESK\u00c1 REPUBLIKA: Divok\u00e9 kon\u011b u Milovic \u010dek\u00e1 oprava napajedla za stovky tis\u00edc<\/a><\/h6>\n<h6><a href=\"https:\/\/zakrasnejsivimperk.cz\/?p=317396\" target=\"_blank\" rel=\"noopener\">\u010cESK\u00c1 REPUBLIKA: Invazn\u00ed cel\u00edky v milovick\u00e9 rezervaci odstra\u0148ovali studenti \u010cesk\u00e9 zem\u011bd\u011blsk\u00e9 univerzity<\/a><\/h6>\n<h6><a href=\"https:\/\/zakrasnejsivimperk.cz\/?p=316340\" target=\"_blank\" rel=\"noopener\">\u010cESK\u00c1 REPUBLIKA: Ochr\u00e1nci p\u0159\u00edrody odstra\u0148uj\u00ed nebezpe\u010dn\u00e9 ak\u00e1ty na stovk\u00e1ch hektar\u016f rezervace<\/a><\/h6>\n<h6><a href=\"https:\/\/zakrasnejsivimperk.cz\/?p=315954\" target=\"_blank\" rel=\"noopener\">\u010cESK\u00c1 REPUBLIKA: Za\u010d\u00edn\u00e1 spolupr\u00e1ce milovick\u00e9 rezervace s d\u00e1nskou agenturou ochrany p\u0159\u00edrody<\/a><\/h6>\n<h6><a href=\"https:\/\/zakrasnejsivimperk.cz\/?p=313441\" target=\"_blank\" rel=\"noopener\">\u010cESK\u00c1 REPUBLIKA: Toto jsou pohledy, kter\u00e9 se staly sou\u010d\u00e1st\u00ed nejv\u011bt\u0161\u00ed sb\u00edrky pohlednic v \u010cesk\u00e9 republice<\/a><\/h6>\n<h6><a href=\"https:\/\/zakrasnejsivimperk.cz\/?p=313125\" target=\"_blank\" rel=\"noopener\">\u010cESK\u00c1 REPUBLIKA: Velc\u00ed kopytn\u00edci pom\u00e1haj\u00ed obnovovat krajinu v p\u0159\u00edrodn\u011b cenn\u00fdch lokalit\u00e1ch<\/a><\/h6>\n<h6><a href=\"https:\/\/zakrasnejsivimperk.cz\/?p=313070\" target=\"_blank\" rel=\"noopener\">\u010cESK\u00c1 REPUBLIKA: Z\u00e1plava kv\u011bt\u016f l\u00e1k\u00e1 do milovick\u00e9 rezervace velk\u00fdch kopytn\u00edk\u016f<\/a><\/h6>\n<h6><a href=\"https:\/\/zakrasnejsivimperk.cz\/?p=312699\" target=\"_blank\" rel=\"noopener\">JI\u017dN\u00cd \u010cECHY: Pratury vysvobozen\u00e9 z karant\u00e9ny v Holandsku vypustili v Novohradsk\u00fdch hor\u00e1ch<\/a><\/h6>\n<h6><a href=\"https:\/\/zakrasnejsivimperk.cz\/?p=311845\" target=\"_blank\" rel=\"noopener\">JI\u017dN\u00cd \u010cECHY: Ochr\u00e1nci zv\u00ed\u0159at dovezli \u010dty\u0159i klisny. St\u00e1do je tak kompletn\u00ed<\/a><\/h6>\n<h6><a href=\"https:\/\/zakrasnejsivimperk.cz\/?p=310389\" target=\"_blank\" rel=\"noopener\">\u010cESK\u00c1 REPUBLIKA: Cenu sympatie v sout\u011b\u017ei E.ON Energy Globe z\u00edskala rezervace velk\u00fdch kopytn\u00edk\u016f<\/a><\/h6>\n<h6><a href=\"https:\/\/zakrasnejsivimperk.cz\/?p=310713\" target=\"_blank\" rel=\"noopener\">\u010cESK\u00c1 REPUBLIKA: Brig\u00e1da. Dobrovoln\u00edci ukl\u00edzeli turistickou stezku u rezervace velk\u00fdch kopytn\u00edk\u016f<\/a><\/h6>\n<h6><a href=\"https:\/\/zakrasnejsivimperk.cz\/?p=308792\" target=\"_blank\" rel=\"noopener\">JI\u017dN\u00cd \u010cECHY: Divoc\u00ed kon\u011b v Novohradsk\u00fdch hor\u00e1ch. Dal\u0161\u00ed je budou n\u00e1sledovat<\/a><\/h6>\n<h6><a href=\"https:\/\/zakrasnejsivimperk.cz\/?p=307745\" target=\"_blank\" rel=\"noopener\">\u010cESK\u00c1 REPUBLIKA: Dobrovoln\u00edci odstranili cel\u00e9 ohnisko invazn\u00ed lupiny v rezervaci velk\u00fdch kopytn\u00edk\u016f<\/a><\/h6>\n<h6><a href=\"https:\/\/zakrasnejsivimperk.cz\/?p=305429\" target=\"_blank\" rel=\"noopener\">\u010cESK\u00c1 REPUBLIKA: Dobrovoln\u00edci dnes likviduj\u00ed invazn\u00ed lupinu v milovick\u00e9 rezervaci velk\u00fdch kopytn\u00edk\u016f<\/a><\/h6>\n<h6><a href=\"https:\/\/zakrasnejsivimperk.cz\/?p=308432\" target=\"_blank\" rel=\"noopener\">JI\u017dN\u00cd \u010cECHY: Nov\u00e1 st\u00e1da velk\u00fdch kopytn\u00edk\u016f ve dvou jiho\u010desk\u00fdch rezervac\u00edch<\/a><\/h6>\n<h6><a href=\"https:\/\/zakrasnejsivimperk.cz\/?p=304715\" target=\"_blank\" rel=\"noopener\">\u010cESK\u00c1 REPUBLIKA: D\u011bti vybraly jm\u00e9na pro dvojici pratur\u016f v n\u00e1rodn\u00edm parku<\/a><\/h6>\n<h6><a href=\"https:\/\/zakrasnejsivimperk.cz\/?p=299701\" target=\"_blank\" rel=\"noopener\">JI\u017dN\u00cd \u010cECHY: Vznik\u00e1 nov\u00fd chov zubr\u016f. Zv\u00ed\u0159ata jsou sou\u010d\u00e1st\u00ed v\u00fdm\u011bny, do kter\u00e9 jsou zapojeny \u010dty\u0159i kraje<\/a><\/h6>\n<h6><a href=\"https:\/\/zakrasnejsivimperk.cz\/?p=298753\" target=\"_blank\" rel=\"noopener\">\u010cESK\u00c1 REPUBLIKA: Velk\u00e1 v\u00fdm\u011bna pom\u016f\u017ee zv\u00fd\u0161it genetickou pestrost chov\u016f<\/a><\/h6>\n<hr \/>\n<p>&nbsp;<\/p>\n","protected":false},"excerpt":{"rendered":"<p>&nbsp; Speci\u00e1ln\u00ed <\/p>\n","protected":false},"author":2,"featured_media":353240,"comment_status":"open","ping_status":"open","sticky":false,"template":"","format":"gallery","meta":{"footnotes":""},"categories":[128],"tags":[],"jetpack_featured_media_url":"https:\/\/zakrasnejsivimperk.cz\/wp-content\/uploads\/2025\/08\/07\/V-milovicke-rezervaci-vznika-regionalni-osevni-smes.jpg","_links":{"self":[{"href":"https:\/\/zakrasnejsivimperk.cz\/index.php?rest_route=\/wp\/v2\/posts\/353239"}],"collection":[{"href":"https:\/\/zakrasnejsivimperk.cz\/index.php?rest_route=\/wp\/v2\/posts"}],"about":[{"href":"https:\/\/zakrasnejsivimperk.cz\/index.php?rest_route=\/wp\/v2\/types\/post"}],"author":[{"embeddable":true,"href":"https:\/\/zakrasnejsivimperk.cz\/index.php?rest_route=\/wp\/v2\/users\/2"}],"replies":[{"embeddable":true,"href":"https:\/\/zakrasnejsivimperk.cz\/index.php?rest_route=%2Fwp%2Fv2%2Fcomments&post=353239"}],"version-history":[{"count":4,"href":"https:\/\/zakrasnejsivimperk.cz\/index.php?rest_route=\/wp\/v2\/posts\/353239\/revisions"}],"predecessor-version":[{"id":353244,"href":"https:\/\/zakrasnejsivimperk.cz\/index.php?rest_route=\/wp\/v2\/posts\/353239\/revisions\/353244"}],"wp:featuredmedia":[{"embeddable":true,"href":"https:\/\/zakrasnejsivimperk.cz\/index.php?rest_route=\/wp\/v2\/media\/353240"}],"wp:attachment":[{"href":"https:\/\/zakrasnejsivimperk.cz\/index.php?rest_route=%2Fwp%2Fv2%2Fmedia&parent=353239"}],"wp:term":[{"taxonomy":"category","embeddable":true,"href":"https:\/\/zakrasnejsivimperk.cz\/index.php?rest_route=%2Fwp%2Fv2%2Fcategories&post=353239"},{"taxonomy":"post_tag","embeddable":true,"href":"https:\/\/zakrasnejsivimperk.cz\/index.php?rest_route=%2Fwp%2Fv2%2Ftags&post=353239"}],"curies":[{"name":"wp","href":"https:\/\/api.w.org\/{rel}","templated":true}]}}