{"id":353110,"date":"2025-08-06T08:38:27","date_gmt":"2025-08-06T07:38:27","guid":{"rendered":"https:\/\/zakrasnejsivimperk.cz\/?p=353110"},"modified":"2025-08-06T21:33:46","modified_gmt":"2025-08-06T20:33:46","slug":"jizni-cechy-oprava-volynske-ulice-ve-strakonicich-postoupila-do-iii-etapy","status":"publish","type":"post","link":"https:\/\/zakrasnejsivimperk.cz\/?p=353110","title":{"rendered":"JI\u017dN\u00cd \u010cECHY: Strakonice: Oprava Voly\u0148sk\u00e9 ulice u\u017e postoupila do t\u0159et\u00ed etapy"},"content":{"rendered":"<p><img loading=\"lazy\" decoding=\"async\" class=\"aligncenter wp-image-353111 size-full\" src=\"https:\/\/zakrasnejsivimperk.cz\/wp-content\/uploads\/2025\/08\/06\/oprava-volynske-st.jpg\" alt=\"\" width=\"1000\" height=\"576\" srcset=\"https:\/\/zakrasnejsivimperk.cz\/wp-content\/uploads\/2025\/08\/06\/oprava-volynske-st.jpg 1000w, https:\/\/zakrasnejsivimperk.cz\/wp-content\/uploads\/2025\/08\/06\/oprava-volynske-st-300x173.jpg 300w, https:\/\/zakrasnejsivimperk.cz\/wp-content\/uploads\/2025\/08\/06\/oprava-volynske-st-768x442.jpg 768w, https:\/\/zakrasnejsivimperk.cz\/wp-content\/uploads\/2025\/08\/06\/oprava-volynske-st-620x357.jpg 620w, https:\/\/zakrasnejsivimperk.cz\/wp-content\/uploads\/2025\/08\/06\/oprava-volynske-st-839x483.jpg 839w\" sizes=\"(max-width: 1000px) 100vw, 1000px\" \/><\/p>\n<p>&nbsp;<\/p>\n<h6><strong>Pr\u00e1ce na oprav\u011b Voly\u0148sk\u00e9 ulice (silnice I\/4) ve Strakonic\u00edch postoupily do III. etapy.<\/strong><\/h6>\n<p><img loading=\"lazy\" decoding=\"async\" class=\"size-medium wp-image-299322 alignright\" src=\"https:\/\/zakrasnejsivimperk.cz\/wp-content\/uploads\/2024\/02\/29\/rsd-logo-x-300x134.jpg\" alt=\"\" width=\"300\" height=\"134\" srcset=\"https:\/\/zakrasnejsivimperk.cz\/wp-content\/uploads\/2024\/02\/29\/rsd-logo-x-300x134.jpg 300w, https:\/\/zakrasnejsivimperk.cz\/wp-content\/uploads\/2024\/02\/29\/rsd-logo-x-1024x458.jpg 1024w, https:\/\/zakrasnejsivimperk.cz\/wp-content\/uploads\/2024\/02\/29\/rsd-logo-x-768x344.jpg 768w, https:\/\/zakrasnejsivimperk.cz\/wp-content\/uploads\/2024\/02\/29\/rsd-logo-x-1074x483.jpg 1074w, https:\/\/zakrasnejsivimperk.cz\/wp-content\/uploads\/2024\/02\/29\/rsd-logo-x-798x357.jpg 798w, https:\/\/zakrasnejsivimperk.cz\/wp-content\/uploads\/2024\/02\/29\/rsd-logo-x-1080x483.jpg 1080w, https:\/\/zakrasnejsivimperk.cz\/wp-content\/uploads\/2024\/02\/29\/rsd-logo-x.jpg 1100w\" sizes=\"(max-width: 300px) 100vw, 300px\" \/>Zah\u00e1jen\u00edm t\u0159et\u00ed etapy skon\u010dila \u00fapln\u00e1 uzav\u00edrka Voly\u0148sk\u00e9 ulice v \u00faseku od k\u0159i\u017eovatky s Tov\u00e1rn\u00ed ulic\u00ed a\u017e po odbo\u010dku na Rado\u0161ovice.<\/p>\n<p>Nyn\u00ed je zcela uzav\u0159en u\u017e jen \u00fasek mezi kruhov\u00fdm objezdem a Tov\u00e1rn\u00ed ulic\u00ed. Vozidl\u016fm do 7,5 tun je tak op\u011bt umo\u017en\u011bn pr\u016fjezd v\u011bt\u0161inou Voly\u0148sk\u00e9 ulice a obj\u00edzdn\u00e1 trasa je vedena p\u0159es m\u011bsto Strakonice, a to ulicemi Tov\u00e1rn\u00ed, 5. kv\u011btna a N\u00e1dra\u017en\u00ed.<\/p>\n<p>Pr\u00e1ce se v t\u00e9to f\u00e1zi soust\u0159ed\u00ed hlavn\u011b na opravu povrchu komunikace v navazuj\u00edc\u00edm \u00faseku mezi okru\u017en\u00ed k\u0159i\u017eovatkou a Tov\u00e1rn\u00ed ulic\u00ed.<\/p>\n<p>Vozidla nad 7,5 tuny budou i nad\u00e1le muset vyu\u017e\u00edt p\u016fvodn\u00edch zna\u010den\u00fdch obj\u00edzdn\u00fdch tras.<\/p>\n<p>&nbsp;<\/p>\n<p><strong>Text a foto: (tz-\u0159sd)<\/strong><\/p>\n<p><img loading=\"lazy\" decoding=\"async\" class=\"aligncenter wp-image-353113 size-full\" src=\"https:\/\/zakrasnejsivimperk.cz\/wp-content\/uploads\/2025\/08\/06\/uzavreni-volynske-mapy-2.jpg\" alt=\"\" width=\"706\" height=\"1000\" srcset=\"https:\/\/zakrasnejsivimperk.cz\/wp-content\/uploads\/2025\/08\/06\/uzavreni-volynske-mapy-2.jpg 706w, https:\/\/zakrasnejsivimperk.cz\/wp-content\/uploads\/2025\/08\/06\/uzavreni-volynske-mapy-2-212x300.jpg 212w, https:\/\/zakrasnejsivimperk.cz\/wp-content\/uploads\/2025\/08\/06\/uzavreni-volynske-mapy-2-252x357.jpg 252w, https:\/\/zakrasnejsivimperk.cz\/wp-content\/uploads\/2025\/08\/06\/uzavreni-volynske-mapy-2-341x483.jpg 341w\" sizes=\"(max-width: 706px) 100vw, 706px\" \/><\/p>\n<p>&nbsp;<\/p>\n<p><img loading=\"lazy\" decoding=\"async\" class=\"aligncenter wp-image-353112 size-full\" src=\"https:\/\/zakrasnejsivimperk.cz\/wp-content\/uploads\/2025\/08\/06\/uzavreni-volynske-mapy-1.jpg\" alt=\"\" width=\"1000\" height=\"707\" srcset=\"https:\/\/zakrasnejsivimperk.cz\/wp-content\/uploads\/2025\/08\/06\/uzavreni-volynske-mapy-1.jpg 1000w, https:\/\/zakrasnejsivimperk.cz\/wp-content\/uploads\/2025\/08\/06\/uzavreni-volynske-mapy-1-300x212.jpg 300w, https:\/\/zakrasnejsivimperk.cz\/wp-content\/uploads\/2025\/08\/06\/uzavreni-volynske-mapy-1-768x543.jpg 768w, https:\/\/zakrasnejsivimperk.cz\/wp-content\/uploads\/2025\/08\/06\/uzavreni-volynske-mapy-1-505x357.jpg 505w, https:\/\/zakrasnejsivimperk.cz\/wp-content\/uploads\/2025\/08\/06\/uzavreni-volynske-mapy-1-683x483.jpg 683w\" sizes=\"(max-width: 1000px) 100vw, 1000px\" \/><\/p>\n<hr \/>\n<p>&nbsp;<\/p>\n","protected":false},"excerpt":{"rendered":"<p>&nbsp; Pr\u00e1ce <\/p>\n","protected":false},"author":2,"featured_media":353111,"comment_status":"open","ping_status":"open","sticky":false,"template":"","format":"gallery","meta":{"footnotes":""},"categories":[69],"tags":[],"jetpack_featured_media_url":"https:\/\/zakrasnejsivimperk.cz\/wp-content\/uploads\/2025\/08\/06\/oprava-volynske-st.jpg","_links":{"self":[{"href":"https:\/\/zakrasnejsivimperk.cz\/index.php?rest_route=\/wp\/v2\/posts\/353110"}],"collection":[{"href":"https:\/\/zakrasnejsivimperk.cz\/index.php?rest_route=\/wp\/v2\/posts"}],"about":[{"href":"https:\/\/zakrasnejsivimperk.cz\/index.php?rest_route=\/wp\/v2\/types\/post"}],"author":[{"embeddable":true,"href":"https:\/\/zakrasnejsivimperk.cz\/index.php?rest_route=\/wp\/v2\/users\/2"}],"replies":[{"embeddable":true,"href":"https:\/\/zakrasnejsivimperk.cz\/index.php?rest_route=%2Fwp%2Fv2%2Fcomments&post=353110"}],"version-history":[{"count":6,"href":"https:\/\/zakrasnejsivimperk.cz\/index.php?rest_route=\/wp\/v2\/posts\/353110\/revisions"}],"predecessor-version":[{"id":353139,"href":"https:\/\/zakrasnejsivimperk.cz\/index.php?rest_route=\/wp\/v2\/posts\/353110\/revisions\/353139"}],"wp:featuredmedia":[{"embeddable":true,"href":"https:\/\/zakrasnejsivimperk.cz\/index.php?rest_route=\/wp\/v2\/media\/353111"}],"wp:attachment":[{"href":"https:\/\/zakrasnejsivimperk.cz\/index.php?rest_route=%2Fwp%2Fv2%2Fmedia&parent=353110"}],"wp:term":[{"taxonomy":"category","embeddable":true,"href":"https:\/\/zakrasnejsivimperk.cz\/index.php?rest_route=%2Fwp%2Fv2%2Fcategories&post=353110"},{"taxonomy":"post_tag","embeddable":true,"href":"https:\/\/zakrasnejsivimperk.cz\/index.php?rest_route=%2Fwp%2Fv2%2Ftags&post=353110"}],"curies":[{"name":"wp","href":"https:\/\/api.w.org\/{rel}","templated":true}]}}