{"id":352977,"date":"2025-08-04T17:46:12","date_gmt":"2025-08-04T16:46:12","guid":{"rendered":"https:\/\/zakrasnejsivimperk.cz\/?p=352977"},"modified":"2025-08-04T17:46:12","modified_gmt":"2025-08-04T16:46:12","slug":"aktuality-dvojici-pri-prochazce-na-sumave-prekvapil-vlk-vubec-se-nas-nebal-popsala","status":"publish","type":"post","link":"https:\/\/zakrasnejsivimperk.cz\/?p=352977","title":{"rendered":"AKTUALITY: Dvojici p\u0159i proch\u00e1zce na \u0160umav\u011b p\u0159ekvapil vlk. V\u016fbec se n\u00e1s neb\u00e1l, popsala"},"content":{"rendered":"<p><a href=\"https:\/\/www.denik.cz\/regiony\/vlk-na-sumave-prekvapil-dvojici-pri-prochazce-zvire-se-lidi-ani-psa-nezaleklo-20.html\" target=\"_blank\" rel=\"noopener\"><img loading=\"lazy\" decoding=\"async\" class=\"alignnone size-medium wp-image-352978\" src=\"https:\/\/zakrasnejsivimperk.cz\/wp-content\/uploads\/2025\/08\/04\/nove-vlk-300x186.jpg\" alt=\"\" width=\"300\" height=\"186\" srcset=\"https:\/\/zakrasnejsivimperk.cz\/wp-content\/uploads\/2025\/08\/04\/nove-vlk-300x186.jpg 300w, https:\/\/zakrasnejsivimperk.cz\/wp-content\/uploads\/2025\/08\/04\/nove-vlk-1024x634.jpg 1024w, https:\/\/zakrasnejsivimperk.cz\/wp-content\/uploads\/2025\/08\/04\/nove-vlk-768x475.jpg 768w, https:\/\/zakrasnejsivimperk.cz\/wp-content\/uploads\/2025\/08\/04\/nove-vlk-577x357.jpg 577w, https:\/\/zakrasnejsivimperk.cz\/wp-content\/uploads\/2025\/08\/04\/nove-vlk-780x483.jpg 780w, https:\/\/zakrasnejsivimperk.cz\/wp-content\/uploads\/2025\/08\/04\/nove-vlk.jpg 1100w\" sizes=\"(max-width: 300px) 100vw, 300px\" \/><\/a><\/p>\n","protected":false},"excerpt":{"rendered":"","protected":false},"author":2,"featured_media":352978,"comment_status":"open","ping_status":"open","sticky":false,"template":"","format":"gallery","meta":{"footnotes":""},"categories":[179,75],"tags":[],"jetpack_featured_media_url":"https:\/\/zakrasnejsivimperk.cz\/wp-content\/uploads\/2025\/08\/04\/nove-vlk.jpg","_links":{"self":[{"href":"https:\/\/zakrasnejsivimperk.cz\/index.php?rest_route=\/wp\/v2\/posts\/352977"}],"collection":[{"href":"https:\/\/zakrasnejsivimperk.cz\/index.php?rest_route=\/wp\/v2\/posts"}],"about":[{"href":"https:\/\/zakrasnejsivimperk.cz\/index.php?rest_route=\/wp\/v2\/types\/post"}],"author":[{"embeddable":true,"href":"https:\/\/zakrasnejsivimperk.cz\/index.php?rest_route=\/wp\/v2\/users\/2"}],"replies":[{"embeddable":true,"href":"https:\/\/zakrasnejsivimperk.cz\/index.php?rest_route=%2Fwp%2Fv2%2Fcomments&post=352977"}],"version-history":[{"count":1,"href":"https:\/\/zakrasnejsivimperk.cz\/index.php?rest_route=\/wp\/v2\/posts\/352977\/revisions"}],"predecessor-version":[{"id":352979,"href":"https:\/\/zakrasnejsivimperk.cz\/index.php?rest_route=\/wp\/v2\/posts\/352977\/revisions\/352979"}],"wp:featuredmedia":[{"embeddable":true,"href":"https:\/\/zakrasnejsivimperk.cz\/index.php?rest_route=\/wp\/v2\/media\/352978"}],"wp:attachment":[{"href":"https:\/\/zakrasnejsivimperk.cz\/index.php?rest_route=%2Fwp%2Fv2%2Fmedia&parent=352977"}],"wp:term":[{"taxonomy":"category","embeddable":true,"href":"https:\/\/zakrasnejsivimperk.cz\/index.php?rest_route=%2Fwp%2Fv2%2Fcategories&post=352977"},{"taxonomy":"post_tag","embeddable":true,"href":"https:\/\/zakrasnejsivimperk.cz\/index.php?rest_route=%2Fwp%2Fv2%2Ftags&post=352977"}],"curies":[{"name":"wp","href":"https:\/\/api.w.org\/{rel}","templated":true}]}}