{"id":352680,"date":"2025-08-03T14:06:42","date_gmt":"2025-08-03T13:06:42","guid":{"rendered":"https:\/\/zakrasnejsivimperk.cz\/?p=352680"},"modified":"2025-08-03T14:09:15","modified_gmt":"2025-08-03T13:09:15","slug":"jizni-cechy-nove-socialni-zazemi-v-plaveckem-arealu-ve-strakonicich-zvysuje-komfort-navstevniku","status":"publish","type":"post","link":"https:\/\/zakrasnejsivimperk.cz\/?p=352680","title":{"rendered":"JI\u017dN\u00cd \u010cECHY: Nov\u00e9 soci\u00e1ln\u00ed z\u00e1zem\u00ed v plaveck\u00e9m are\u00e1lu, lep\u0161\u00ed komfort n\u00e1v\u0161t\u011bvn\u00edk\u016f"},"content":{"rendered":"<p><img loading=\"lazy\" decoding=\"async\" class=\"aligncenter wp-image-352681 size-full\" src=\"https:\/\/zakrasnejsivimperk.cz\/wp-content\/uploads\/2025\/07\/31\/st-letni-bazen-1.jpg\" alt=\"\" width=\"1214\" height=\"911\" srcset=\"https:\/\/zakrasnejsivimperk.cz\/wp-content\/uploads\/2025\/07\/31\/st-letni-bazen-1.jpg 1214w, https:\/\/zakrasnejsivimperk.cz\/wp-content\/uploads\/2025\/07\/31\/st-letni-bazen-1-300x225.jpg 300w, https:\/\/zakrasnejsivimperk.cz\/wp-content\/uploads\/2025\/07\/31\/st-letni-bazen-1-1024x768.jpg 1024w, https:\/\/zakrasnejsivimperk.cz\/wp-content\/uploads\/2025\/07\/31\/st-letni-bazen-1-768x576.jpg 768w, https:\/\/zakrasnejsivimperk.cz\/wp-content\/uploads\/2025\/07\/31\/st-letni-bazen-1-476x357.jpg 476w, https:\/\/zakrasnejsivimperk.cz\/wp-content\/uploads\/2025\/07\/31\/st-letni-bazen-1-644x483.jpg 644w\" sizes=\"(max-width: 1214px) 100vw, 1214px\" \/><\/p>\n<p>&nbsp;<\/p>\n<h6>V letn\u00edm plaveck\u00e9m are\u00e1lu ve Strakonic\u00edch byla slavnostn\u011b otev\u0159ena nov\u00e1 budova soci\u00e1ln\u00edho z\u00e1zem\u00ed. Modern\u00ed jednopodla\u017en\u00ed objekt o v\u00fdm\u011b\u0159e t\u00e9m\u011b\u0159 200 metr\u016f \u010dtvere\u010dn\u00edch vznikl v t\u011bsn\u00e9 bl\u00edzkosti d\u011btsk\u00fdch baz\u00e9n\u016f a v\u00fdrazn\u011b roz\u0161i\u0159uje komfort slu\u017eeb pro n\u00e1v\u0161t\u011bvn\u00edky are\u00e1lu.<\/h6>\n<p><img loading=\"lazy\" decoding=\"async\" class=\"alignright wp-image-352684 size-full\" src=\"https:\/\/zakrasnejsivimperk.cz\/wp-content\/uploads\/2025\/07\/31\/st-bazen-nova-budova.jpg\" alt=\"\" width=\"539\" height=\"360\" srcset=\"https:\/\/zakrasnejsivimperk.cz\/wp-content\/uploads\/2025\/07\/31\/st-bazen-nova-budova.jpg 539w, https:\/\/zakrasnejsivimperk.cz\/wp-content\/uploads\/2025\/07\/31\/st-bazen-nova-budova-300x200.jpg 300w, https:\/\/zakrasnejsivimperk.cz\/wp-content\/uploads\/2025\/07\/31\/st-bazen-nova-budova-535x357.jpg 535w\" sizes=\"(max-width: 539px) 100vw, 539px\" \/>Novostavba nab\u00edz\u00ed celkem 19 p\u0159evl\u00e9kac\u00edch kabin rozd\u011blen\u00fdch zvl\u00e1\u0161\u0165 pro \u017eeny, mu\u017ee i osoby se zdravotn\u00edm posti\u017een\u00edm. Sou\u010d\u00e1st\u00ed objektu jsou tak\u00e9 sprchy, technick\u00e9 z\u00e1zem\u00ed a p\u0159edev\u0161\u00edm p\u0159ebalovac\u00ed m\u00edstnost pro kojence, kterou mohou vyu\u017e\u00edvat jak \u017eeny, tak mu\u017ei.<\/p>\n<p>Budova disponuje t\u0159emi hlavn\u00edmi vstupy, p\u0159\u00edstupn\u00fdmi p\u0159\u00edmo z baz\u00e9nov\u00e9ho are\u00e1lu. Prvn\u00ed vede do d\u00e1msk\u00e9 \u010d\u00e1sti, prost\u0159edn\u00ed vstup je ur\u010den pro p\u0159ebalovac\u00ed m\u00edstnost a t\u0159et\u00ed vstup \u00fast\u00ed do p\u00e1nsk\u00e9ho soci\u00e1ln\u00edho z\u00e1zem\u00ed. Vnit\u0159n\u00ed vybaven\u00ed po\u010d\u00edt\u00e1 s pot\u0159ebami mal\u00fdch n\u00e1v\u0161t\u011bvn\u00edk\u016f \u2013 k dispozici jsou sn\u00ed\u017een\u00e9 toalety a umyvadla pro d\u011bti. Samoz\u0159ejmost\u00ed je bezbari\u00e9rov\u00fd p\u0159\u00edstup a odd\u011blen\u00e1 WC pro \u017eeny, mu\u017ee i osoby se zdravotn\u00edm omezen\u00edm.<\/p>\n<p>V\u00fdstavbu realizovala spole\u010dnost JV BAU eu, s. r. o., z Prachatic. Celkov\u00e9 n\u00e1klady dos\u00e1hly \u010d\u00e1stky necel\u00fdch 15 milion\u016f korun, kter\u00e9 hradilo m\u011bsto Strakonice. Nov\u00e9 z\u00e1zem\u00ed bylo dne 25. \u010dervence 2025 slavnostn\u011b p\u0159ed\u00e1no do u\u017e\u00edv\u00e1n\u00ed p\u0159\u00edsp\u011bvkov\u00e9 organizaci STARZ, kter\u00e1 plaveck\u00fd are\u00e1l provozuje.<\/p>\n<p><em>\u201eJedn\u00e1 se o v\u00fdznamn\u00fd krok ke zv\u00fd\u0161en\u00ed komfortu pro v\u0161echny n\u00e1v\u0161t\u011bvn\u00edky. V\u011b\u0159\u00edme, \u017ee nov\u00e1 budova z\u00e1zem\u00ed p\u0159isp\u011bje ke spokojen\u011bj\u0161\u00edmu a p\u0159\u00edjemn\u011bj\u0161\u00edmu pobytu v na\u0161em are\u00e1lu,\u201c<\/em> uvedl starosta m\u011bsta B\u0159etislav Hrdli\u010dka p\u0159i slavnostn\u00edm p\u0159est\u0159i\u017een\u00ed p\u00e1sky.<\/p>\n<p><strong>Text a foto: Mark\u00e9ta BU\u010cOKOV\u00c1,\u00a0 M\u011bsto Strakonice<\/strong><\/p>\n<p>&nbsp;<\/p>\n<p><img loading=\"lazy\" decoding=\"async\" class=\"aligncenter wp-image-352682 size-full\" src=\"https:\/\/zakrasnejsivimperk.cz\/wp-content\/uploads\/2025\/07\/31\/st-letni-bazen-2.jpg\" alt=\"\" width=\"683\" height=\"911\" srcset=\"https:\/\/zakrasnejsivimperk.cz\/wp-content\/uploads\/2025\/07\/31\/st-letni-bazen-2.jpg 683w, https:\/\/zakrasnejsivimperk.cz\/wp-content\/uploads\/2025\/07\/31\/st-letni-bazen-2-225x300.jpg 225w, https:\/\/zakrasnejsivimperk.cz\/wp-content\/uploads\/2025\/07\/31\/st-letni-bazen-2-268x357.jpg 268w, https:\/\/zakrasnejsivimperk.cz\/wp-content\/uploads\/2025\/07\/31\/st-letni-bazen-2-362x483.jpg 362w\" sizes=\"(max-width: 683px) 100vw, 683px\" \/><\/p>\n<hr \/>\n<p>&nbsp;<\/p>\n<h4>Jin\u00e9 zpr\u00e1vy ze Strakonic:<\/h4>\n<h6 class=\"entry-title\"><a href=\"https:\/\/zakrasnejsivimperk.cz\/?p=350494\" target=\"_blank\" rel=\"noopener\">JI\u017dN\u00cd \u010cECHY: Strakonice v\u00fdrazn\u011b nav\u00fd\u0161ily podporu z\u00e1chrann\u00e9 stanici \u017eivo\u010dich\u016f<\/a><\/h6>\n<h6 class=\"entry-title\"><a href=\"https:\/\/zakrasnejsivimperk.cz\/?p=347030\" target=\"_blank\" rel=\"noopener\">JI\u017dN\u00cd \u010cECHY: Strakonice zahajuj\u00ed p\u0159estavbu z\u00e1padn\u00ed \u010d\u00e1sti Velk\u00e9ho n\u00e1m\u011bst\u00ed<\/a><\/h6>\n<h6 class=\"entry-title\"><a href=\"https:\/\/zakrasnejsivimperk.cz\/?p=340841\" target=\"_blank\" rel=\"noopener\">JI\u017dN\u00cd \u010cECHY: Cyklostezka Strakonice \u2013 Pracejovice se bl\u00ed\u017e\u00ed k realizaci, bude i l\u00e1vka<\/a><\/h6>\n<h6 class=\"entry-title\"><a href=\"https:\/\/zakrasnejsivimperk.cz\/?p=340572\" target=\"_blank\" rel=\"noopener\">JI\u017dN\u00cd \u010cECHY: Strakonice chystaj\u00ed p\u0159estavbu z\u00e1padn\u00ed \u010d\u00e1sti Velk\u00e9ho n\u00e1m\u011bst\u00ed<\/a><\/h6>\n<h6 class=\"entry-title\"><a href=\"https:\/\/zakrasnejsivimperk.cz\/?p=338037\" target=\"_blank\" rel=\"noopener\">JI\u017dN\u00cd \u010cECHY: Strakonice zah\u00e1jily v\u00fdstavbu dal\u0161\u00edch polozapu\u0161t\u011bn\u00fdch st\u00e1n\u00ed pro kontejnery na odpad<\/a><\/h6>\n<h6 class=\"entry-title\"><a href=\"https:\/\/zakrasnejsivimperk.cz\/?p=336710\" target=\"_blank\" rel=\"noopener\">JI\u017dN\u00cd \u010cECHY: Strakonick\u00e1 nemocnice m\u00e1 d\u011btskou obezitologickou ambulanci<\/a><\/h6>\n<h6 class=\"entry-title\"><a href=\"https:\/\/zakrasnejsivimperk.cz\/?p=335551\" target=\"_blank\" rel=\"noopener\">JI\u017dN\u00cd \u010cECHY: Nov\u00e1 po\u017e\u00e1rn\u00ed zbrojnice: Lep\u0161\u00ed z\u00e1zem\u00ed pro hasi\u010de a rychlej\u0161\u00ed v\u00fdjezdy<\/a><\/h6>\n<h6 class=\"entry-title\"><a href=\"https:\/\/zakrasnejsivimperk.cz\/?p=335054\" target=\"_blank\" rel=\"noopener\">JI\u017dN\u00cd \u010cECHY: Oprava d\u0159ev\u011bn\u00fdch v\u00fdpln\u00ed l\u00e1vky odhalila zaj\u00edmav\u00e9 detaily<\/a><\/h6>\n<h6 class=\"entry-title\"><a href=\"https:\/\/zakrasnejsivimperk.cz\/?p=334391\" target=\"_blank\" rel=\"noopener\">JI\u017dN\u00cd \u010cECHY: M\u011bsto pln\u00ed sv\u00e9 sliby: Chodn\u00edk v ulici Radomy\u0161lsk\u00e1 se prodlu\u017euje<\/a><\/h6>\n<h6 class=\"entry-title\"><a href=\"https:\/\/zakrasnejsivimperk.cz\/?p=334525\" target=\"_blank\" rel=\"noopener\">JI\u017dN\u00cd \u010cECHY: Nemocnice nov\u011b nab\u00edz\u00ed screeningov\u00e9 vy\u0161et\u0159en\u00ed v\u00fddut\u011b b\u0159i\u0161n\u00ed aorty<\/a><\/h6>\n<h6 class=\"entry-title\"><a href=\"https:\/\/zakrasnejsivimperk.cz\/?p=329801\" target=\"_blank\" rel=\"noopener\">JI\u017dN\u00cd \u010cECHY: Nemocnice Strakonice je Nejlep\u0161\u00ed nemocnic\u00ed roku 2024<\/a><\/h6>\n<h6 class=\"entry-title\"><a href=\"https:\/\/zakrasnejsivimperk.cz\/?p=331514\" target=\"_blank\" rel=\"noopener\">JI\u017dN\u00cd \u010cECHY: Nemocnice Strakonice po\u0159\u00eddila unik\u00e1tn\u00ed p\u0159\u00edstroj pro vy\u0161et\u0159en\u00ed slinivky a \u017elu\u010dov\u00fdch cest<\/a><\/h6>\n<h6 class=\"entry-title\"><a href=\"https:\/\/zakrasnejsivimperk.cz\/?p=328774\" target=\"_blank\" rel=\"noopener\">JI\u017dN\u00cd \u010cECHY: Nov\u00e1 l\u00e1vka na Podskal\u00ed usnad\u0148uje cestu krajinou pod\u00e9l Otavy<\/a><\/h6>\n<h6 class=\"entry-title\"><a href=\"https:\/\/zakrasnejsivimperk.cz\/?p=326163\" target=\"_blank\" rel=\"noopener\">JI\u017dN\u00cd \u010cECHY: Strakonick\u00e9 Komunitko 1415 zah\u00e1jilo svoji \u010dinnost na Ostrov\u011b<\/a><\/h6>\n<h6 class=\"entry-title\"><a href=\"https:\/\/zakrasnejsivimperk.cz\/?p=321375\" target=\"_blank\" rel=\"noopener\">JI\u017dN\u00cd \u010cECHY: Strakonice se p\u0159ipravuj\u00ed na velkou vodu, d\u011bln\u00edci stav\u00ed proti n\u00ed z\u00e1brany<\/a><\/h6>\n<h6><a href=\"https:\/\/zakrasnejsivimperk.cz\/?p=318802\" target=\"_blank\" rel=\"noopener\">JI\u017dN\u00cd \u010cECHY: Skv\u011bl\u00e9. ORL ambulance v Nemocnici Strakonice m\u00e1 novou posilu<\/a><\/h6>\n<h6><a href=\"https:\/\/zakrasnejsivimperk.cz\/?p=315266\" target=\"_blank\" rel=\"noopener\">JI\u017dN\u00cd \u010cECHY: Nemocni\u010dn\u00ed l\u00e9k\u00e1rna ve Strakonic\u00edch nen\u00ed jen oby\u010dejn\u00e1 v\u00fddejna l\u00e9k\u016f<\/a><\/h6>\n<h6><a href=\"https:\/\/zakrasnejsivimperk.cz\/?p=316309\" target=\"_blank\" rel=\"noopener\">JI\u017dN\u00cd \u010cECHY: Rekonstrukce Voly\u0148sk\u00e9 ul. ve Strakonic\u00edch zat\u00edm \u00fasp\u011b\u0161n\u011b pokra\u010duje<\/a><\/h6>\n<h6><a href=\"https:\/\/zakrasnejsivimperk.cz\/?p=313031\" target=\"_blank\" rel=\"noopener\">JI\u017dN\u00cd \u010cECHY: M\u011bsto Strakonice poskytne dotaci na vybaven\u00ed zubn\u00ed ordinace<\/a><\/h6>\n<h6><a href=\"https:\/\/zakrasnejsivimperk.cz\/?p=312358\" target=\"_blank\" rel=\"noopener\">JI\u017dN\u00cd \u010cECHY: Strakonick\u00fd pivovar koupil novou linku, na kter\u00e9 se bude st\u00e1\u010det a\u017e 3000 plechovek za hodinu<\/a><\/h6>\n<h6><a href=\"https:\/\/zakrasnejsivimperk.cz\/?p=310753\" target=\"_blank\" rel=\"noopener\">JI\u017dN\u00cd \u010cECHY: Veden\u00ed m\u011bsta Strakonice hled\u00e1 opat\u0159en\u00ed proti p\u0159\u00edvalov\u00fdm de\u0161\u0165\u016fm v m\u00edstn\u00ed \u010d\u00e1sti Nov\u00fd Dra\u017eejov<\/a><\/h6>\n<h6><a href=\"https:\/\/strakonicky.denik.cz\/zpravy_region\/novy-drazejov-opet-pod-vodou-jak-lidem-pomoci-mesto-svolalo-schuzku-20240610.html\" target=\"_blank\" rel=\"noopener\">Nov\u00fd Dra\u017eejov op\u011bt pod vodou. Jak lidem pomoci? M\u011bsto svolalo sch\u016fzku<\/a><\/h6>\n<h6><a href=\"https:\/\/zakrasnejsivimperk.cz\/?p=309043\" target=\"_blank\" rel=\"noopener\">JI\u017dN\u00cd \u010cECHY: Strakoni\u010dt\u00ed opravuj\u00ed pomn\u00edk padl\u00fdm u kostela svat\u00e9ho V\u00e1clava<\/a><\/h6>\n<h6><a href=\"https:\/\/zakrasnejsivimperk.cz\/?p=308877\" target=\"_blank\" rel=\"noopener\">JI\u017dN\u00cd \u010cECHY: Informace k aktu\u00e1ln\u00ed situaci na zimn\u00edm stadionu ve Strakonic\u00edch<\/a><\/h6>\n<h6><a href=\"https:\/\/zakrasnejsivimperk.cz\/?cat=131\" target=\"_blank\" rel=\"noopener\">Strakonick\u00e1 televize \u2013 ka\u017ed\u00fd t\u00fdden aktu\u00e1ln\u00ed informace o d\u011bn\u00ed ve m\u011bst\u011b na soutoku Voly\u0148ky a Otavy<\/a><\/h6>\n<hr \/>\n<p>&nbsp;<\/p>\n","protected":false},"excerpt":{"rendered":"<p>&nbsp; V <\/p>\n","protected":false},"author":2,"featured_media":352686,"comment_status":"open","ping_status":"open","sticky":false,"template":"","format":"gallery","meta":{"footnotes":""},"categories":[24],"tags":[],"jetpack_featured_media_url":"https:\/\/zakrasnejsivimperk.cz\/wp-content\/uploads\/2025\/07\/31\/tttt.jpg","_links":{"self":[{"href":"https:\/\/zakrasnejsivimperk.cz\/index.php?rest_route=\/wp\/v2\/posts\/352680"}],"collection":[{"href":"https:\/\/zakrasnejsivimperk.cz\/index.php?rest_route=\/wp\/v2\/posts"}],"about":[{"href":"https:\/\/zakrasnejsivimperk.cz\/index.php?rest_route=\/wp\/v2\/types\/post"}],"author":[{"embeddable":true,"href":"https:\/\/zakrasnejsivimperk.cz\/index.php?rest_route=\/wp\/v2\/users\/2"}],"replies":[{"embeddable":true,"href":"https:\/\/zakrasnejsivimperk.cz\/index.php?rest_route=%2Fwp%2Fv2%2Fcomments&post=352680"}],"version-history":[{"count":3,"href":"https:\/\/zakrasnejsivimperk.cz\/index.php?rest_route=\/wp\/v2\/posts\/352680\/revisions"}],"predecessor-version":[{"id":352911,"href":"https:\/\/zakrasnejsivimperk.cz\/index.php?rest_route=\/wp\/v2\/posts\/352680\/revisions\/352911"}],"wp:featuredmedia":[{"embeddable":true,"href":"https:\/\/zakrasnejsivimperk.cz\/index.php?rest_route=\/wp\/v2\/media\/352686"}],"wp:attachment":[{"href":"https:\/\/zakrasnejsivimperk.cz\/index.php?rest_route=%2Fwp%2Fv2%2Fmedia&parent=352680"}],"wp:term":[{"taxonomy":"category","embeddable":true,"href":"https:\/\/zakrasnejsivimperk.cz\/index.php?rest_route=%2Fwp%2Fv2%2Fcategories&post=352680"},{"taxonomy":"post_tag","embeddable":true,"href":"https:\/\/zakrasnejsivimperk.cz\/index.php?rest_route=%2Fwp%2Fv2%2Ftags&post=352680"}],"curies":[{"name":"wp","href":"https:\/\/api.w.org\/{rel}","templated":true}]}}