{"id":352580,"date":"2025-07-30T16:35:52","date_gmt":"2025-07-30T15:35:52","guid":{"rendered":"https:\/\/zakrasnejsivimperk.cz\/?p=352580"},"modified":"2025-07-30T16:35:52","modified_gmt":"2025-07-30T15:35:52","slug":"nase-mesto-vimperk-zapis-ze-zasedani-mestske-rady-konane-28-cervence","status":"publish","type":"post","link":"https:\/\/zakrasnejsivimperk.cz\/?p=352580","title":{"rendered":"NA\u0160E M\u011aSTO VIMPERK: Z\u00e1pis ze zased\u00e1n\u00ed m\u011bstsk\u00e9 rady konan\u00e9 28. \u010dervence"},"content":{"rendered":"<p><img loading=\"lazy\" decoding=\"async\" class=\"aligncenter wp-image-129874 size-full\" src=\"https:\/\/zakrasnejsivimperk.cz\/wp-content\/uploads\/2018\/05\/06\/dokumenty.jpg\" alt=\"\" width=\"799\" height=\"527\" srcset=\"https:\/\/zakrasnejsivimperk.cz\/wp-content\/uploads\/2018\/05\/06\/dokumenty.jpg 799w, https:\/\/zakrasnejsivimperk.cz\/wp-content\/uploads\/2018\/05\/06\/dokumenty-300x198.jpg 300w, https:\/\/zakrasnejsivimperk.cz\/wp-content\/uploads\/2018\/05\/06\/dokumenty-768x507.jpg 768w, https:\/\/zakrasnejsivimperk.cz\/wp-content\/uploads\/2018\/05\/06\/dokumenty-100x65.jpg 100w, https:\/\/zakrasnejsivimperk.cz\/wp-content\/uploads\/2018\/05\/06\/dokumenty-541x357.jpg 541w, https:\/\/zakrasnejsivimperk.cz\/wp-content\/uploads\/2018\/05\/06\/dokumenty-732x483.jpg 732w\" sizes=\"(max-width: 799px) 100vw, 799px\" \/><\/p>\n<p>&nbsp;<\/p>\n<h6>Rada m\u011bsta Vimperk na sv\u00e9m zased\u00e1n\u00ed 28. \u010dervence 2025 projednala a schv\u00e1lila <em>(p\u0159in\u00e1\u0161\u00edme doslovn\u00fd p\u0159epis n\u011bkter\u00fdch usnesen\u00ed bez redak\u010dn\u00ed \u00fapravy)<\/em>:<\/h6>\n<p>&nbsp;<\/p>\n<p><strong>Usnesen\u00ed \u010d. 608<\/strong><br \/>\nRada m\u011bsta zastupuj\u00edc\u00ed m\u011bsto Vimperk bere na v\u011bdom\u00ed a souhlas\u00ed s p\u0159edlo\u017een\u00fdm n\u00e1vrhem zaslan\u00fdm spole\u010dnost\u00ed Reno \u0160umava, a. s., se s\u00eddlem Pra\u017esk\u00e1 326, Vlachovo B\u0159ez\u00ed, \u00fapln\u00e9 a \u010d\u00e1ste\u010dn\u00e9 uzav\u00edrky pro dopravu komunikace III\/14519 a stanoven\u00ed p\u0159echodn\u00e9 \u00fapravy provozu na pozemn\u00edch komunikac\u00edch v zastav\u011bn\u00e9m a spr\u00e1vn\u00edm \u00fazem\u00ed m\u011bsta Vimperk, v d\u016fsledku modernizace t\u00e9to silnice Vimperk \u2013 Boubsk\u00e1 \u2013 Bo\u0159anovice, a to ve t\u0159ech etap\u00e1ch dle stanoven\u00e9ho harmonogramu, tj. od 18.08.2025 do 14.09.2025.<\/p>\n<p>&nbsp;<\/p>\n<p><strong>Usnesen\u00ed \u010d. 629<\/strong><br \/>\nRada m\u011bsta bere na v\u011bdom\u00ed opu\u0161t\u011bn\u00ed spole\u010dn\u00e9 dom\u00e1cnosti V. K. a S. A. P. v byt\u011b \u010d. 2 v ulici K. Weise \u010dp. 396 ve Vimperku s \u00famyslem ji opustit trvale, a nesouhlas\u00ed s uzav\u0159en\u00edm n\u00e1jemn\u00ed smlouvy na syna S. A. P. jm\u00e9nem S. P. (moldavsk\u00e9 n\u00e1rodnosti). D\u00e1le rada m\u011bsta vyz\u00fdv\u00e1 n\u00e1jemce k vyklizen\u00ed a p\u0159ed\u00e1n\u00ed bytu m\u011bstu Vimperk, a to nejpozd\u011bji do 31.08.2025.<\/p>\n<p>&nbsp;<\/p>\n<p><strong>Usnesen\u00ed \u010d. 633<\/strong><br \/>\nRada m\u011bsta souhlas\u00ed s vyplacen\u00edm odm\u011bny Tom\u00e1\u0161i Ji\u0159i\u010dkovi \u0159editeli M\u011bstsk\u00e9ho kulturn\u00edho st\u0159ediska Vimperk dle p\u0159edlo\u017een\u00e9ho n\u00e1vrhu. Odm\u011bna bude vyplacena z finan\u010dn\u00edch prost\u0159edk\u016f p\u0159\u00edsp\u011bvkov\u00e9 organizace M\u011bstsk\u00e9 kulturn\u00ed st\u0159edisko Vimperk.<\/p>\n<p>&nbsp;<\/p>\n<p><strong>Usnesen\u00ed \u010d. 634<\/strong><br \/>\nRada m\u011bsta rozhodla p\u0159id\u011blit dotaci ve v\u00fd\u0161i 20.000 K\u010d TJ \u0160umavan Vimperk z. s., odd\u00edlu kopan\u00e9, na \u010d\u00e1ste\u010dnou \u00fahradu n\u00e1klad\u016f spojen\u00fdch s oslavou 100. v\u00fdro\u010d\u00ed zalo\u017een\u00ed fotbalu ve Vimperku, kter\u00e1 se uskute\u010dn\u00ed 09.08.2025 ve sportovn\u00edm are\u00e1lu Vimperk. Dotace bude poskytnuta z kapitoly rady m\u011bsta. Rada m\u011bsta po\u017eaduje p\u0159edlo\u017eit vy\u00fa\u010dtov\u00e1n\u00ed dotace do 30.11.2025.<\/p>\n<p>&nbsp;<\/p>\n<p>&nbsp;<\/p>\n<p>Zdroj: M\u011bsto Vimperk<\/p>\n<p><strong>(red) \u2013 Za kr\u00e1sn\u011bj\u0161\u00ed Vimperk<\/strong><\/p>\n<p>Ilustra\u010dn\u00ed foto: archiv (red) \u2013 Za kr\u00e1sn\u011bj\u0161\u00ed Vimperk<\/p>\n<h6><a href=\"https:\/\/www.vimperk.cz\/zapisy-ze-zasedani-rady\/ds-1128\/p1=9521\" target=\"_blank\" rel=\"noopener\">Cel\u00fd z\u00e1pis z jedn\u00e1n\u00ed<\/a><\/h6>\n<hr \/>\n<p>&nbsp;<\/p>\n","protected":false},"excerpt":{"rendered":"<p>&nbsp; Rada <\/p>\n","protected":false},"author":2,"featured_media":129874,"comment_status":"open","ping_status":"open","sticky":false,"template":"","format":"gallery","meta":{"footnotes":""},"categories":[115],"tags":[],"jetpack_featured_media_url":"https:\/\/zakrasnejsivimperk.cz\/wp-content\/uploads\/2018\/05\/06\/dokumenty.jpg","_links":{"self":[{"href":"https:\/\/zakrasnejsivimperk.cz\/index.php?rest_route=\/wp\/v2\/posts\/352580"}],"collection":[{"href":"https:\/\/zakrasnejsivimperk.cz\/index.php?rest_route=\/wp\/v2\/posts"}],"about":[{"href":"https:\/\/zakrasnejsivimperk.cz\/index.php?rest_route=\/wp\/v2\/types\/post"}],"author":[{"embeddable":true,"href":"https:\/\/zakrasnejsivimperk.cz\/index.php?rest_route=\/wp\/v2\/users\/2"}],"replies":[{"embeddable":true,"href":"https:\/\/zakrasnejsivimperk.cz\/index.php?rest_route=%2Fwp%2Fv2%2Fcomments&post=352580"}],"version-history":[{"count":1,"href":"https:\/\/zakrasnejsivimperk.cz\/index.php?rest_route=\/wp\/v2\/posts\/352580\/revisions"}],"predecessor-version":[{"id":352581,"href":"https:\/\/zakrasnejsivimperk.cz\/index.php?rest_route=\/wp\/v2\/posts\/352580\/revisions\/352581"}],"wp:featuredmedia":[{"embeddable":true,"href":"https:\/\/zakrasnejsivimperk.cz\/index.php?rest_route=\/wp\/v2\/media\/129874"}],"wp:attachment":[{"href":"https:\/\/zakrasnejsivimperk.cz\/index.php?rest_route=%2Fwp%2Fv2%2Fmedia&parent=352580"}],"wp:term":[{"taxonomy":"category","embeddable":true,"href":"https:\/\/zakrasnejsivimperk.cz\/index.php?rest_route=%2Fwp%2Fv2%2Fcategories&post=352580"},{"taxonomy":"post_tag","embeddable":true,"href":"https:\/\/zakrasnejsivimperk.cz\/index.php?rest_route=%2Fwp%2Fv2%2Ftags&post=352580"}],"curies":[{"name":"wp","href":"https:\/\/api.w.org\/{rel}","templated":true}]}}