{"id":352171,"date":"2025-07-26T18:32:42","date_gmt":"2025-07-26T17:32:42","guid":{"rendered":"https:\/\/zakrasnejsivimperk.cz\/?p=352171"},"modified":"2025-07-26T18:32:42","modified_gmt":"2025-07-26T17:32:42","slug":"sumava-pozvanka-do-kasperskych-hor-6","status":"publish","type":"post","link":"https:\/\/zakrasnejsivimperk.cz\/?p=352171","title":{"rendered":"\u0160UMAVA: Pozv\u00e1nka do Ka\u0161persk\u00fdch Hor"},"content":{"rendered":"<p><img loading=\"lazy\" decoding=\"async\" class=\"aligncenter wp-image-352172 size-full\" src=\"https:\/\/zakrasnejsivimperk.cz\/wp-content\/uploads\/2025\/07\/25\/plakat-kasperky-0108.jpg\" alt=\"\" width=\"773\" height=\"1100\" srcset=\"https:\/\/zakrasnejsivimperk.cz\/wp-content\/uploads\/2025\/07\/25\/plakat-kasperky-0108.jpg 773w, https:\/\/zakrasnejsivimperk.cz\/wp-content\/uploads\/2025\/07\/25\/plakat-kasperky-0108-211x300.jpg 211w, https:\/\/zakrasnejsivimperk.cz\/wp-content\/uploads\/2025\/07\/25\/plakat-kasperky-0108-720x1024.jpg 720w, https:\/\/zakrasnejsivimperk.cz\/wp-content\/uploads\/2025\/07\/25\/plakat-kasperky-0108-768x1093.jpg 768w, https:\/\/zakrasnejsivimperk.cz\/wp-content\/uploads\/2025\/07\/25\/plakat-kasperky-0108-251x357.jpg 251w, https:\/\/zakrasnejsivimperk.cz\/wp-content\/uploads\/2025\/07\/25\/plakat-kasperky-0108-339x483.jpg 339w\" sizes=\"(max-width: 773px) 100vw, 773px\" \/><\/p>\n<hr \/>\n<p>&nbsp;<\/p>\n","protected":false},"excerpt":{"rendered":"<p>&nbsp;<\/p>\n","protected":false},"author":2,"featured_media":352173,"comment_status":"open","ping_status":"open","sticky":false,"template":"","format":"gallery","meta":{"footnotes":""},"categories":[70],"tags":[],"jetpack_featured_media_url":"https:\/\/zakrasnejsivimperk.cz\/wp-content\/uploads\/2025\/07\/25\/ram-kasperky-xxx.jpg","_links":{"self":[{"href":"https:\/\/zakrasnejsivimperk.cz\/index.php?rest_route=\/wp\/v2\/posts\/352171"}],"collection":[{"href":"https:\/\/zakrasnejsivimperk.cz\/index.php?rest_route=\/wp\/v2\/posts"}],"about":[{"href":"https:\/\/zakrasnejsivimperk.cz\/index.php?rest_route=\/wp\/v2\/types\/post"}],"author":[{"embeddable":true,"href":"https:\/\/zakrasnejsivimperk.cz\/index.php?rest_route=\/wp\/v2\/users\/2"}],"replies":[{"embeddable":true,"href":"https:\/\/zakrasnejsivimperk.cz\/index.php?rest_route=%2Fwp%2Fv2%2Fcomments&post=352171"}],"version-history":[{"count":1,"href":"https:\/\/zakrasnejsivimperk.cz\/index.php?rest_route=\/wp\/v2\/posts\/352171\/revisions"}],"predecessor-version":[{"id":352174,"href":"https:\/\/zakrasnejsivimperk.cz\/index.php?rest_route=\/wp\/v2\/posts\/352171\/revisions\/352174"}],"wp:featuredmedia":[{"embeddable":true,"href":"https:\/\/zakrasnejsivimperk.cz\/index.php?rest_route=\/wp\/v2\/media\/352173"}],"wp:attachment":[{"href":"https:\/\/zakrasnejsivimperk.cz\/index.php?rest_route=%2Fwp%2Fv2%2Fmedia&parent=352171"}],"wp:term":[{"taxonomy":"category","embeddable":true,"href":"https:\/\/zakrasnejsivimperk.cz\/index.php?rest_route=%2Fwp%2Fv2%2Fcategories&post=352171"},{"taxonomy":"post_tag","embeddable":true,"href":"https:\/\/zakrasnejsivimperk.cz\/index.php?rest_route=%2Fwp%2Fv2%2Ftags&post=352171"}],"curies":[{"name":"wp","href":"https:\/\/api.w.org\/{rel}","templated":true}]}}