{"id":351910,"date":"2025-07-22T21:21:48","date_gmt":"2025-07-22T20:21:48","guid":{"rendered":"https:\/\/zakrasnejsivimperk.cz\/?p=351910"},"modified":"2025-07-23T13:27:08","modified_gmt":"2025-07-23T12:27:08","slug":"sumava-v-parciku-ve-stachach-uz-rostou","status":"publish","type":"post","link":"https:\/\/zakrasnejsivimperk.cz\/?p=351910","title":{"rendered":"\u0160UMAVA: V par\u010d\u00edku ve Stach\u00e1ch u\u017e rostou"},"content":{"rendered":"<figure id=\"attachment_351914\" aria-describedby=\"caption-attachment-351914\" style=\"width: 1100px\" class=\"wp-caption aligncenter\"><img loading=\"lazy\" decoding=\"async\" class=\"wp-image-351914 size-full\" src=\"https:\/\/zakrasnejsivimperk.cz\/wp-content\/uploads\/2025\/07\/22\/stachy-hriby-25.jpg\" alt=\"\" width=\"1100\" height=\"708\" srcset=\"https:\/\/zakrasnejsivimperk.cz\/wp-content\/uploads\/2025\/07\/22\/stachy-hriby-25.jpg 1100w, https:\/\/zakrasnejsivimperk.cz\/wp-content\/uploads\/2025\/07\/22\/stachy-hriby-25-300x193.jpg 300w, https:\/\/zakrasnejsivimperk.cz\/wp-content\/uploads\/2025\/07\/22\/stachy-hriby-25-1024x659.jpg 1024w, https:\/\/zakrasnejsivimperk.cz\/wp-content\/uploads\/2025\/07\/22\/stachy-hriby-25-768x494.jpg 768w, https:\/\/zakrasnejsivimperk.cz\/wp-content\/uploads\/2025\/07\/22\/stachy-hriby-25-100x65.jpg 100w, https:\/\/zakrasnejsivimperk.cz\/wp-content\/uploads\/2025\/07\/22\/stachy-hriby-25-555x357.jpg 555w, https:\/\/zakrasnejsivimperk.cz\/wp-content\/uploads\/2025\/07\/22\/stachy-hriby-25-750x483.jpg 750w\" sizes=\"(max-width: 1100px) 100vw, 1100px\" \/><figcaption id=\"caption-attachment-351914\" class=\"wp-caption-text\">Foto: Facebook &#8211; Obec Stachy<\/figcaption><\/figure>\n<p>&nbsp;<\/p>\n<h3>H\u0159ibov\u00e1 rezervace Stachy<\/h3>\n<div class=\"content-text annotation sx-align-left\"><strong>Na n\u00e1m\u011bst\u00ed ve Stach\u00e1ch<\/strong>, na tr\u00e1vn\u00edku u\u00a0kostela se nach\u00e1z\u00ed chr\u00e1n\u011bn\u00e1 lokalita h\u0159ibovit\u00fdch hub.<br \/>\n<strong><br \/>\nHouby<\/strong>\u00a0jsou obc\u00ed chr\u00e1n\u011bny, to znamen\u00e1\u00a0<strong>nen\u00ed mo\u017en\u00e9 je sb\u00edrat<\/strong>.\u00a0<strong>Plodnice jsou pe\u010dliv\u011b ozna\u010deny a\u00a0\u010d\u00edslov\u00e1ny.<\/strong>Houbyza\u010daly na n\u00e1m\u011bst\u00ed r\u016fst na m\u00edst\u011b b\u00fdval\u00e9 benz\u00ednov\u00e9 pumpy, pot\u00e9 co byla do prostoru navezena\u00a0 nov\u00e1 zemina v\u00a0roce 1961. Pravd\u011bpodobn\u011b se se zeminou dostalo na n\u00e1m\u011bst\u00ed i\u00a0podhoub\u00ed, kter\u00e9mu se v\u00a0klimatu \u0161umavsk\u00e9 obce da\u0159\u00ed i\u00a0ve m\u011bst\u011b.<\/div>\n<p><strong>D\u00e1le se traduje<\/strong>, \u017ee zam\u011bstnanec b\u00fdval\u00e9 pumpy b\u00fdval v\u00e1\u0161niv\u00fdm houba\u0159em a\u00a0plodnice p\u0159inesen\u00e9 z\u00a0lesa si u\u00a0pumpy \u010distil.<\/p>\n<p>Po roce 1961 se objevily\u00a0<strong>h\u0159iby smrkov\u00e9<\/strong>, pozd\u011bji je nahradil<strong>\u00a0h\u0159ib kolod\u011bj<\/strong>, p\u0159i\u010dem\u017e h\u0159ib smrkov\u00fd se op\u011bt vyskytl roku\u00a02012. Krom h\u0159ibovit\u00fdch hub se objevuj\u00ed i\u00a0<strong>li\u0161ky\u00a0<\/strong>a\u00a0<strong>holubinky<\/strong>.\u00a0Nejv\u011bt\u0161\u00ed \u00faroda, celkem 246 kus\u016f h\u0159ib\u016f, byla zaznamen\u00e1na v\u00a0roce 1984.<\/p>\n<p><a href=\"https:\/\/www.stachy.net\/stachy\/default.asp\" target=\"_blank\" rel=\"noopener\"><strong>OBEC STACHY<\/strong><\/a><\/p>\n<hr \/>\n<p>&nbsp;<\/p>\n<h6>Informovali jsme:<\/h6>\n<h4 class=\"entry-title\"><a href=\"https:\/\/zakrasnejsivimperk.cz\/?p=225667\" target=\"_blank\" rel=\"noopener\">STAR\u00c1 \u0160UMAVA: O sta\u0161sk\u00e9 houbov\u00e9 rarit\u011b<\/a><\/h4>\n<h4 class=\"entry-title\"><a href=\"https:\/\/zakrasnejsivimperk.cz\/?p=194097\" target=\"_blank\" rel=\"noopener\">STACHY: M\u00edstn\u00ed h\u0159ibov\u00e1 rezervace op\u011bt o\u017eila<\/a><\/h4>\n<h4 class=\"entry-title\"><a href=\"https:\/\/zakrasnejsivimperk.cz\/?p=63638\" target=\"_blank\" rel=\"noopener\">STACHY: Letos na sebe nedaly dlouho \u010dekat. V par\u010d\u00edku na n\u00e1m\u011bst\u00ed u\u017e vyrostly prvn\u00ed h\u0159iby kolod\u011bje<\/a><\/h4>\n<hr \/>\n<p>&nbsp;<\/p>\n","protected":false},"excerpt":{"rendered":"<p>&nbsp; H\u0159ibov\u00e1 <\/p>\n","protected":false},"author":2,"featured_media":351915,"comment_status":"open","ping_status":"open","sticky":false,"template":"","format":"gallery","meta":{"footnotes":""},"categories":[71],"tags":[],"jetpack_featured_media_url":"https:\/\/zakrasnejsivimperk.cz\/wp-content\/uploads\/2025\/07\/22\/ram-ve-stachach.jpg","_links":{"self":[{"href":"https:\/\/zakrasnejsivimperk.cz\/index.php?rest_route=\/wp\/v2\/posts\/351910"}],"collection":[{"href":"https:\/\/zakrasnejsivimperk.cz\/index.php?rest_route=\/wp\/v2\/posts"}],"about":[{"href":"https:\/\/zakrasnejsivimperk.cz\/index.php?rest_route=\/wp\/v2\/types\/post"}],"author":[{"embeddable":true,"href":"https:\/\/zakrasnejsivimperk.cz\/index.php?rest_route=\/wp\/v2\/users\/2"}],"replies":[{"embeddable":true,"href":"https:\/\/zakrasnejsivimperk.cz\/index.php?rest_route=%2Fwp%2Fv2%2Fcomments&post=351910"}],"version-history":[{"count":1,"href":"https:\/\/zakrasnejsivimperk.cz\/index.php?rest_route=\/wp\/v2\/posts\/351910\/revisions"}],"predecessor-version":[{"id":351916,"href":"https:\/\/zakrasnejsivimperk.cz\/index.php?rest_route=\/wp\/v2\/posts\/351910\/revisions\/351916"}],"wp:featuredmedia":[{"embeddable":true,"href":"https:\/\/zakrasnejsivimperk.cz\/index.php?rest_route=\/wp\/v2\/media\/351915"}],"wp:attachment":[{"href":"https:\/\/zakrasnejsivimperk.cz\/index.php?rest_route=%2Fwp%2Fv2%2Fmedia&parent=351910"}],"wp:term":[{"taxonomy":"category","embeddable":true,"href":"https:\/\/zakrasnejsivimperk.cz\/index.php?rest_route=%2Fwp%2Fv2%2Fcategories&post=351910"},{"taxonomy":"post_tag","embeddable":true,"href":"https:\/\/zakrasnejsivimperk.cz\/index.php?rest_route=%2Fwp%2Fv2%2Ftags&post=351910"}],"curies":[{"name":"wp","href":"https:\/\/api.w.org\/{rel}","templated":true}]}}