{"id":351340,"date":"2025-07-16T15:17:23","date_gmt":"2025-07-16T14:17:23","guid":{"rendered":"https:\/\/zakrasnejsivimperk.cz\/?p=351340"},"modified":"2025-07-16T15:18:10","modified_gmt":"2025-07-16T14:18:10","slug":"nase-mesto-vimperk-zapis-ze-zasedani-mestske-rady-konane-14-cervence-25","status":"publish","type":"post","link":"https:\/\/zakrasnejsivimperk.cz\/?p=351340","title":{"rendered":"NA\u0160E M\u011aSTO VIMPERK: Z\u00e1pis ze zased\u00e1n\u00ed m\u011bstsk\u00e9 rady konan\u00e9 14. \u010dervence"},"content":{"rendered":"<p><img loading=\"lazy\" decoding=\"async\" class=\"aligncenter wp-image-129874 size-full\" src=\"https:\/\/zakrasnejsivimperk.cz\/wp-content\/uploads\/2018\/05\/06\/dokumenty.jpg\" alt=\"\" width=\"799\" height=\"527\" srcset=\"https:\/\/zakrasnejsivimperk.cz\/wp-content\/uploads\/2018\/05\/06\/dokumenty.jpg 799w, https:\/\/zakrasnejsivimperk.cz\/wp-content\/uploads\/2018\/05\/06\/dokumenty-300x198.jpg 300w, https:\/\/zakrasnejsivimperk.cz\/wp-content\/uploads\/2018\/05\/06\/dokumenty-768x507.jpg 768w, https:\/\/zakrasnejsivimperk.cz\/wp-content\/uploads\/2018\/05\/06\/dokumenty-100x65.jpg 100w, https:\/\/zakrasnejsivimperk.cz\/wp-content\/uploads\/2018\/05\/06\/dokumenty-541x357.jpg 541w, https:\/\/zakrasnejsivimperk.cz\/wp-content\/uploads\/2018\/05\/06\/dokumenty-732x483.jpg 732w\" sizes=\"(max-width: 799px) 100vw, 799px\" \/><\/p>\n<p>&nbsp;<\/p>\n<h6>Rada m\u011bsta Vimperk na sv\u00e9m zased\u00e1n\u00ed 14. \u010dervence 2025 projednala a schv\u00e1lila <em>(p\u0159in\u00e1\u0161\u00edme doslovn\u00fd p\u0159epis n\u011bkter\u00fdch usnesen\u00ed bez redak\u010dn\u00ed \u00fapravy)<\/em>:<\/h6>\n<p>&nbsp;<\/p>\n<p><strong>Usnesen\u00ed \u010d. 580<\/strong><br \/>\nRada m\u011bsta bere na v\u011bdom\u00ed kon\u00e1n\u00ed z\u00e1vod\u016f v orienta\u010dn\u00edm b\u011bhu po\u0159\u00e1dan\u00fdch Ski klubem \u0160umava Vimperk, z. s. 23. \u2013 24. \u010dervence v okol\u00ed \u0160eravy a Kubovy Huti.<\/p>\n<p><strong>Usnesen\u00ed \u010d. 582<\/strong><br \/>\nRada m\u011bsta rozhodla uzav\u0159\u00edt smlouvu o zaji\u0161t\u011bn\u00ed um\u011bleck\u00e9ho v\u00fdkonu mezi m\u011bstem Vimperk a Josefem Kudrnou, I\u010c 766 76 781 dle p\u0159edlo\u017een\u00e9ho n\u00e1vrhu.<\/p>\n<p>&nbsp;<\/p>\n<p><strong>Usnesen\u00ed \u010d. 583<\/strong><br \/>\nRada m\u011bsta rozhodla uzav\u0159\u00edt smlouvu o spolupr\u00e1ci mezi m\u011bstem Vimperk a spole\u010dnost\u00ed NaturVision Ludwigsburg dle p\u0159edlo\u017een\u00e9ho n\u00e1vrhu.<\/p>\n<p>&nbsp;<\/p>\n<p><strong>Usnesen\u00ed \u010d. 584<\/strong><br \/>\nRada m\u011bsta rozhodla poskytnout dotaci ve v\u00fd\u0161i 40.000 K\u010d z rozpo\u010dtu m\u011bsta Vimperk Spole\u010denstv\u00ed vlastn\u00edk\u016f jednotek Pivovarsk\u00e1 102, Vimperk, I\u010c 028 95 994, se s\u00eddlem Pivovarsk\u00e1 102, 385 01 Vimperk, vlastn\u00edk\u016fm domu \u010dp. 102, pozemek parc. \u010d. 383, v ulici Pivovarsk\u00e1 ve Vimperku. Dotace je poskytnuta na \u010d\u00e1ste\u010dnou \u00fahradu n\u00e1klad\u016f spojen\u00fdch s opravou ji\u017en\u00ed fas\u00e1dy na dom\u011b \u010dp. 102 v ulici Pivovarsk\u00e1 ve Vimperku. Dotace bude poskytnuta z rozpo\u010dtu odboru \u0161kolstv\u00ed, kultury a cestovn\u00edho ruchu. \u017dadatel p\u0159edlo\u017e\u00ed z\u00e1v\u011bre\u010dn\u00e9 vy\u00fa\u010dtov\u00e1n\u00ed nejpozd\u011bji do 30.11.2025.<\/p>\n<p>&nbsp;<\/p>\n<p><strong>Usnesen\u00ed \u010d. 590<\/strong><br \/>\nRada m\u011bsta rozhodla zve\u0159ejnit z\u00e1m\u011br vyp\u016fj\u010dit prostory v \u010dp. 199 v ulici Nad Stadionem \u010d. 307 v 1. PP &#8211; v bloku E (m\u00edstnost 002) o celkov\u00e9 v\u00fdm\u011b\u0159e 3,50 m2, zapsan\u00e9mu spolku TJ \u0160umavan Vimperk za \u00fa\u010delem z\u0159\u00edzen\u00ed archivu spolku. Zp\u016fsobilost p\u0159edm\u011btu za \u00fa\u010delem v\u00fdp\u016fj\u010dky si zajist\u00ed vyp\u016fj\u010ditel.<\/p>\n<p>&nbsp;<\/p>\n<p><strong>Usnesen\u00ed \u010d. 591<\/strong><br \/>\nRada m\u011bsta rozhodla pronajmout K. N., bytem 1. m\u00e1je 217, Vimperk \u010d\u00e1st pozemku zapsan\u00e9ho u Katastr\u00e1ln\u00edho \u00fa\u0159adu pro Jiho\u010desk\u00fd kraj, Katastr\u00e1ln\u00edho pracovi\u0161t\u011b Prachatice, v katastru nemovitost\u00ed pro obec a katastr\u00e1ln\u00edm \u00fazem\u00ed Vimperk, na LV \u010d. 10001 pro m\u011bsto Vimperk, ozna\u010den\u00e9ho jako parcela katastru nemovitost\u00ed parc. \u010d. 779\/4 \u2013 ostatn\u00ed plocha, ostatn\u00ed komunikace o v\u00fdm\u011b\u0159e 18 m2, za \u00fa\u010delem um\u00edst\u011bn\u00ed plechov\u00e9 gar\u00e1\u017ee. N\u00e1jemn\u00ed smlouva bude uzav\u0159ena od 15.07.2025 na dobu neur\u010ditou s t\u0159\u00edm\u011bs\u00ed\u010dn\u00ed v\u00fdpov\u011bdn\u00ed lh\u016ftou. N\u00e1jemn\u00e9 bude ve v\u00fd\u0161i 18 K\u010d\/m2\/rok.<\/p>\n<p>&nbsp;<\/p>\n<p><strong>Usnesen\u00ed \u010d. 598<\/strong><br \/>\nRada m\u011bsta zastupuj\u00edc\u00ed m\u011bsto Vimperk jako vlastn\u00edka pozemku parc. \u010d. 976\/4 \u2013 ostatn\u00ed plocha, ostatn\u00ed komunikace v katastr\u00e1ln\u00edm \u00fazem\u00ed Vimperk v ulici Nadra\u017en\u00ed na n\u00ed\u017e se\u00a0 nach\u00e1z\u00ed ve\u0159ejn\u00e1 \u00fa\u010delov\u00e1 komunikce m\u011bsta Vimperk souhlas\u00ed se zvl\u00e1\u0161tn\u00edm u\u017e\u00edv\u00e1n\u00edm t\u00e9to komunikace a p\u0159echodnou \u00fapravou provozu na t\u00e9to pozemn\u00ed komunikaci, spo\u010d\u00edvaj\u00edc\u00ed v do\u010dasn\u00e9m z\u00e1kazu zastaven\u00ed motorov\u00fdmi vozidly po dobu pl\u00e1novan\u00e9 rekonstrukce autobusov\u00e9ho n\u00e1dra\u017e\u00ed Vimperk, obdob\u00ed od 01.08.2025 do 01.12.2025, z d\u016fvodu vyu\u017eit\u00ed dan\u00e9 \u010d\u00e1sti komunikace pro pravideln\u00e9 z\u00e1sobov\u00e1n\u00ed p\u0159il\u00e9haj\u00edc\u00ed prodejny Penny Market Vimperk na pozemku parc. \u010d. 976\/5 v katastr\u00e1ln\u00edm \u00fazem\u00ed Vimperk. Souhlas je vyd\u00e1v\u00e1n spole\u010dnosti Penny Market s. r. o., I\u010c 649 45 880, Po\u010dernick\u00e1 257, Radonice.<\/p>\n<p>&nbsp;<\/p>\n<p><strong>Usnesen\u00ed \u010d. 605<\/strong><br \/>\nRada m\u011bsta rozhodla p\u0159id\u011blit dotaci ve v\u00fd\u0161i 10.000 K\u010d Ski klubu \u0160umava Vimperk z. s. 1. m\u00e1je 182\/16, Vimperk na po\u0159\u00e1d\u00e1n\u00ed 28. \u0160umavsk\u00e9ho MTB maratonu 26.07.2025 na Zadov\u011b. Dotace bude poskytnuta z kapitoly rady m\u011bsta. Rada m\u011bsta po\u017eaduje p\u0159edlo\u017eit vy\u00fa\u010dtov\u00e1n\u00ed dotace do 30.09.2025.<\/p>\n<p>&nbsp;<\/p>\n<p><strong>Usnesen\u00ed \u010d. 606<\/strong><br \/>\nRada m\u011bsta rozhodla p\u0159id\u011blit dotaci ve v\u00fd\u0161i 6.000 K\u010d Veronice Spiegelov\u00e9, na \u010d\u00e1ste\u010dnou \u00fahradu n\u00e1klad\u016f spojen\u00fdch s po\u0159\u00e1d\u00e1n\u00edm v\u00e1no\u010dn\u00edho benefi\u010dn\u00edho koncertu kapely Naboso a host\u016f dne 01.12.2025 v M\u011bKS Vimperk. Dotace bude poskytnuta z kapitoly rady m\u011bsta. Rada m\u011bsta po\u017eaduje p\u0159edlo\u017eit vy\u00fa\u010dtov\u00e1n\u00ed dotace do 31.12.2025.<\/p>\n<p>&nbsp;<\/p>\n<p>&nbsp;<\/p>\n<p>Zdroj: M\u011bsto Vimperk<\/p>\n<p><strong>(red) \u2013 Za kr\u00e1sn\u011bj\u0161\u00ed Vimperk<\/strong><\/p>\n<p>Ilustra\u010dn\u00ed foto: archiv (red) \u2013 Za kr\u00e1sn\u011bj\u0161\u00ed Vimperk<\/p>\n<h6><a href=\"https:\/\/www.vimperk.cz\/zapisy-ze-zasedani-rady\/ds-1128\/p1=9521\" target=\"_blank\" rel=\"noopener\">Cel\u00fd z\u00e1pis z jedn\u00e1n\u00ed<\/a><\/h6>\n<hr \/>\n<p>&nbsp;<\/p>\n","protected":false},"excerpt":{"rendered":"<p>&nbsp; Rada <\/p>\n","protected":false},"author":2,"featured_media":100721,"comment_status":"open","ping_status":"open","sticky":false,"template":"","format":"gallery","meta":{"footnotes":""},"categories":[115],"tags":[],"jetpack_featured_media_url":"https:\/\/zakrasnejsivimperk.cz\/wp-content\/uploads\/2017\/06\/15\/dokumenty-2.jpg","_links":{"self":[{"href":"https:\/\/zakrasnejsivimperk.cz\/index.php?rest_route=\/wp\/v2\/posts\/351340"}],"collection":[{"href":"https:\/\/zakrasnejsivimperk.cz\/index.php?rest_route=\/wp\/v2\/posts"}],"about":[{"href":"https:\/\/zakrasnejsivimperk.cz\/index.php?rest_route=\/wp\/v2\/types\/post"}],"author":[{"embeddable":true,"href":"https:\/\/zakrasnejsivimperk.cz\/index.php?rest_route=\/wp\/v2\/users\/2"}],"replies":[{"embeddable":true,"href":"https:\/\/zakrasnejsivimperk.cz\/index.php?rest_route=%2Fwp%2Fv2%2Fcomments&post=351340"}],"version-history":[{"count":2,"href":"https:\/\/zakrasnejsivimperk.cz\/index.php?rest_route=\/wp\/v2\/posts\/351340\/revisions"}],"predecessor-version":[{"id":351342,"href":"https:\/\/zakrasnejsivimperk.cz\/index.php?rest_route=\/wp\/v2\/posts\/351340\/revisions\/351342"}],"wp:featuredmedia":[{"embeddable":true,"href":"https:\/\/zakrasnejsivimperk.cz\/index.php?rest_route=\/wp\/v2\/media\/100721"}],"wp:attachment":[{"href":"https:\/\/zakrasnejsivimperk.cz\/index.php?rest_route=%2Fwp%2Fv2%2Fmedia&parent=351340"}],"wp:term":[{"taxonomy":"category","embeddable":true,"href":"https:\/\/zakrasnejsivimperk.cz\/index.php?rest_route=%2Fwp%2Fv2%2Fcategories&post=351340"},{"taxonomy":"post_tag","embeddable":true,"href":"https:\/\/zakrasnejsivimperk.cz\/index.php?rest_route=%2Fwp%2Fv2%2Ftags&post=351340"}],"curies":[{"name":"wp","href":"https:\/\/api.w.org\/{rel}","templated":true}]}}