{"id":350494,"date":"2025-07-12T20:30:43","date_gmt":"2025-07-12T19:30:43","guid":{"rendered":"https:\/\/zakrasnejsivimperk.cz\/?p=350494"},"modified":"2025-07-12T20:31:20","modified_gmt":"2025-07-12T19:31:20","slug":"jizni-cechy-strakonice-vyrazne-navysily-podporu-zachranne-stanici-zivocichu-v-makove","status":"publish","type":"post","link":"https:\/\/zakrasnejsivimperk.cz\/?p=350494","title":{"rendered":"JI\u017dN\u00cd \u010cECHY: Strakonice v\u00fdrazn\u011b nav\u00fd\u0161ily podporu z\u00e1chrann\u00e9 stanici \u017eivo\u010dich\u016f"},"content":{"rendered":"<h6>Z\u00e1chrann\u00e1 stanice \u017eivo\u010dich\u016f v Makov\u011b je m\u00edstem, kde se p\u0159\u00edroda do\u010dk\u00e1v\u00e1 skute\u010dn\u00e9 pomoci. Ji\u017e od roku 1993, kdy ji zalo\u017eil \u010cesk\u00fd svaz ochr\u00e1nc\u016f p\u0159\u00edrody, zde nach\u00e1zej\u00ed \u00fato\u010di\u0161t\u011b stovky zran\u011bn\u00fdch, nemocn\u00fdch \u010di jinak handicapovan\u00fdch voln\u011b \u017eij\u00edc\u00edch \u017eivo\u010dich\u016f.<\/h6>\n<p><img loading=\"lazy\" decoding=\"async\" class=\"alignright wp-image-350497 size-full\" src=\"https:\/\/zakrasnejsivimperk.cz\/wp-content\/uploads\/2025\/07\/04\/zachranna-stanice-makov.jpg\" alt=\"\" width=\"607\" height=\"911\" srcset=\"https:\/\/zakrasnejsivimperk.cz\/wp-content\/uploads\/2025\/07\/04\/zachranna-stanice-makov.jpg 607w, https:\/\/zakrasnejsivimperk.cz\/wp-content\/uploads\/2025\/07\/04\/zachranna-stanice-makov-200x300.jpg 200w, https:\/\/zakrasnejsivimperk.cz\/wp-content\/uploads\/2025\/07\/04\/zachranna-stanice-makov-238x357.jpg 238w, https:\/\/zakrasnejsivimperk.cz\/wp-content\/uploads\/2025\/07\/04\/zachranna-stanice-makov-322x483.jpg 322w\" sizes=\"(max-width: 607px) 100vw, 607px\" \/>Stanice m\u00e1 p\u016fsobnost pro \u0161irok\u00fd region \u2013 od Blatn\u00e9 p\u0159es Milevsko, Strakonice, P\u00edsek a\u017e po Vod\u0148any \u2013 a jej\u00ed pr\u00e1ce je nejen odborn\u00e1, ale i hluboce lidsk\u00e1. Pr\u00e1v\u011b sem m\u00ed\u0159\u00ed tak\u00e9 zv\u00ed\u0159ata, kter\u00e1 odchytila m\u011bstsk\u00e1 policie ve Strakonic\u00edch, a\u0165 u\u017e jde o opu\u0161t\u011bn\u00e1 ml\u00e1\u010fata nebo zran\u011bn\u00e9 jedince. Z\u00e1chrann\u00e1 stanice jim poskytuje ve\u0161ker\u00e9 pot\u0159ebn\u00e9 o\u0161et\u0159en\u00ed, l\u00e9\u010den\u00ed a \u2013 pokud je to mo\u017en\u00e9 \u2013 p\u0159ipravuje je k n\u00e1vratu do voln\u00e9 p\u0159\u00edrody.<\/p>\n<p>P\u0159i ned\u00e1vn\u00e9 n\u00e1v\u0161t\u011bv\u011b t\u00e9to stanice, kterou osobn\u011b absolvoval m\u00edstostarosta m\u011bsta Strakonice Jaroslav Horej\u0161, byla podeps\u00e1na smlouva o nav\u00fd\u0161en\u00ed finan\u010dn\u00ed podpory m\u011bsta z p\u016fvodn\u00edch 100 000 na 250 000 korun ro\u010dn\u011b. D\u016fvodem tohoto kroku je nejen intenzivn\u00ed spolupr\u00e1ce m\u011bstsk\u00e9 policie s Makovem, ale p\u0159edev\u0161\u00edm uzn\u00e1n\u00ed z\u00e1sadn\u00edho v\u00fdznamu pr\u00e1ce, kterou zde stanice pod veden\u00edm Libora \u0160ejny odv\u00e1d\u00ed.<\/p>\n<p><em>\u201eTo, co se v Makov\u011b d\u011bje, je slu\u017eba nejen zv\u00ed\u0159at\u016fm, ale i lidem \u2013 zejm\u00e9na d\u011btem. D\u00edky ekocentru a environment\u00e1ln\u00ed v\u00fdchov\u011b, kterou zde Libor \u0160ejna se sv\u00fdm t\u00fdmem organizuje, vyr\u016fstaj\u00ed nov\u00e9 generace s \u00factou k p\u0159\u00edrod\u011b. A to je hodnota, kterou nelze vy\u010d\u00edslit,\u201c<\/em> \u0159ekl m\u00edstostarosta Horej\u0161.<\/p>\n<p>Are\u00e1l stanice \u010d\u00edt\u00e1 35 voli\u00e9r a rozkl\u00e1d\u00e1 se na plo\u0161e 4000 m\u00b2. Krom\u011b p\u0159\u00edm\u00e9 p\u00e9\u010de o \u017eivo\u010dichy je Makov tak\u00e9 aktivn\u00edm centrem environment\u00e1ln\u00edho vzd\u011bl\u00e1v\u00e1n\u00ed \u2013 ro\u010dn\u011b jej nav\u0161t\u00edv\u00ed des\u00edtky tis\u00edc lid\u00ed, p\u0159ev\u00e1\u017en\u011b ze \u0161kol a z\u00e1jmov\u00fdch skupin.<\/p>\n<p>Libor \u0160ejna, kter\u00fd n\u00e1v\u0161t\u011bvu m\u011bsta osobn\u011b prov\u00e1zel, je nejen odborn\u00edkem s dlouholetou zku\u0161enost\u00ed, ale tak\u00e9 \u010dlov\u011bkem s mimo\u0159\u00e1dn\u00fdm z\u00e1palem pro p\u0159\u00edrodu. Pod jeho veden\u00edm se Makov stal vzorem pro podobn\u00e1 za\u0159\u00edzen\u00ed v cel\u00e9 republice. M\u011bsto Strakonice si uv\u011bdomuje, \u017ee podpora podobn\u00fdch projekt\u016f je nejen investic\u00ed do p\u0159\u00edrody, ale i do hodnot, kter\u00e9 formuj\u00ed spole\u010dnost. Nav\u00fd\u0161en\u00edm finan\u010dn\u00ed podpory vys\u00edl\u00e1 jasn\u00fd sign\u00e1l: environment\u00e1ln\u00ed my\u0161lenky a ochrana p\u0159\u00edrody jsou pro n\u00e1s prioritou.<\/p>\n<p>&nbsp;<\/p>\n<p><strong>Text a foto: Mark\u00e9ta BU\u010cOKOV\u00c1,\u00a0 M\u011bsto Strakonice<\/strong><\/p>\n<hr \/>\n<p>&nbsp;<\/p>\n<h4>Jin\u00e9 zpr\u00e1vy ze Strakonic:<\/h4>\n<h6 class=\"entry-title\"><a href=\"https:\/\/zakrasnejsivimperk.cz\/?p=347030\" target=\"_blank\" rel=\"noopener\">JI\u017dN\u00cd \u010cECHY: Strakonice zahajuj\u00ed p\u0159estavbu z\u00e1padn\u00ed \u010d\u00e1sti Velk\u00e9ho n\u00e1m\u011bst\u00ed<\/a><\/h6>\n<h6 class=\"entry-title\"><a href=\"https:\/\/zakrasnejsivimperk.cz\/?p=340841\" target=\"_blank\" rel=\"noopener\">JI\u017dN\u00cd \u010cECHY: Cyklostezka Strakonice \u2013 Pracejovice se bl\u00ed\u017e\u00ed k realizaci, bude i l\u00e1vka<\/a><\/h6>\n<h6 class=\"entry-title\"><a href=\"https:\/\/zakrasnejsivimperk.cz\/?p=340572\" target=\"_blank\" rel=\"noopener\">JI\u017dN\u00cd \u010cECHY: Strakonice chystaj\u00ed p\u0159estavbu z\u00e1padn\u00ed \u010d\u00e1sti Velk\u00e9ho n\u00e1m\u011bst\u00ed<\/a><\/h6>\n<h6 class=\"entry-title\"><a href=\"https:\/\/zakrasnejsivimperk.cz\/?p=338037\" target=\"_blank\" rel=\"noopener\">JI\u017dN\u00cd \u010cECHY: Strakonice zah\u00e1jily v\u00fdstavbu dal\u0161\u00edch polozapu\u0161t\u011bn\u00fdch st\u00e1n\u00ed pro kontejnery na odpad<\/a><\/h6>\n<h6 class=\"entry-title\"><a href=\"https:\/\/zakrasnejsivimperk.cz\/?p=336710\" target=\"_blank\" rel=\"noopener\">JI\u017dN\u00cd \u010cECHY: Strakonick\u00e1 nemocnice m\u00e1 d\u011btskou obezitologickou ambulanci<\/a><\/h6>\n<h6 class=\"entry-title\"><a href=\"https:\/\/zakrasnejsivimperk.cz\/?p=335551\" target=\"_blank\" rel=\"noopener\">JI\u017dN\u00cd \u010cECHY: Nov\u00e1 po\u017e\u00e1rn\u00ed zbrojnice: Lep\u0161\u00ed z\u00e1zem\u00ed pro hasi\u010de a rychlej\u0161\u00ed v\u00fdjezdy<\/a><\/h6>\n<h6 class=\"entry-title\"><a href=\"https:\/\/zakrasnejsivimperk.cz\/?p=335054\" target=\"_blank\" rel=\"noopener\">JI\u017dN\u00cd \u010cECHY: Oprava d\u0159ev\u011bn\u00fdch v\u00fdpln\u00ed l\u00e1vky odhalila zaj\u00edmav\u00e9 detaily<\/a><\/h6>\n<h6 class=\"entry-title\"><a href=\"https:\/\/zakrasnejsivimperk.cz\/?p=334391\" target=\"_blank\" rel=\"noopener\">JI\u017dN\u00cd \u010cECHY: M\u011bsto pln\u00ed sv\u00e9 sliby: Chodn\u00edk v ulici Radomy\u0161lsk\u00e1 se prodlu\u017euje<\/a><\/h6>\n<h6 class=\"entry-title\"><a href=\"https:\/\/zakrasnejsivimperk.cz\/?p=334525\" target=\"_blank\" rel=\"noopener\">JI\u017dN\u00cd \u010cECHY: Nemocnice nov\u011b nab\u00edz\u00ed screeningov\u00e9 vy\u0161et\u0159en\u00ed v\u00fddut\u011b b\u0159i\u0161n\u00ed aorty<\/a><\/h6>\n<h6 class=\"entry-title\"><a href=\"https:\/\/zakrasnejsivimperk.cz\/?p=329801\" target=\"_blank\" rel=\"noopener\">JI\u017dN\u00cd \u010cECHY: Nemocnice Strakonice je Nejlep\u0161\u00ed nemocnic\u00ed roku 2024<\/a><\/h6>\n<h6 class=\"entry-title\"><a href=\"https:\/\/zakrasnejsivimperk.cz\/?p=331514\" target=\"_blank\" rel=\"noopener\">JI\u017dN\u00cd \u010cECHY: Nemocnice Strakonice po\u0159\u00eddila unik\u00e1tn\u00ed p\u0159\u00edstroj pro vy\u0161et\u0159en\u00ed slinivky a \u017elu\u010dov\u00fdch cest<\/a><\/h6>\n<h6 class=\"entry-title\"><a href=\"https:\/\/zakrasnejsivimperk.cz\/?p=328774\" target=\"_blank\" rel=\"noopener\">JI\u017dN\u00cd \u010cECHY: Nov\u00e1 l\u00e1vka na Podskal\u00ed usnad\u0148uje cestu krajinou pod\u00e9l Otavy<\/a><\/h6>\n<h6 class=\"entry-title\"><a href=\"https:\/\/zakrasnejsivimperk.cz\/?p=326163\" target=\"_blank\" rel=\"noopener\">JI\u017dN\u00cd \u010cECHY: Strakonick\u00e9 Komunitko 1415 zah\u00e1jilo svoji \u010dinnost na Ostrov\u011b<\/a><\/h6>\n<h6 class=\"entry-title\"><a href=\"https:\/\/zakrasnejsivimperk.cz\/?p=321375\" target=\"_blank\" rel=\"noopener\">JI\u017dN\u00cd \u010cECHY: Strakonice se p\u0159ipravuj\u00ed na velkou vodu, d\u011bln\u00edci stav\u00ed proti n\u00ed z\u00e1brany<\/a><\/h6>\n<h6><a href=\"https:\/\/zakrasnejsivimperk.cz\/?p=318802\" target=\"_blank\" rel=\"noopener\">JI\u017dN\u00cd \u010cECHY: Skv\u011bl\u00e9. ORL ambulance v Nemocnici Strakonice m\u00e1 novou posilu<\/a><\/h6>\n<h6><a href=\"https:\/\/zakrasnejsivimperk.cz\/?p=315266\" target=\"_blank\" rel=\"noopener\">JI\u017dN\u00cd \u010cECHY: Nemocni\u010dn\u00ed l\u00e9k\u00e1rna ve Strakonic\u00edch nen\u00ed jen oby\u010dejn\u00e1 v\u00fddejna l\u00e9k\u016f<\/a><\/h6>\n<h6><a href=\"https:\/\/zakrasnejsivimperk.cz\/?p=316309\" target=\"_blank\" rel=\"noopener\">JI\u017dN\u00cd \u010cECHY: Rekonstrukce Voly\u0148sk\u00e9 ul. ve Strakonic\u00edch zat\u00edm \u00fasp\u011b\u0161n\u011b pokra\u010duje<\/a><\/h6>\n<h6><a href=\"https:\/\/zakrasnejsivimperk.cz\/?p=313031\" target=\"_blank\" rel=\"noopener\">JI\u017dN\u00cd \u010cECHY: M\u011bsto Strakonice poskytne dotaci na vybaven\u00ed zubn\u00ed ordinace<\/a><\/h6>\n<h6><a href=\"https:\/\/zakrasnejsivimperk.cz\/?p=312358\" target=\"_blank\" rel=\"noopener\">JI\u017dN\u00cd \u010cECHY: Strakonick\u00fd pivovar koupil novou linku, na kter\u00e9 se bude st\u00e1\u010det a\u017e 3000 plechovek za hodinu<\/a><\/h6>\n<h6><a href=\"https:\/\/zakrasnejsivimperk.cz\/?p=310753\" target=\"_blank\" rel=\"noopener\">JI\u017dN\u00cd \u010cECHY: Veden\u00ed m\u011bsta Strakonice hled\u00e1 opat\u0159en\u00ed proti p\u0159\u00edvalov\u00fdm de\u0161\u0165\u016fm v m\u00edstn\u00ed \u010d\u00e1sti Nov\u00fd Dra\u017eejov<\/a><\/h6>\n<h6><a href=\"https:\/\/strakonicky.denik.cz\/zpravy_region\/novy-drazejov-opet-pod-vodou-jak-lidem-pomoci-mesto-svolalo-schuzku-20240610.html\" target=\"_blank\" rel=\"noopener\">Nov\u00fd Dra\u017eejov op\u011bt pod vodou. Jak lidem pomoci? M\u011bsto svolalo sch\u016fzku<\/a><\/h6>\n<h6><a href=\"https:\/\/zakrasnejsivimperk.cz\/?p=309043\" target=\"_blank\" rel=\"noopener\">JI\u017dN\u00cd \u010cECHY: Strakoni\u010dt\u00ed opravuj\u00ed pomn\u00edk padl\u00fdm u kostela svat\u00e9ho V\u00e1clava<\/a><\/h6>\n<h6><a href=\"https:\/\/zakrasnejsivimperk.cz\/?p=308877\" target=\"_blank\" rel=\"noopener\">JI\u017dN\u00cd \u010cECHY: Informace k aktu\u00e1ln\u00ed situaci na zimn\u00edm stadionu ve Strakonic\u00edch<\/a><\/h6>\n<h6><a href=\"https:\/\/zakrasnejsivimperk.cz\/?cat=131\" target=\"_blank\" rel=\"noopener\">Strakonick\u00e1 televize \u2013 ka\u017ed\u00fd t\u00fdden aktu\u00e1ln\u00ed informace o d\u011bn\u00ed ve m\u011bst\u011b na soutoku Voly\u0148ky a Otavy<\/a><\/h6>\n<hr \/>\n<p>&nbsp;<\/p>\n","protected":false},"excerpt":{"rendered":"<p>Z\u00e1chrann\u00e1 stanice <\/p>\n","protected":false},"author":2,"featured_media":350496,"comment_status":"open","ping_status":"open","sticky":false,"template":"","format":"gallery","meta":{"footnotes":""},"categories":[24],"tags":[],"jetpack_featured_media_url":"https:\/\/zakrasnejsivimperk.cz\/wp-content\/uploads\/2025\/07\/04\/zachranna-stanice-makov-tt.jpg","_links":{"self":[{"href":"https:\/\/zakrasnejsivimperk.cz\/index.php?rest_route=\/wp\/v2\/posts\/350494"}],"collection":[{"href":"https:\/\/zakrasnejsivimperk.cz\/index.php?rest_route=\/wp\/v2\/posts"}],"about":[{"href":"https:\/\/zakrasnejsivimperk.cz\/index.php?rest_route=\/wp\/v2\/types\/post"}],"author":[{"embeddable":true,"href":"https:\/\/zakrasnejsivimperk.cz\/index.php?rest_route=\/wp\/v2\/users\/2"}],"replies":[{"embeddable":true,"href":"https:\/\/zakrasnejsivimperk.cz\/index.php?rest_route=%2Fwp%2Fv2%2Fcomments&post=350494"}],"version-history":[{"count":2,"href":"https:\/\/zakrasnejsivimperk.cz\/index.php?rest_route=\/wp\/v2\/posts\/350494\/revisions"}],"predecessor-version":[{"id":351128,"href":"https:\/\/zakrasnejsivimperk.cz\/index.php?rest_route=\/wp\/v2\/posts\/350494\/revisions\/351128"}],"wp:featuredmedia":[{"embeddable":true,"href":"https:\/\/zakrasnejsivimperk.cz\/index.php?rest_route=\/wp\/v2\/media\/350496"}],"wp:attachment":[{"href":"https:\/\/zakrasnejsivimperk.cz\/index.php?rest_route=%2Fwp%2Fv2%2Fmedia&parent=350494"}],"wp:term":[{"taxonomy":"category","embeddable":true,"href":"https:\/\/zakrasnejsivimperk.cz\/index.php?rest_route=%2Fwp%2Fv2%2Fcategories&post=350494"},{"taxonomy":"post_tag","embeddable":true,"href":"https:\/\/zakrasnejsivimperk.cz\/index.php?rest_route=%2Fwp%2Fv2%2Ftags&post=350494"}],"curies":[{"name":"wp","href":"https:\/\/api.w.org\/{rel}","templated":true}]}}