{"id":350460,"date":"2025-07-06T17:56:59","date_gmt":"2025-07-06T16:56:59","guid":{"rendered":"https:\/\/zakrasnejsivimperk.cz\/?p=350460"},"modified":"2025-07-06T17:56:59","modified_gmt":"2025-07-06T16:56:59","slug":"nase-mesto-vimperk-zapis-ze-zasedani-mestske-rady-konane-30-cervna-25","status":"publish","type":"post","link":"https:\/\/zakrasnejsivimperk.cz\/?p=350460","title":{"rendered":"NA\u0160E M\u011aSTO VIMPERK: Z\u00e1pis ze zased\u00e1n\u00ed m\u011bstsk\u00e9 rady konan\u00e9 30. \u010dervna \u00b425"},"content":{"rendered":"<p><img loading=\"lazy\" decoding=\"async\" class=\"aligncenter wp-image-129874 size-full\" src=\"https:\/\/zakrasnejsivimperk.cz\/wp-content\/uploads\/2018\/05\/06\/dokumenty.jpg\" alt=\"\" width=\"799\" height=\"527\" srcset=\"https:\/\/zakrasnejsivimperk.cz\/wp-content\/uploads\/2018\/05\/06\/dokumenty.jpg 799w, https:\/\/zakrasnejsivimperk.cz\/wp-content\/uploads\/2018\/05\/06\/dokumenty-300x198.jpg 300w, https:\/\/zakrasnejsivimperk.cz\/wp-content\/uploads\/2018\/05\/06\/dokumenty-768x507.jpg 768w, https:\/\/zakrasnejsivimperk.cz\/wp-content\/uploads\/2018\/05\/06\/dokumenty-100x65.jpg 100w, https:\/\/zakrasnejsivimperk.cz\/wp-content\/uploads\/2018\/05\/06\/dokumenty-541x357.jpg 541w, https:\/\/zakrasnejsivimperk.cz\/wp-content\/uploads\/2018\/05\/06\/dokumenty-732x483.jpg 732w\" sizes=\"(max-width: 799px) 100vw, 799px\" \/><\/p>\n<p>&nbsp;<\/p>\n<h6>Rada m\u011bsta Vimperk na sv\u00e9m zased\u00e1n\u00ed 30. \u010dervna 2025 projednala a schv\u00e1lila <em>(p\u0159in\u00e1\u0161\u00edme doslovn\u00fd p\u0159epis n\u011bkter\u00fdch usnesen\u00ed bez redak\u010dn\u00ed \u00fapravy)<\/em>:<\/h6>\n<p>&nbsp;<\/p>\n<p><strong>Usnesen\u00ed \u010d. 544<\/strong><br \/>\nRada m\u011bsta d\u00e1v\u00e1 souhlas Z\u00e1kladn\u00ed \u0161kole Vimperk, Smetanova 405, okres Prachatice k pou\u017eit\u00ed fondu investic ve v\u00fd\u0161i 759.033 K\u010d na n\u00e1kup konvektomatu do \u0161koln\u00ed j\u00eddelny.<\/p>\n<p>&nbsp;<\/p>\n<p><strong>Usnesen\u00ed \u010d. 545<\/strong><br \/>\nRada m\u011bsta rozhodla o v\u00fdplat\u011b mimo\u0159\u00e1dn\u00fdch finan\u010dn\u00edch dar\u016f v r\u00e1mci \u010dinnosti \u010dlen\u016f jednotky sboru dobrovoln\u00fdch hasi\u010d\u016f p\u0159i povodni JSDHO V\u00fd\u0161kovice za \u00fa\u010dast na povodn\u00edch zp\u016fsoben\u00fdch tlakovou n\u00ed\u017e\u00ed Boris v obdob\u00ed od 11.09.2024 do 31.12.2024 dle p\u0159edlo\u017een\u00e9ho n\u00e1vrhu. Rada m\u011bsta z\u00e1rove\u0148 souhlas\u00ed, aby s navrhovan\u00fdmi \u010dleny JSDHO V\u00fd\u0161kovice byla uzav\u0159ena smlouva dle p\u0159edlo\u017een\u00e9ho n\u00e1vrhu.<\/p>\n<p>&nbsp;<\/p>\n<p><strong>Usnesen\u00ed \u010d. 549<\/strong><br \/>\nRada m\u011bsta rozhodla poskytnout dotaci ve v\u00fd\u0161i 7.000 K\u010d SH \u010cMS \u2013 Sboru dobrovoln\u00fdch hasi\u010d\u016f V\u00fd\u0161kovice, V\u00fd\u0161kovice 36, na hasi\u010dskou sout\u011b\u017e \u201eO poh\u00e1r starostky m\u011bsta Vimperk\u201c, kter\u00fd se uskute\u010dn\u00ed 12.07.2025 v r\u00e1mci 25. ro\u010dn\u00edku Prachatick\u00e9 hasi\u010dsk\u00e9 ligy. Rada m\u011bsta po\u017eaduje p\u0159edlo\u017eit vy\u00fa\u010dtov\u00e1n\u00ed nejpozd\u011bji do 31.08.2025.<\/p>\n<p>&nbsp;<\/p>\n<p><strong>Usnesen\u00ed \u010d. 550<\/strong><br \/>\nRada m\u011bsta rozhodla p\u0159id\u011blit dotaci ve v\u00fd\u0161i 3.000 K\u010d SH \u010cMS \u2013 Sboru dobrovoln\u00fdch hasi\u010d\u016f V\u00fd\u0161kovice, V\u00fd\u0161kovice 36, Vimperk na hasi\u010dskou sout\u011b\u017e \u201eVeter\u00e1n poh\u00e1r\u201c, kter\u00e1 se uskute\u010dn\u00ed 12.07.2025. Rada m\u011bsta po\u017eaduje p\u0159edlo\u017eit vy\u00fa\u010dtov\u00e1n\u00ed dotace do 31.08.2025.<\/p>\n<p>&nbsp;<\/p>\n<p><strong>Usnesen\u00ed \u010d. 551<\/strong><br \/>\nRada m\u011bsta rozhodla poskytnout dotaci ve v\u00fd\u0161i 10.000 K\u010d TJ \u0160umavan Vimperk, 1. m\u00e1je \u010dp. 321, Vimperk na \u010d\u00e1ste\u010dnou \u00fahradu n\u00e1klad\u016f spojen\u00fdch s po\u0159\u00e1d\u00e1n\u00edm letn\u00edho mezin\u00e1rodn\u00edho soust\u0159ed\u011bn\u00ed ve stoln\u00edm tenisu, kter\u00e9 se uskute\u010dn\u00ed 02.08.2025 \u2013 06.08.2025 v t\u011blocvi\u010dn\u011b Z\u0160 Smetanova Vimperk. Rada m\u011bsta po\u017eaduje p\u0159edlo\u017eit<br \/>\nvy\u00fa\u010dtov\u00e1n\u00ed nejpozd\u011bji do 31.10.2025.<\/p>\n<p>&nbsp;<\/p>\n<p><strong>Usnesen\u00ed \u010d. 572<\/strong><br \/>\nRada m\u011bsta rozhodla, \u017ee m\u011bsto Vimperk v p\u016fsobnosti valn\u00e9 hromady jako jedin\u00fd spole\u010dn\u00edk spole\u010dnosti M\u011bstsk\u00e9 lesy Vimperk s. r. o., Podz\u00e1m\u010d\u00ed 612, 385 01 Vimperk, souhlas\u00ed s prodejem harvestoru Entracon a souhlas\u00ed s uzav\u00edr\u00e1n\u00edm obchodu, jeho\u017e hodnota p\u0159esahuje 500.000 K\u010d.<\/p>\n<p>&nbsp;<\/p>\n<p><strong>Usnesen\u00ed \u010d. 573<\/strong><br \/>\nRada m\u011bsta na z\u00e1klad\u011b zpr\u00e1vy o hodnocen\u00ed nab\u00eddek, kterou po\u0159\u00eddila komise pro v\u00fdb\u011br dodavatele na ve\u0159ejnou zak\u00e1zku mal\u00e9ho rozsahu na slu\u017eby s n\u00e1zvem \u201eProjektov\u00e1 p\u0159\u00edprava rekonstrukce objektu \u010dp. 81 Vimperk\u201c rozhodla zadat v\u00fd\u0161e uvedenou ve\u0159ejnou zak\u00e1zku spole\u010dnosti 4DS, spol. s r. o., Nad Motolskou nemocnic\u00ed 1044\/16, B\u0159evnov, 169 00 Praha 6, I\u010c 26478196. Nab\u00eddku spole\u010dnosti 4DS, spol. s r. o., Nad Motolskou nemocnic\u00ed 1044\/16, B\u0159evnov, 169 00 Praha 6, I\u010c 26478196 vyhodnotila komise pro v\u00fdb\u011br dodavatele jako nejv\u00fdhodn\u011bj\u0161\u00ed nab\u00eddku.<\/p>\n<p>&nbsp;<\/p>\n<p>&nbsp;<\/p>\n<p>Zdroj: M\u011bsto Vimperk<\/p>\n<p><strong>(red) \u2013 Za kr\u00e1sn\u011bj\u0161\u00ed Vimperk<\/strong><\/p>\n<p>Ilustra\u010dn\u00ed foto: archiv (red) \u2013 Za kr\u00e1sn\u011bj\u0161\u00ed Vimperk<\/p>\n<h6><a href=\"https:\/\/www.vimperk.cz\/zapisy-ze-zasedani-rady\/ds-1128\/p1=9521\" target=\"_blank\" rel=\"noopener\">Cel\u00fd z\u00e1pis z jedn\u00e1n\u00ed<\/a><\/h6>\n<hr \/>\n<p>&nbsp;<\/p>\n","protected":false},"excerpt":{"rendered":"<p>&nbsp; Rada <\/p>\n","protected":false},"author":2,"featured_media":129874,"comment_status":"open","ping_status":"open","sticky":false,"template":"","format":"gallery","meta":{"footnotes":""},"categories":[115],"tags":[],"jetpack_featured_media_url":"https:\/\/zakrasnejsivimperk.cz\/wp-content\/uploads\/2018\/05\/06\/dokumenty.jpg","_links":{"self":[{"href":"https:\/\/zakrasnejsivimperk.cz\/index.php?rest_route=\/wp\/v2\/posts\/350460"}],"collection":[{"href":"https:\/\/zakrasnejsivimperk.cz\/index.php?rest_route=\/wp\/v2\/posts"}],"about":[{"href":"https:\/\/zakrasnejsivimperk.cz\/index.php?rest_route=\/wp\/v2\/types\/post"}],"author":[{"embeddable":true,"href":"https:\/\/zakrasnejsivimperk.cz\/index.php?rest_route=\/wp\/v2\/users\/2"}],"replies":[{"embeddable":true,"href":"https:\/\/zakrasnejsivimperk.cz\/index.php?rest_route=%2Fwp%2Fv2%2Fcomments&post=350460"}],"version-history":[{"count":1,"href":"https:\/\/zakrasnejsivimperk.cz\/index.php?rest_route=\/wp\/v2\/posts\/350460\/revisions"}],"predecessor-version":[{"id":350461,"href":"https:\/\/zakrasnejsivimperk.cz\/index.php?rest_route=\/wp\/v2\/posts\/350460\/revisions\/350461"}],"wp:featuredmedia":[{"embeddable":true,"href":"https:\/\/zakrasnejsivimperk.cz\/index.php?rest_route=\/wp\/v2\/media\/129874"}],"wp:attachment":[{"href":"https:\/\/zakrasnejsivimperk.cz\/index.php?rest_route=%2Fwp%2Fv2%2Fmedia&parent=350460"}],"wp:term":[{"taxonomy":"category","embeddable":true,"href":"https:\/\/zakrasnejsivimperk.cz\/index.php?rest_route=%2Fwp%2Fv2%2Fcategories&post=350460"},{"taxonomy":"post_tag","embeddable":true,"href":"https:\/\/zakrasnejsivimperk.cz\/index.php?rest_route=%2Fwp%2Fv2%2Ftags&post=350460"}],"curies":[{"name":"wp","href":"https:\/\/api.w.org\/{rel}","templated":true}]}}