{"id":350010,"date":"2025-06-30T09:44:17","date_gmt":"2025-06-30T08:44:17","guid":{"rendered":"https:\/\/zakrasnejsivimperk.cz\/?p=350010"},"modified":"2025-06-30T09:44:17","modified_gmt":"2025-06-30T08:44:17","slug":"aktuality-docasne-uzavreni-splouvani-teple-vltavy","status":"publish","type":"post","link":"https:\/\/zakrasnejsivimperk.cz\/?p=350010","title":{"rendered":"AKTUALITY: Do\u010dasn\u00e9 uzav\u0159en\u00ed splouv\u00e1n\u00ed Tepl\u00e9 Vltavy"},"content":{"rendered":"<p><img loading=\"lazy\" decoding=\"async\" class=\"aligncenter wp-image-97958\" src=\"https:\/\/zakrasnejsivimperk.cz\/wp-content\/uploads\/2017\/05\/15\/logo-nps-300x300.jpg\" alt=\"\" width=\"200\" height=\"200\" srcset=\"https:\/\/zakrasnejsivimperk.cz\/wp-content\/uploads\/2017\/05\/15\/logo-nps-300x300.jpg 300w, https:\/\/zakrasnejsivimperk.cz\/wp-content\/uploads\/2017\/05\/15\/logo-nps-150x150.jpg 150w, https:\/\/zakrasnejsivimperk.cz\/wp-content\/uploads\/2017\/05\/15\/logo-nps-768x768.jpg 768w, https:\/\/zakrasnejsivimperk.cz\/wp-content\/uploads\/2017\/05\/15\/logo-nps-357x357.jpg 357w, https:\/\/zakrasnejsivimperk.cz\/wp-content\/uploads\/2017\/05\/15\/logo-nps-483x483.jpg 483w, https:\/\/zakrasnejsivimperk.cz\/wp-content\/uploads\/2017\/05\/15\/logo-nps-210x210.jpg 210w, https:\/\/zakrasnejsivimperk.cz\/wp-content\/uploads\/2017\/05\/15\/logo-nps.jpg 960w\" sizes=\"(max-width: 200px) 100vw, 200px\" \/><\/p>\n<p>&nbsp;<\/p>\n<h4>Kritick\u00fd nedostatek vody do\u010dasn\u011b zastavuje Splouv\u00e1n\u00ed Vltavy v \u00faseku Soumarsk\u00fd Most \u2013 P\u011bkn\u00e1<\/h4>\n<h6>Hladina Tepl\u00e9 Vltavy na ode\u010dtu na Soumarsk\u00e9 Most\u011b letos vykazuje rekordn\u00ed hodnoty. Bohu\u017eel v tom negativn\u00edm smyslu. Nap\u0159\u00edklad v pond\u011bl\u00ed 23. \u010dervna bylo nam\u011b\u0159eno pouh\u00fdch 40,9 cm. Pr\u00e1v\u011b n\u00edzk\u00e1 hladina negativn\u011b ovliv\u0148uje mo\u017enost splouv\u00e1n\u00ed. Vod\u00e1ci se v leto\u0161n\u00ed sez\u00f3n\u011b za cel\u00e9 dva m\u011bs\u00edce mohli vydat na vodu jen v pr\u016fb\u011bhu p\u011bti dn\u016f, kdy\u017e hladina vystoupala nad pot\u0159ebn\u00fdch 50 centimetr\u016f.<\/h6>\n<p><em>\u201eSituace s vodou v \u0159ece je opravdu v\u00fdjime\u010dn\u00e1. Za dobu zhruba dvaceti let, kdy se splouv\u00e1 podle pravidel nastaven\u00fdch hodnocen\u00edm vlivu na \u017eivotn\u00ed prost\u0159ed\u00ed, tzv. EIA, se nikdy nestalo, \u017ee by se na za\u010d\u00e1tku sez\u00f3ny nemohlo splouvat a \u017ee by hladina zaklesla tak hluboko pod z\u00e1kladn\u00ed limit nutn\u00fd pro splut\u00ed, tedy pod 50 cm,\u201c<\/em> vysv\u011btluje mluv\u010d\u00ed Spr\u00e1vy NP \u0160umava Jan Dvo\u0159\u00e1k.<\/p>\n<p><em>\u201ePodle p\u0159edpov\u011bd\u00ed meteorolog\u016f se r\u00e1z tepl\u00e9ho a such\u00e9ho po\u010das\u00ed nem\u00e1 m\u011bnit ani v nadch\u00e1zej\u00edc\u00edm t\u00fddnu, je tedy jist\u00e9, \u017ee hladina Tepl\u00e9 Vltavy se bude nad\u00e1le dr\u017eet n\u00edzko nebo se bude je\u0161t\u011b sni\u017eovat. V sou\u010dasnosti je jasn\u00e9, \u017ee aby se mohlo za\u010d\u00edt splouvat, s ur\u010ditou jistotou v\u00fd\u0161ky hladiny nad 50 cm, mus\u00ed intenzivn\u011b pr\u0161et po dobu n\u011bkolika dn\u016f, mo\u017en\u00e1 a\u017e t\u00fddne, aby se povod\u00ed \u0159eky dostate\u010dn\u011b nasytilo,\u201c<\/em> dopl\u0148uje.<\/p>\n<p>Jednotliv\u00e9, lok\u00e1ln\u00ed p\u0159eh\u00e1\u0148ky nebo bou\u0159ky sice hladinu Tepl\u00e9 Vltavy nav\u00fd\u0161\u00ed, ale bu\u010f nedostate\u010dn\u011b, nebo skokov\u011b, kdy se hladina a pr\u016ftok v \u0159ece velmi dynamicky m\u011bn\u00ed v \u0159\u00e1dech hodin.<\/p>\n<p><em>\u201eP\u0159esn\u011b takov\u00fd sc\u00e9n\u00e1\u0159 se odehr\u00e1l v \u00fater\u00fd 24. \u010dervna. Den p\u0159ed t\u00edm byla hladina na ji\u017e zmi\u0148ovan\u00fdch 40,9 cm. V \u00fater\u00fd v 7:50 minut, kdy prob\u00edh\u00e1 ode\u010det v\u00fd\u0161ky hladiny, podle kter\u00e9ho se \u0159\u00edd\u00ed v dan\u00fd den splouv\u00e1n\u00ed, hladina vystoupala na 50,4 centimetr\u016f, tedy jen 4 milimetry nad limit. Ale je\u0161t\u011b t\u00fd\u017e den ve 14 hodin hladina klesla na 46 cm. Splouvat se dle pravidel st\u00e1le mohlo, ale bylo jasn\u00e9, \u017ee \u0159\u00ed\u010dn\u00ed biotop a p\u0159edev\u0161\u00edm kriticky ohro\u017een\u00e1 perlorodka \u0159\u00ed\u010dn\u00ed, jsou ohro\u017eeny,\u201c<\/em> konstatuje mluv\u010d\u00ed Jan Dvo\u0159\u00e1k.<\/p>\n<p>Pr\u00e1v\u011b ochrana perlorodky \u0159\u00ed\u010dn\u00ed byla d\u016fvodem nastaven\u00ed pravidel pro splouv\u00e1n\u00ed nejen tohoto \u00faseku. V letech, kdy se splouv\u00e1n\u00ed neregulovalo, splouvalo \u00fasek Soumarsk\u00fd Most \u2013 P\u011bkn\u00e1 i v\u00edce ne\u017e 12 tis\u00edc lod\u00ed za sez\u00f3nu. Takto masivn\u00ed zp\u016fsob vyu\u017e\u00edv\u00e1n\u00ed \u0159eky, kter\u00e1 z velk\u00e9 \u010d\u00e1sti proch\u00e1z\u00ed klidov\u00fdm \u00fazem\u00edm, byl neudr\u017eiteln\u00fd.<\/p>\n<p><em>\u201eKompromis se na\u0161el a fungoval dob\u0159e a\u017e do doby, ne\u017e se za\u010dala projevovat glob\u00e1ln\u00ed zm\u011bna klimatu. Pr\u00e1v\u011b velk\u00e9 kol\u00eds\u00e1n\u00ed hladiny \u0159eky, del\u0161\u00ed periody s n\u00edzkou hladinou pozorujeme posledn\u00edch \u010dty\u0159i a\u017e p\u011bt let, kdy leto\u0161n\u00ed rok to p\u0159i\u0161lo do nov\u00e9ho extr\u00e9mu. A jsme nuceni na to reagovat,\u201c<\/em> \u0159\u00edk\u00e1 \u0159editel Spr\u00e1vy NP \u0160umava Pavel Huben\u00fd.<\/p>\n<p>Proto se v term\u00ednu od 1. do 6. \u010dervence nebude mo\u017en\u00e9 registrovat na splouv\u00e1n\u00ed a ji\u017e registrovan\u00fdm vod\u00e1k\u016fm bude vr\u00e1cen uhrazen\u00fd poplatek. P\u0159itom st\u00e1le plat\u00ed regulace splouv\u00e1n\u00ed i na \u00faseku Tepl\u00e9 Vltavy od Lenory k Soumarsk\u00e9mu Mostu, kde se vod\u00e1ci sice nemus\u00ed registrovat, ale splut\u00ed je zde mo\u017en\u00e9 pouze v p\u0159\u00edpad\u011b, pokud je hladina \u0159eky nad 45 centimetry.<\/p>\n<p><em>\u201eD\u00e1le budeme postupovat podle v\u00fdvoje po\u010das\u00ed. Pokud p\u0159ijdou de\u0161\u0165ov\u00e9 sr\u00e1\u017eky a bude jist\u00e9, \u017ee hladina \u0159eky vystoup\u00e1 dlouhodob\u011bji nad 50 cm, splouv\u00e1n\u00ed okam\u017eit\u011b spust\u00edme,\u201c<\/em> slibuje Jan Dvo\u0159\u00e1k.<\/p>\n<p>V souvislosti s dlouhodob\u00fdm suchem plat\u00ed tak\u00e9 v\u00fdzva v\u0161em n\u00e1v\u0161t\u011bvn\u00edk\u016fm k pln\u00e9mu dodr\u017eov\u00e1n\u00ed pravidel chov\u00e1n\u00ed nejen na \u00fazem\u00ed N\u00e1rodn\u00edho parku \u0160umava, ale i jinde v p\u0159\u00edrod\u011b, zvl\u00e1\u0161t\u011b s ohledem na zach\u00e1zen\u00ed s otev\u0159en\u00fdm ohn\u011bm. <em>\u201eP\u0159ipom\u00edn\u00e1m, \u017ee na \u00fazem\u00ed n\u00e1rodn\u00edch park\u016f je zak\u00e1z\u00e1no rozd\u011bl\u00e1v\u00e1n\u00ed oh\u0148\u016f. Mo\u017en\u00e9 je to pouze na m\u00edstech tomu ur\u010den\u00fdch a v zastav\u011bn\u00fdch \u00fazem\u00ed obc\u00ed. Pros\u00edm, dodr\u017eujte pravidla \u2013 d\u011bkujeme,\u201c<\/em> zakon\u010duje mluv\u010d\u00ed Spr\u00e1vy NP \u0160umava Jan Dvo\u0159\u00e1k.<\/p>\n<p><strong>(tz-np\u0161)<\/strong><\/p>\n<hr \/>\n<p>&nbsp;<\/p>\n","protected":false},"excerpt":{"rendered":"<p>&nbsp; Kritick\u00fd <\/p>\n","protected":false},"author":2,"featured_media":350011,"comment_status":"open","ping_status":"open","sticky":false,"template":"","format":"gallery","meta":{"footnotes":""},"categories":[179],"tags":[],"jetpack_featured_media_url":"https:\/\/zakrasnejsivimperk.cz\/wp-content\/uploads\/2025\/06\/30\/nove-nps.jpg","_links":{"self":[{"href":"https:\/\/zakrasnejsivimperk.cz\/index.php?rest_route=\/wp\/v2\/posts\/350010"}],"collection":[{"href":"https:\/\/zakrasnejsivimperk.cz\/index.php?rest_route=\/wp\/v2\/posts"}],"about":[{"href":"https:\/\/zakrasnejsivimperk.cz\/index.php?rest_route=\/wp\/v2\/types\/post"}],"author":[{"embeddable":true,"href":"https:\/\/zakrasnejsivimperk.cz\/index.php?rest_route=\/wp\/v2\/users\/2"}],"replies":[{"embeddable":true,"href":"https:\/\/zakrasnejsivimperk.cz\/index.php?rest_route=%2Fwp%2Fv2%2Fcomments&post=350010"}],"version-history":[{"count":1,"href":"https:\/\/zakrasnejsivimperk.cz\/index.php?rest_route=\/wp\/v2\/posts\/350010\/revisions"}],"predecessor-version":[{"id":350012,"href":"https:\/\/zakrasnejsivimperk.cz\/index.php?rest_route=\/wp\/v2\/posts\/350010\/revisions\/350012"}],"wp:featuredmedia":[{"embeddable":true,"href":"https:\/\/zakrasnejsivimperk.cz\/index.php?rest_route=\/wp\/v2\/media\/350011"}],"wp:attachment":[{"href":"https:\/\/zakrasnejsivimperk.cz\/index.php?rest_route=%2Fwp%2Fv2%2Fmedia&parent=350010"}],"wp:term":[{"taxonomy":"category","embeddable":true,"href":"https:\/\/zakrasnejsivimperk.cz\/index.php?rest_route=%2Fwp%2Fv2%2Fcategories&post=350010"},{"taxonomy":"post_tag","embeddable":true,"href":"https:\/\/zakrasnejsivimperk.cz\/index.php?rest_route=%2Fwp%2Fv2%2Ftags&post=350010"}],"curies":[{"name":"wp","href":"https:\/\/api.w.org\/{rel}","templated":true}]}}