{"id":349685,"date":"2025-06-28T19:32:09","date_gmt":"2025-06-28T18:32:09","guid":{"rendered":"https:\/\/zakrasnejsivimperk.cz\/?p=349685"},"modified":"2025-06-28T19:32:09","modified_gmt":"2025-06-28T18:32:09","slug":"nase-mesto-vimperk-zapis-ze-zasedani-mestske-rady-konane-23-cervna-25","status":"publish","type":"post","link":"https:\/\/zakrasnejsivimperk.cz\/?p=349685","title":{"rendered":"NA\u0160E M\u011aSTO VIMPERK: Z\u00e1pis ze zased\u00e1n\u00ed m\u011bstsk\u00e9 rady konan\u00e9 23. \u010dervna \u00b425"},"content":{"rendered":"<p><img loading=\"lazy\" decoding=\"async\" class=\"aligncenter wp-image-129874 size-full\" src=\"https:\/\/zakrasnejsivimperk.cz\/wp-content\/uploads\/2018\/05\/06\/dokumenty.jpg\" alt=\"\" width=\"799\" height=\"527\" srcset=\"https:\/\/zakrasnejsivimperk.cz\/wp-content\/uploads\/2018\/05\/06\/dokumenty.jpg 799w, https:\/\/zakrasnejsivimperk.cz\/wp-content\/uploads\/2018\/05\/06\/dokumenty-300x198.jpg 300w, https:\/\/zakrasnejsivimperk.cz\/wp-content\/uploads\/2018\/05\/06\/dokumenty-768x507.jpg 768w, https:\/\/zakrasnejsivimperk.cz\/wp-content\/uploads\/2018\/05\/06\/dokumenty-100x65.jpg 100w, https:\/\/zakrasnejsivimperk.cz\/wp-content\/uploads\/2018\/05\/06\/dokumenty-541x357.jpg 541w, https:\/\/zakrasnejsivimperk.cz\/wp-content\/uploads\/2018\/05\/06\/dokumenty-732x483.jpg 732w\" sizes=\"(max-width: 799px) 100vw, 799px\" \/><\/p>\n<p>&nbsp;<\/p>\n<h6>Rada m\u011bsta Vimperk na sv\u00e9m zased\u00e1n\u00ed 23. \u010dervna 2025 projednala a schv\u00e1lila <em>(p\u0159in\u00e1\u0161\u00edme doslovn\u00fd p\u0159epis n\u011bkter\u00fdch usnesen\u00ed bez redak\u010dn\u00ed \u00fapravy)<\/em>:<\/h6>\n<p>&nbsp;<\/p>\n<p><strong>Usnesen\u00ed \u010d. 525<\/strong><br \/>\nRada m\u011bsta v p\u016fsobnosti z\u0159izovatele podle \u00a7 27 odst. 7 z\u00e1kona \u010d. 250\/2000 Sb., o rozpo\u010dtov\u00fdch pravidlech \u00fazemn\u00edch rozpo\u010dt\u016f v platn\u00e9m zn\u011bn\u00ed, d\u00e1v\u00e1 souhlas M\u011bstsk\u00e9mu kulturn\u00edmu st\u0159edisku Vimperk, Johnova 226, Vimperk k nabyt\u00ed finan\u010dn\u00edch dar\u016f v celkov\u00e9 v\u00fd\u0161i 30.000 K\u010d dle p\u0159ilo\u017een\u00e9ho p\u0159ehledu na po\u0159\u00e1d\u00e1n\u00ed akce 31. letn\u00ed kurzy \u017ees\u0165\u016f Vimperk 2025.<\/p>\n<p>&nbsp;<\/p>\n<p><strong>Usnesen\u00ed \u010d. 526<\/strong><br \/>\nRada m\u011bsta rozhodla uzav\u0159\u00edt smlouvu o finan\u010dn\u00ed podpo\u0159e \u2013 darovac\u00ed smlouvu s MAS \u0160umavsko, z. s., Archiv\u00e1\u0159e Tepl\u00e9ho 102, 387 06 Malenice, dle p\u0159edlo\u017een\u00e9ho n\u00e1vrhu.<\/p>\n<p>&nbsp;<\/p>\n<p><strong>Usnesen\u00ed \u010d. 527<\/strong><br \/>\nRada m\u011bsta souhlas\u00ed se zapojen\u00edm Z\u00e1kladn\u00ed \u0161koly T. G. Masaryka Vimperk do projektu \u0161ablony JAK II z v\u00fdzvy \u010d. 02_24_034 \u0160ablony pro M\u0160 a Z\u0160 II vyhl\u00e1\u0161enou M\u0160MT prost\u0159ednictv\u00edm OP Jan Amos Komensk\u00fd.<\/p>\n<p>&nbsp;<\/p>\n<p><strong>Usnesen\u00ed \u010d. 528<\/strong><br \/>\nRada m\u011bsta souhlas\u00ed se zn\u011bn\u00edm licen\u010dn\u00edch smluv o d\u00edlo mezi m\u011bstem Vimperk a spole\u010dnost\u00ed Wander Book s. r. o., jejich\u017e p\u0159edm\u011btem je mo\u017enost prodeje nov\u00fdch turistick\u00fdch vizitek Michlova Hu\u0165 a Steinbrenerova tisk\u00e1rna Vimperk v Informa\u010dn\u00edm centru Vimperk.<\/p>\n<p>&nbsp;<\/p>\n<p><strong>Usnesen\u00ed \u010d. 540<\/strong><br \/>\nRada m\u011bsta rozhodla v souladu s vnit\u0159n\u00ed sm\u011brnic\u00ed \u010d. 4\/2025 o zad\u00e1v\u00e1n\u00ed ve\u0159ejn\u00fdch zak\u00e1zek mal\u00e9ho rozsahu zru\u0161it zad\u00e1vac\u00ed \u0159\u00edzen\u00ed na akci \u201eVimperk, Boub\u00ednsk\u00e1 181, REKONSTRUKCE BYTOV\u00ddCH JADER\u201c z d\u016fvodu \u017ee nebyla zadavateli doru\u010dena \u017e\u00e1dn\u00e1 nab\u00eddka, v zad\u00e1vac\u00edm \u0159\u00edzen\u00ed nen\u00ed tedy \u017e\u00e1dn\u00fd \u00fa\u010dastn\u00edk.<\/p>\n<p>&nbsp;<\/p>\n<p><strong>Usnesen\u00ed \u010d. 541<\/strong><br \/>\nRada m\u011bsta rozhodla v souladu s vnit\u0159n\u00ed sm\u011brnic\u00ed \u010d. 4\/2025 o zad\u00e1v\u00e1n\u00ed ve\u0159ejn\u00fdch zak\u00e1zek mal\u00e9ho rozsahu opakovan\u011b zah\u00e1jit zad\u00e1vac\u00ed \u0159\u00edzen\u00ed na akci \u201eVimperk, Boub\u00ednsk\u00e1 181, REKONSTRUKCE BYTOV\u00ddCH JADER\u201c.<\/p>\n<p>&nbsp;<\/p>\n<p>Zdroj: M\u011bsto Vimperk<\/p>\n<p><strong>(red) \u2013 Za kr\u00e1sn\u011bj\u0161\u00ed Vimperk<\/strong><\/p>\n<p>Ilustra\u010dn\u00ed foto: archiv (red) \u2013 Za kr\u00e1sn\u011bj\u0161\u00ed Vimperk<\/p>\n<h6><a href=\"https:\/\/www.vimperk.cz\/zapisy-ze-zasedani-rady\/ds-1128\/p1=9521\" target=\"_blank\" rel=\"noopener\">Cel\u00fd z\u00e1pis z jedn\u00e1n\u00ed<\/a><\/h6>\n<hr \/>\n<p>&nbsp;<\/p>\n","protected":false},"excerpt":{"rendered":"<p>&nbsp; Rada <\/p>\n","protected":false},"author":2,"featured_media":150108,"comment_status":"open","ping_status":"open","sticky":false,"template":"","format":"gallery","meta":{"footnotes":""},"categories":[115],"tags":[],"jetpack_featured_media_url":"https:\/\/zakrasnejsivimperk.cz\/wp-content\/uploads\/2019\/01\/12\/dokument-1.png","_links":{"self":[{"href":"https:\/\/zakrasnejsivimperk.cz\/index.php?rest_route=\/wp\/v2\/posts\/349685"}],"collection":[{"href":"https:\/\/zakrasnejsivimperk.cz\/index.php?rest_route=\/wp\/v2\/posts"}],"about":[{"href":"https:\/\/zakrasnejsivimperk.cz\/index.php?rest_route=\/wp\/v2\/types\/post"}],"author":[{"embeddable":true,"href":"https:\/\/zakrasnejsivimperk.cz\/index.php?rest_route=\/wp\/v2\/users\/2"}],"replies":[{"embeddable":true,"href":"https:\/\/zakrasnejsivimperk.cz\/index.php?rest_route=%2Fwp%2Fv2%2Fcomments&post=349685"}],"version-history":[{"count":1,"href":"https:\/\/zakrasnejsivimperk.cz\/index.php?rest_route=\/wp\/v2\/posts\/349685\/revisions"}],"predecessor-version":[{"id":349686,"href":"https:\/\/zakrasnejsivimperk.cz\/index.php?rest_route=\/wp\/v2\/posts\/349685\/revisions\/349686"}],"wp:featuredmedia":[{"embeddable":true,"href":"https:\/\/zakrasnejsivimperk.cz\/index.php?rest_route=\/wp\/v2\/media\/150108"}],"wp:attachment":[{"href":"https:\/\/zakrasnejsivimperk.cz\/index.php?rest_route=%2Fwp%2Fv2%2Fmedia&parent=349685"}],"wp:term":[{"taxonomy":"category","embeddable":true,"href":"https:\/\/zakrasnejsivimperk.cz\/index.php?rest_route=%2Fwp%2Fv2%2Fcategories&post=349685"},{"taxonomy":"post_tag","embeddable":true,"href":"https:\/\/zakrasnejsivimperk.cz\/index.php?rest_route=%2Fwp%2Fv2%2Ftags&post=349685"}],"curies":[{"name":"wp","href":"https:\/\/api.w.org\/{rel}","templated":true}]}}