{"id":349477,"date":"2025-07-16T11:59:24","date_gmt":"2025-07-16T10:59:24","guid":{"rendered":"https:\/\/zakrasnejsivimperk.cz\/?p=349477"},"modified":"2025-07-16T16:26:08","modified_gmt":"2025-07-16T15:26:08","slug":"sumava-hajenka-breznik-predstavuje-dilo-karla-klostermanna-v-novem-havu","status":"publish","type":"post","link":"https:\/\/zakrasnejsivimperk.cz\/?p=349477","title":{"rendered":"\u0160UMAVA: H\u00e1jenka B\u0159ezn\u00edk p\u0159edstavuje v nov\u00e9m h\u00e1vu d\u00edlo Karla Klostermanna"},"content":{"rendered":"<p><img loading=\"lazy\" decoding=\"async\" class=\"alignnone wp-image-349479 size-full\" src=\"https:\/\/zakrasnejsivimperk.cz\/wp-content\/uploads\/2025\/06\/23\/breznik-expozice-klostermann-3.jpg\" alt=\"\" width=\"1100\" height=\"825\" srcset=\"https:\/\/zakrasnejsivimperk.cz\/wp-content\/uploads\/2025\/06\/23\/breznik-expozice-klostermann-3.jpg 1100w, https:\/\/zakrasnejsivimperk.cz\/wp-content\/uploads\/2025\/06\/23\/breznik-expozice-klostermann-3-300x225.jpg 300w, https:\/\/zakrasnejsivimperk.cz\/wp-content\/uploads\/2025\/06\/23\/breznik-expozice-klostermann-3-1024x768.jpg 1024w, https:\/\/zakrasnejsivimperk.cz\/wp-content\/uploads\/2025\/06\/23\/breznik-expozice-klostermann-3-768x576.jpg 768w, https:\/\/zakrasnejsivimperk.cz\/wp-content\/uploads\/2025\/06\/23\/breznik-expozice-klostermann-3-476x357.jpg 476w, https:\/\/zakrasnejsivimperk.cz\/wp-content\/uploads\/2025\/06\/23\/breznik-expozice-klostermann-3-644x483.jpg 644w\" sizes=\"(max-width: 1100px) 100vw, 1100px\" \/><\/p>\n<p>&nbsp;<\/p>\n<h6>Podkrov\u00ed h\u00e1jenky na B\u0159ezn\u00edku n\u00e1v\u0161t\u011bvn\u00edky nov\u011b p\u0159enese do dob klostermannovsk\u00e9 \u0160umavy. St\u00e1l\u00e1 expozice s n\u00e1zvem \u201eZe sv\u011bta lesn\u00edch samot\u201c p\u0159edstavuje historii m\u00edsta od nejstar\u0161\u00edch dochovan\u00fdch zm\u00ednek a\u017e do sou\u010dasnosti.<\/h6>\n<p><em><img loading=\"lazy\" decoding=\"async\" class=\"alignright wp-image-97958\" src=\"https:\/\/zakrasnejsivimperk.cz\/wp-content\/uploads\/2017\/05\/15\/logo-nps-300x300.jpg\" alt=\"\" width=\"150\" height=\"150\" srcset=\"https:\/\/zakrasnejsivimperk.cz\/wp-content\/uploads\/2017\/05\/15\/logo-nps-300x300.jpg 300w, https:\/\/zakrasnejsivimperk.cz\/wp-content\/uploads\/2017\/05\/15\/logo-nps-150x150.jpg 150w, https:\/\/zakrasnejsivimperk.cz\/wp-content\/uploads\/2017\/05\/15\/logo-nps-768x768.jpg 768w, https:\/\/zakrasnejsivimperk.cz\/wp-content\/uploads\/2017\/05\/15\/logo-nps-357x357.jpg 357w, https:\/\/zakrasnejsivimperk.cz\/wp-content\/uploads\/2017\/05\/15\/logo-nps-483x483.jpg 483w, https:\/\/zakrasnejsivimperk.cz\/wp-content\/uploads\/2017\/05\/15\/logo-nps-210x210.jpg 210w, https:\/\/zakrasnejsivimperk.cz\/wp-content\/uploads\/2017\/05\/15\/logo-nps.jpg 960w\" sizes=\"(max-width: 150px) 100vw, 150px\" \/>\u201eNov\u00e1 expozice je rozd\u011blena do dvou \u010d\u00e1st\u00ed nach\u00e1zej\u00edc\u00ed se ve dvou propojen\u00fdch m\u00edstnostech. Vstupn\u00ed prostor p\u0159edstavuje tzv. velk\u00e9 d\u011bjiny spojen\u00e9 s B\u0159ezn\u00edkem. N\u00e1v\u0161t\u011bvn\u00edk se zde sezn\u00e1m\u00ed s histori\u00ed B\u0159ezn\u00edku od nejstar\u0161\u00edch dochovan\u00fdch z\u00e1znam\u016f a\u017e po sou\u010dasnost v kontextu historick\u00fdch ud\u00e1lost\u00ed a zapojuje i dopady sv\u011btov\u00fdch d\u011bjin na jednu z nejopu\u0161t\u011bn\u011bj\u0161\u00edch lokalit v \u010cech\u00e1ch,\u201c<\/em> p\u0159edstavuje v\u00fdstavu vedouc\u00ed n\u00e1v\u0161t\u011bvnick\u00fdch st\u0159edisek a st\u0159ediska environment\u00e1ln\u00ed v\u00fdchovy Spr\u00e1vy NP \u0160umava Martina Ku\u010derov\u00e1.<\/p>\n<p><em>\u201eDruh\u00e1 \u010d\u00e1st m\u00e1 ve sv\u00e9m st\u0159edu jedine\u010dn\u00fd model, kter\u00fd p\u0159edstavuje lokalitu B\u0159ezn\u00edku ve druh\u00e9 polovin\u011b 19. stolet\u00ed. Kamenn\u00e1 myslivna, p\u016fvodn\u00ed d\u0159ev\u011bn\u00e1 h\u00e1jovna a d\u0159ev\u011bn\u00e9 domky d\u0159eva\u0159\u016f s hospod\u00e1\u0159sk\u00fdmi objekty v\u00e1s zavedou do \u017eivota v t\u00e9to lokalit\u011b,\u201c<\/em> dopl\u0148uje.<\/p>\n<p>Model vytvo\u0159il Stanislav Vr\u0161ka na z\u00e1klad\u011b podklad\u016f od historika Petra Klu\u010diny, kter\u00fd musel p\u00e1trat ve star\u00fdch dokumentech pro co nejp\u0159esn\u011bj\u0161\u00ed ztv\u00e1rn\u011bn\u00ed \u017eivota na \u0160umav\u011b v dalek\u00e9 historii.<\/p>\n<p><em>\u201eArchitekti Jan Z\u00e1kosteleck\u00fd a Pavel Halga\u0161 navrhli v\u00fdstavu tak, abyste se na chvilku ocitli na star\u00e9 \u0160umav\u011b. K tomu napom\u00e1h\u00e1 hra sv\u011btel a st\u00edn\u016f a zvuky \u0161umavsk\u00e9 p\u0159\u00edrody. Expozi\u010dn\u00ed panely jsou doprov\u00e1zeny kr\u00e1tk\u00fdmi texty ve t\u0159ech jazykov\u00fdch mutac\u00edch,\u201c<\/em> zve do expozice mluv\u010d\u00ed Spr\u00e1vy NP \u0160umava Jan Dvo\u0159\u00e1k.<\/p>\n<p>Spole\u010dn\u011b s expozic\u00ed vznikla tak\u00e9 zbrusu nov\u00e1 bro\u017eura s n\u00e1zvem \u201eB\u0159ezn\u00edk \u2013 Ze sv\u011bta lesn\u00edch samot\u201c, ve kter\u00e9 jej\u00ed autor Petr Klu\u010dina rozv\u00e1d\u00ed do v\u011bt\u0161\u00edch podrobnost\u00ed historii cel\u00e9 lokality.<\/p>\n<p><em>\u201eExpozice musela b\u00fdt uzp\u016fsobena omezen\u00fdm prostor\u00e1m podkrov\u00ed budovy, a proto pojme v jeden moment maxim\u00e1ln\u011b 20 osob. Ur\u010dit\u011b ale doporu\u010duji v expozici str\u00e1vit trochu del\u0161\u00ed dobu, nebo\u0165 ambivalentn\u00ed hudba, ale tak\u00e9 zm\u011bny osv\u011btlen\u00ed, navozuj\u00ed pr\u016fb\u011bh dne,\u201c<\/em> \u0159\u00edk\u00e1 Martina Ku\u010derov\u00e1 a dod\u00e1v\u00e1: <em>\u201eP\u0159i pl\u00e1nov\u00e1n\u00ed v\u00fdstavy jsme cht\u011bli navodit atmosf\u00e9ru dob minul\u00fdch a tak\u00e9 d\u00e1t n\u00e1v\u0161t\u011bvn\u00edk\u016fm prostor k zamy\u0161len\u00ed se, jak bylo t\u011b\u017ek\u00e9 \u017e\u00edt v takto odlehl\u00fdch kon\u010din\u00e1ch na \u0160umav\u011b. Interaktivn\u00ed forma model\u016f umo\u017en\u00ed nahl\u00e9dnout do historie tak\u00e9 i t\u011bm nejmen\u0161\u00edm n\u00e1v\u0161t\u011bvn\u00edk\u016fm.\u201c<\/em><\/p>\n<p>Expozice v celkov\u00e9 hodnot\u011b 1.334.626,50 K\u010d, kter\u00e1 byla ze 75 procent podpo\u0159ena St\u00e1tn\u00ed fondem \u017eivotn\u00edho prost\u0159ed\u00ed a Ministerstvem \u017eivotn\u00edho prost\u0159ed\u00ed v r\u00e1mci projektu &#8220;Ze sv\u011bta lesn\u00ed samot &#8211; expozice B\u0159ezn\u00edk&#8221;, bude otev\u0159ena ka\u017ed\u00fd den do konce z\u00e1\u0159\u00ed od 10 do 16 hodin. Vstup je zdarma.<\/p>\n<p>&nbsp;<\/p>\n<p><strong>Text a foto: (tz-np\u0161)<\/strong><\/p>\n<p>&nbsp;<\/p>\n<p><img loading=\"lazy\" decoding=\"async\" class=\"aligncenter wp-image-349480 size-full\" src=\"https:\/\/zakrasnejsivimperk.cz\/wp-content\/uploads\/2025\/06\/23\/breznik-expozice-klostermann-4.jpg\" alt=\"\" width=\"1100\" height=\"825\" srcset=\"https:\/\/zakrasnejsivimperk.cz\/wp-content\/uploads\/2025\/06\/23\/breznik-expozice-klostermann-4.jpg 1100w, https:\/\/zakrasnejsivimperk.cz\/wp-content\/uploads\/2025\/06\/23\/breznik-expozice-klostermann-4-300x225.jpg 300w, https:\/\/zakrasnejsivimperk.cz\/wp-content\/uploads\/2025\/06\/23\/breznik-expozice-klostermann-4-1024x768.jpg 1024w, https:\/\/zakrasnejsivimperk.cz\/wp-content\/uploads\/2025\/06\/23\/breznik-expozice-klostermann-4-768x576.jpg 768w, https:\/\/zakrasnejsivimperk.cz\/wp-content\/uploads\/2025\/06\/23\/breznik-expozice-klostermann-4-476x357.jpg 476w, https:\/\/zakrasnejsivimperk.cz\/wp-content\/uploads\/2025\/06\/23\/breznik-expozice-klostermann-4-644x483.jpg 644w\" sizes=\"(max-width: 1100px) 100vw, 1100px\" \/><\/p>\n<p>&nbsp;<\/p>\n<p><img loading=\"lazy\" decoding=\"async\" class=\"aligncenter wp-image-349481 size-full\" src=\"https:\/\/zakrasnejsivimperk.cz\/wp-content\/uploads\/2025\/06\/23\/breznik-expozice-klostermann-5.jpg\" alt=\"\" width=\"1100\" height=\"825\" srcset=\"https:\/\/zakrasnejsivimperk.cz\/wp-content\/uploads\/2025\/06\/23\/breznik-expozice-klostermann-5.jpg 1100w, https:\/\/zakrasnejsivimperk.cz\/wp-content\/uploads\/2025\/06\/23\/breznik-expozice-klostermann-5-300x225.jpg 300w, https:\/\/zakrasnejsivimperk.cz\/wp-content\/uploads\/2025\/06\/23\/breznik-expozice-klostermann-5-1024x768.jpg 1024w, https:\/\/zakrasnejsivimperk.cz\/wp-content\/uploads\/2025\/06\/23\/breznik-expozice-klostermann-5-768x576.jpg 768w, https:\/\/zakrasnejsivimperk.cz\/wp-content\/uploads\/2025\/06\/23\/breznik-expozice-klostermann-5-476x357.jpg 476w, https:\/\/zakrasnejsivimperk.cz\/wp-content\/uploads\/2025\/06\/23\/breznik-expozice-klostermann-5-644x483.jpg 644w\" sizes=\"(max-width: 1100px) 100vw, 1100px\" \/><\/p>\n<p>&nbsp;<\/p>\n<p><img loading=\"lazy\" decoding=\"async\" class=\"aligncenter wp-image-349482 size-full\" src=\"https:\/\/zakrasnejsivimperk.cz\/wp-content\/uploads\/2025\/06\/23\/breznik-expozice-klostermann-7.jpg\" alt=\"\" width=\"1100\" height=\"825\" srcset=\"https:\/\/zakrasnejsivimperk.cz\/wp-content\/uploads\/2025\/06\/23\/breznik-expozice-klostermann-7.jpg 1100w, https:\/\/zakrasnejsivimperk.cz\/wp-content\/uploads\/2025\/06\/23\/breznik-expozice-klostermann-7-300x225.jpg 300w, https:\/\/zakrasnejsivimperk.cz\/wp-content\/uploads\/2025\/06\/23\/breznik-expozice-klostermann-7-1024x768.jpg 1024w, https:\/\/zakrasnejsivimperk.cz\/wp-content\/uploads\/2025\/06\/23\/breznik-expozice-klostermann-7-768x576.jpg 768w, https:\/\/zakrasnejsivimperk.cz\/wp-content\/uploads\/2025\/06\/23\/breznik-expozice-klostermann-7-476x357.jpg 476w, https:\/\/zakrasnejsivimperk.cz\/wp-content\/uploads\/2025\/06\/23\/breznik-expozice-klostermann-7-644x483.jpg 644w\" sizes=\"(max-width: 1100px) 100vw, 1100px\" \/><\/p>\n<hr \/>\n<p>&nbsp;<\/p>\n","protected":false},"excerpt":{"rendered":"<p>&nbsp; Podkrov\u00ed <\/p>\n","protected":false},"author":2,"featured_media":349479,"comment_status":"open","ping_status":"open","sticky":false,"template":"","format":"gallery","meta":{"footnotes":""},"categories":[69],"tags":[],"jetpack_featured_media_url":"https:\/\/zakrasnejsivimperk.cz\/wp-content\/uploads\/2025\/06\/23\/breznik-expozice-klostermann-3.jpg","_links":{"self":[{"href":"https:\/\/zakrasnejsivimperk.cz\/index.php?rest_route=\/wp\/v2\/posts\/349477"}],"collection":[{"href":"https:\/\/zakrasnejsivimperk.cz\/index.php?rest_route=\/wp\/v2\/posts"}],"about":[{"href":"https:\/\/zakrasnejsivimperk.cz\/index.php?rest_route=\/wp\/v2\/types\/post"}],"author":[{"embeddable":true,"href":"https:\/\/zakrasnejsivimperk.cz\/index.php?rest_route=\/wp\/v2\/users\/2"}],"replies":[{"embeddable":true,"href":"https:\/\/zakrasnejsivimperk.cz\/index.php?rest_route=%2Fwp%2Fv2%2Fcomments&post=349477"}],"version-history":[{"count":3,"href":"https:\/\/zakrasnejsivimperk.cz\/index.php?rest_route=\/wp\/v2\/posts\/349477\/revisions"}],"predecessor-version":[{"id":350552,"href":"https:\/\/zakrasnejsivimperk.cz\/index.php?rest_route=\/wp\/v2\/posts\/349477\/revisions\/350552"}],"wp:featuredmedia":[{"embeddable":true,"href":"https:\/\/zakrasnejsivimperk.cz\/index.php?rest_route=\/wp\/v2\/media\/349479"}],"wp:attachment":[{"href":"https:\/\/zakrasnejsivimperk.cz\/index.php?rest_route=%2Fwp%2Fv2%2Fmedia&parent=349477"}],"wp:term":[{"taxonomy":"category","embeddable":true,"href":"https:\/\/zakrasnejsivimperk.cz\/index.php?rest_route=%2Fwp%2Fv2%2Fcategories&post=349477"},{"taxonomy":"post_tag","embeddable":true,"href":"https:\/\/zakrasnejsivimperk.cz\/index.php?rest_route=%2Fwp%2Fv2%2Ftags&post=349477"}],"curies":[{"name":"wp","href":"https:\/\/api.w.org\/{rel}","templated":true}]}}