{"id":349424,"date":"2025-07-01T12:22:51","date_gmt":"2025-07-01T11:22:51","guid":{"rendered":"https:\/\/zakrasnejsivimperk.cz\/?p=349424"},"modified":"2025-07-04T09:52:32","modified_gmt":"2025-07-04T08:52:32","slug":"sumava-pozvanka-na-vystavu-do-kvildy","status":"publish","type":"post","link":"https:\/\/zakrasnejsivimperk.cz\/?p=349424","title":{"rendered":"\u0160UMAVA: Pozv\u00e1nka na v\u00fdstavu do Kvildy"},"content":{"rendered":"<p><img loading=\"lazy\" decoding=\"async\" class=\"aligncenter wp-image-349425 size-full\" src=\"https:\/\/zakrasnejsivimperk.cz\/wp-content\/uploads\/2025\/06\/22\/plakat-vystava-kvilda-do-3108.jpg\" alt=\"\" width=\"720\" height=\"509\" srcset=\"https:\/\/zakrasnejsivimperk.cz\/wp-content\/uploads\/2025\/06\/22\/plakat-vystava-kvilda-do-3108.jpg 720w, https:\/\/zakrasnejsivimperk.cz\/wp-content\/uploads\/2025\/06\/22\/plakat-vystava-kvilda-do-3108-300x212.jpg 300w, https:\/\/zakrasnejsivimperk.cz\/wp-content\/uploads\/2025\/06\/22\/plakat-vystava-kvilda-do-3108-505x357.jpg 505w, https:\/\/zakrasnejsivimperk.cz\/wp-content\/uploads\/2025\/06\/22\/plakat-vystava-kvilda-do-3108-683x483.jpg 683w\" sizes=\"(max-width: 720px) 100vw, 720px\" \/><\/p>\n<hr \/>\n<p>&nbsp;<\/p>\n","protected":false},"excerpt":{"rendered":"<p>&nbsp;<\/p>\n","protected":false},"author":2,"featured_media":349426,"comment_status":"open","ping_status":"open","sticky":false,"template":"","format":"gallery","meta":{"footnotes":""},"categories":[89,71,86],"tags":[],"jetpack_featured_media_url":"https:\/\/zakrasnejsivimperk.cz\/wp-content\/uploads\/2025\/06\/22\/ram-ourednik.jpg","_links":{"self":[{"href":"https:\/\/zakrasnejsivimperk.cz\/index.php?rest_route=\/wp\/v2\/posts\/349424"}],"collection":[{"href":"https:\/\/zakrasnejsivimperk.cz\/index.php?rest_route=\/wp\/v2\/posts"}],"about":[{"href":"https:\/\/zakrasnejsivimperk.cz\/index.php?rest_route=\/wp\/v2\/types\/post"}],"author":[{"embeddable":true,"href":"https:\/\/zakrasnejsivimperk.cz\/index.php?rest_route=\/wp\/v2\/users\/2"}],"replies":[{"embeddable":true,"href":"https:\/\/zakrasnejsivimperk.cz\/index.php?rest_route=%2Fwp%2Fv2%2Fcomments&post=349424"}],"version-history":[{"count":1,"href":"https:\/\/zakrasnejsivimperk.cz\/index.php?rest_route=\/wp\/v2\/posts\/349424\/revisions"}],"predecessor-version":[{"id":349427,"href":"https:\/\/zakrasnejsivimperk.cz\/index.php?rest_route=\/wp\/v2\/posts\/349424\/revisions\/349427"}],"wp:featuredmedia":[{"embeddable":true,"href":"https:\/\/zakrasnejsivimperk.cz\/index.php?rest_route=\/wp\/v2\/media\/349426"}],"wp:attachment":[{"href":"https:\/\/zakrasnejsivimperk.cz\/index.php?rest_route=%2Fwp%2Fv2%2Fmedia&parent=349424"}],"wp:term":[{"taxonomy":"category","embeddable":true,"href":"https:\/\/zakrasnejsivimperk.cz\/index.php?rest_route=%2Fwp%2Fv2%2Fcategories&post=349424"},{"taxonomy":"post_tag","embeddable":true,"href":"https:\/\/zakrasnejsivimperk.cz\/index.php?rest_route=%2Fwp%2Fv2%2Ftags&post=349424"}],"curies":[{"name":"wp","href":"https:\/\/api.w.org\/{rel}","templated":true}]}}