{"id":349196,"date":"2025-06-20T16:47:43","date_gmt":"2025-06-20T15:47:43","guid":{"rendered":"https:\/\/zakrasnejsivimperk.cz\/?p=349196"},"modified":"2025-09-22T13:27:19","modified_gmt":"2025-09-22T12:27:19","slug":"tipy-pro-volny-cas-doma-na-sumave-leto-2025","status":"publish","type":"post","link":"https:\/\/zakrasnejsivimperk.cz\/?p=349196","title":{"rendered":"TIPY PRO VOLN\u00dd \u010cAS: Doma na \u0160umav\u011b &#8211; l\u00e9to 2025"},"content":{"rendered":"<h1 style=\"text-align: center;\">Noviny ve form\u00e1tu PDF otev\u0159ete kliknut\u00edm na obr\u00e1zek:<\/h1>\n<p>&nbsp;<\/p>\n<p><a href=\"https:\/\/zakrasnejsivimperk.cz\/wp-content\/uploads\/2025\/06\/19\/doma-na-sumave-leto-25-1.pdf\" target=\"_blank\" rel=\"noopener\"><img loading=\"lazy\" decoding=\"async\" class=\"aligncenter wp-image-349199 size-full\" src=\"https:\/\/zakrasnejsivimperk.cz\/wp-content\/uploads\/2025\/06\/19\/doma-na-sumave-leto-25-2.jpg\" alt=\"\" width=\"734\" height=\"1100\" srcset=\"https:\/\/zakrasnejsivimperk.cz\/wp-content\/uploads\/2025\/06\/19\/doma-na-sumave-leto-25-2.jpg 734w, https:\/\/zakrasnejsivimperk.cz\/wp-content\/uploads\/2025\/06\/19\/doma-na-sumave-leto-25-2-200x300.jpg 200w, https:\/\/zakrasnejsivimperk.cz\/wp-content\/uploads\/2025\/06\/19\/doma-na-sumave-leto-25-2-683x1024.jpg 683w, https:\/\/zakrasnejsivimperk.cz\/wp-content\/uploads\/2025\/06\/19\/doma-na-sumave-leto-25-2-238x357.jpg 238w, https:\/\/zakrasnejsivimperk.cz\/wp-content\/uploads\/2025\/06\/19\/doma-na-sumave-leto-25-2-322x483.jpg 322w\" sizes=\"(max-width: 734px) 100vw, 734px\" \/><\/a><\/p>\n<hr \/>\n<p>&nbsp;<\/p>\n","protected":false},"excerpt":{"rendered":"<p>Noviny ve <\/p>\n","protected":false},"author":2,"featured_media":349197,"comment_status":"open","ping_status":"open","sticky":false,"template":"","format":"gallery","meta":{"footnotes":""},"categories":[151,37],"tags":[],"jetpack_featured_media_url":"https:\/\/zakrasnejsivimperk.cz\/wp-content\/uploads\/2025\/06\/19\/doma-na-sumave-leto-25-1.jpg","_links":{"self":[{"href":"https:\/\/zakrasnejsivimperk.cz\/index.php?rest_route=\/wp\/v2\/posts\/349196"}],"collection":[{"href":"https:\/\/zakrasnejsivimperk.cz\/index.php?rest_route=\/wp\/v2\/posts"}],"about":[{"href":"https:\/\/zakrasnejsivimperk.cz\/index.php?rest_route=\/wp\/v2\/types\/post"}],"author":[{"embeddable":true,"href":"https:\/\/zakrasnejsivimperk.cz\/index.php?rest_route=\/wp\/v2\/users\/2"}],"replies":[{"embeddable":true,"href":"https:\/\/zakrasnejsivimperk.cz\/index.php?rest_route=%2Fwp%2Fv2%2Fcomments&post=349196"}],"version-history":[{"count":1,"href":"https:\/\/zakrasnejsivimperk.cz\/index.php?rest_route=\/wp\/v2\/posts\/349196\/revisions"}],"predecessor-version":[{"id":349200,"href":"https:\/\/zakrasnejsivimperk.cz\/index.php?rest_route=\/wp\/v2\/posts\/349196\/revisions\/349200"}],"wp:featuredmedia":[{"embeddable":true,"href":"https:\/\/zakrasnejsivimperk.cz\/index.php?rest_route=\/wp\/v2\/media\/349197"}],"wp:attachment":[{"href":"https:\/\/zakrasnejsivimperk.cz\/index.php?rest_route=%2Fwp%2Fv2%2Fmedia&parent=349196"}],"wp:term":[{"taxonomy":"category","embeddable":true,"href":"https:\/\/zakrasnejsivimperk.cz\/index.php?rest_route=%2Fwp%2Fv2%2Fcategories&post=349196"},{"taxonomy":"post_tag","embeddable":true,"href":"https:\/\/zakrasnejsivimperk.cz\/index.php?rest_route=%2Fwp%2Fv2%2Ftags&post=349196"}],"curies":[{"name":"wp","href":"https:\/\/api.w.org\/{rel}","templated":true}]}}