{"id":349154,"date":"2025-06-20T16:45:10","date_gmt":"2025-06-20T15:45:10","guid":{"rendered":"https:\/\/zakrasnejsivimperk.cz\/?p=349154"},"modified":"2025-06-20T16:45:10","modified_gmt":"2025-06-20T15:45:10","slug":"nase-mesto-vimperk-zapis-ze-zasedani-mestske-rady-konane-16-cervna-25","status":"publish","type":"post","link":"https:\/\/zakrasnejsivimperk.cz\/?p=349154","title":{"rendered":"NA\u0160E M\u011aSTO VIMPERK: Z\u00e1pis ze zased\u00e1n\u00ed m\u011bstsk\u00e9 rady konan\u00e9 16. \u010dervna \u00b425"},"content":{"rendered":"<p><img loading=\"lazy\" decoding=\"async\" class=\"aligncenter wp-image-129874 size-full\" src=\"https:\/\/zakrasnejsivimperk.cz\/wp-content\/uploads\/2018\/05\/06\/dokumenty.jpg\" alt=\"\" width=\"799\" height=\"527\" srcset=\"https:\/\/zakrasnejsivimperk.cz\/wp-content\/uploads\/2018\/05\/06\/dokumenty.jpg 799w, https:\/\/zakrasnejsivimperk.cz\/wp-content\/uploads\/2018\/05\/06\/dokumenty-300x198.jpg 300w, https:\/\/zakrasnejsivimperk.cz\/wp-content\/uploads\/2018\/05\/06\/dokumenty-768x507.jpg 768w, https:\/\/zakrasnejsivimperk.cz\/wp-content\/uploads\/2018\/05\/06\/dokumenty-100x65.jpg 100w, https:\/\/zakrasnejsivimperk.cz\/wp-content\/uploads\/2018\/05\/06\/dokumenty-541x357.jpg 541w, https:\/\/zakrasnejsivimperk.cz\/wp-content\/uploads\/2018\/05\/06\/dokumenty-732x483.jpg 732w\" sizes=\"(max-width: 799px) 100vw, 799px\" \/><\/p>\n<p>&nbsp;<\/p>\n<h6>Rada m\u011bsta Vimperk na sv\u00e9m zased\u00e1n\u00ed 16. \u010dervna 2025 projednala a schv\u00e1lila <em>(p\u0159in\u00e1\u0161\u00edme doslovn\u00fd p\u0159epis n\u011bkter\u00fdch usnesen\u00ed bez redak\u010dn\u00ed \u00fapravy)<\/em>:<\/h6>\n<p>&nbsp;<\/p>\n<p><strong>Usnesen\u00ed \u010d. 501<\/strong><br \/>\nRada m\u011bsta d\u00e1v\u00e1 souhlas Z\u00e1kladn\u00ed \u0161kole T. G. Masaryka Vimperk, 1. m\u00e1je 268, okres Prachatice k pou\u017eit\u00ed fondu investic ve v\u00fd\u0161i 270.000 K\u010d na realizaci nov\u00e9 u\u010debny s v\u00fdukou ciz\u00edch jazyk\u016f a aktivity vedouc\u00ed ke zlep\u0161en\u00ed \u010dten\u00e1\u0159sk\u00e9 gramotnosti \u017e\u00e1k\u016f.<\/p>\n<p>&nbsp;<\/p>\n<p><strong>Usnesen\u00ed \u010d. 502<\/strong><br \/>\nRada m\u011bsta rozhodla na z\u00e1klad\u011b v\u00fdsledku posouzen\u00ed jedin\u00e9 nab\u00eddky dodavatele VERA, spol. s r. o., Lu\u017en\u00e1 716\/2, Vokovice, 160 00 Praha 6, I\u010c 62587978, o v\u00fdb\u011bru uveden\u00e9ho dodavatele pro pln\u011bn\u00ed ve\u0159ejn\u00e9 zak\u00e1zky s n\u00e1zvem Elektronick\u00e1 spisov\u00e1 slu\u017eba m\u011bsta Vimperk. Rada m\u011bsta z\u00e1rove\u0148 souhlas\u00ed, aby po uplynut\u00ed p\u0159\u00edslu\u0161n\u00fdch z\u00e1konn\u00fdch lh\u016ft byly s uveden\u00fdm vybran\u00fdm dodavatelem uzav\u0159eny smlouvy na pln\u011bn\u00ed ve\u0159ejn\u00e9 zak\u00e1zky v souladu s podanou nab\u00eddkou a zad\u00e1vac\u00edmi podm\u00ednkami dle p\u0159edlo\u017een\u00e9ho n\u00e1vrhu.<\/p>\n<p>&nbsp;<\/p>\n<p><strong>Usnesen\u00ed \u010d. 503<\/strong><br \/>\nRada m\u011bsta rozhodla o v\u00fdplat\u011b mimo\u0159\u00e1dn\u00fdch finan\u010dn\u00edch dar\u016f v r\u00e1mci \u010dinnosti \u010dlen\u016f jednotek sbor\u016f dobrovoln\u00fdch hasi\u010d\u016f p\u0159i povodni JSDHO Hrabice, JSDHO Vimperk a JSDHO V\u00fd\u0161kovice za \u00fa\u010dast na povodn\u00edch zp\u016fsoben\u00fdch tlakovou n\u00ed\u017e\u00ed Boris v obdob\u00ed od 11.09.2024 do 31.12.2024 dle p\u0159edlo\u017een\u00e9ho n\u00e1vrhu. Rada m\u011bsta z\u00e1rove\u0148 souhlas\u00ed, aby s navrhovan\u00fdmi \u010dleny JSDHO Hrabice, JSDHO Vimperk, JSDHO V\u00fd\u0161kovice byla uzav\u0159ena smlouva dle p\u0159edlo\u017een\u00e9ho n\u00e1vrhu.<\/p>\n<p>&nbsp;<\/p>\n<p><strong>Usnesen\u00ed \u010d. 511<\/strong><br \/>\nRada m\u011bsta zastupuj\u00edc\u00ed m\u011bsto Vimperk jako vlastn\u00edka pozemku katastru nemovitost\u00ed parc. \u010d. 2459\/1 v katastr\u00e1ln\u00edm \u00fazem\u00ed Vimperk souhlas\u00ed s t\u00edm, aby tento pozemek byl vyu\u017eit pro skautsk\u00fd stanov\u00fd t\u00e1bor v obdob\u00ed od 28.06.2025 do 26.07.2025 za p\u0159edpokladu, \u017ee nedojde k po\u0161kozen\u00ed tohoto a okoln\u00edch pozemk\u016f a nebude zm\u011bn\u011bn jejich sou\u010dasn\u00fd stav. Vyd\u00e1n\u00ed souhlasu je podm\u00edn\u011bno souhlasem org\u00e1n\u016f st\u00e1tn\u00ed spr\u00e1vy, p\u0159edev\u0161\u00edm ochrany p\u0159\u00edrody a krajiny, tj. Spr\u00e1vy CHKO \u0160umava. Souhlas je vyd\u00e1v\u00e1n spolku Jun\u00e1k \u2013 \u010desk\u00fd skaut, st\u0159edisko B\u00edl\u00fd Albatros Praha, z. s., Ha\u0161kova 629\/7, Praha\u2013 Hole\u0161ovice, I\u010c 40614069.<\/p>\n<p>&nbsp;<\/p>\n<p><strong>Usnesen\u00ed \u010d. 513<\/strong><br \/>\nRada m\u011bsta rozhodla uzav\u0159\u00edt dle p\u0159edlo\u017een\u00e9ho n\u00e1vrhu mezi m\u011bstem Vimperk, spole\u010dnost\u00ed \u010cEVAK, a. s., Severn\u00ed 2264\/8, 370 10 \u010cesk\u00e9 Bud\u011bjovice, I\u010c 60849657 a panem M. \u0160., bytem M\u00edrov\u00e1 458, Vimperk dohodu o p\u0159istoupen\u00ed k platb\u00e1m vodn\u00e9ho, jeho\u017e p\u0159edm\u011btem je, aby \u00fahradu vodn\u00e9ho s p\u0159\u00edslu\u0161enstv\u00edm pro odb\u011brn\u00e9 m\u00edsto zahrady na pozemku parc. \u010d. 149 v katastr\u00e1ln\u00edm \u00fazem\u00ed Vimperk v ulici Pasovsk\u00e1 ve Vimperku hradila p\u0159\u00edmo opr\u00e1vn\u011bn\u00e1 osoba tj. pacht\u00fd\u0159 zahrady pan Martin \u0160varc.<\/p>\n<p>&nbsp;<\/p>\n<p><strong>Usnesen\u00ed \u010d. 518<\/strong><br \/>\nRada m\u011bsta rozhodla poskytnout dotaci ve v\u00fd\u0161i 5.000 K\u010d \u010ceskomoravsk\u00e9 mysliveck\u00e9 jednot\u011b z. s. \u2013 okresn\u00edmu mysliveck\u00e9mu spolku Prachatice na uskute\u010dn\u011bn\u00ed chovatelsk\u00e9 p\u0159ehl\u00eddky trofej\u00ed za mysliveck\u00fd rok 2024 ve Vlachov\u011b B\u0159ez\u00ed ve dnech 06.06.2025 \u2013 08.06.2025. Rada m\u011bsta po\u017eaduje p\u0159edlo\u017eit vy\u00fa\u010dtov\u00e1n\u00ed nejpozd\u011bji do 30.08.2025.<\/p>\n<p>&nbsp;<\/p>\n<p><strong>Usnesen\u00ed \u010d. 519<\/strong><br \/>\nRada m\u011bsta rozhodla poskytnout dotaci ve v\u00fd\u0161i 10.000 K\u010d Cyklistick\u00e9mu klubu Jind\u0159ich\u016fv Hradec a. s. na \u010d\u00e1ste\u010dnou \u00fahradu n\u00e1klad\u016f p\u0159i uspo\u0159\u00e1d\u00e1n\u00ed 12. ro\u010dn\u00edku mezin\u00e1rodn\u00edho cyklistick\u00e9ho etapov\u00e9ho z\u00e1vodu Okolo ji\u017en\u00edch \u010cech 2025, kter\u00fd se uskute\u010dn\u00ed 04.09.2025 \u2013 07.09.2025. Rada m\u011bsta po\u017eaduje p\u0159edlo\u017eit vy\u00fa\u010dtov\u00e1n\u00ed do 30.11.2025.<\/p>\n<p>&nbsp;<\/p>\n<p><strong>Usnesen\u00ed \u010d. 520<\/strong><br \/>\nRada m\u011bsta rozhodla poskytnout dotaci ve v\u00fd\u0161i 5.000 K\u010d Z\u00e1kladn\u00ed \u0161kole T. G. Masaryka Vimperk na \u00fahradu cestovn\u00e9ho spojen\u00e9ho s \u00fa\u010dast\u00ed \u017e\u00e1k\u016f t\u00e9to \u0161koly na sportovn\u00ed sout\u011b\u017ei \u0161tafetov\u00e9ho b\u011bhu 07.05.2025 v \u010cesk\u00fdch Bud\u011bjovic\u00edh. Rada m\u011bsta po\u017eaduje p\u0159edlo\u017eit vy\u00fa\u010dtov\u00e1n\u00ed nejpozd\u011bji do 30.08.2025.<\/p>\n<p>&nbsp;<\/p>\n<p><strong>Usnesen\u00ed \u010d. 521<\/strong><br \/>\nRada m\u011bsta souhlas\u00ed s nav\u00fd\u0161en\u00edm pracovn\u00edho \u00favazku v p\u0159\u00edsp\u011bvkov\u00e9 organizaci M\u011bstsk\u00e9 kulturn\u00ed st\u0159edisko Vimperk z 0,75 na 1,0 pracovn\u00edho \u00favazku dle p\u0159edlo\u017een\u00e9ho n\u00e1vrhu. Nav\u00fd\u0161en\u00ed mzdov\u00fdch prost\u0159edk\u016f pro rok 2025 bude \u010derp\u00e1no z rozpo\u010dtu M\u011bstsk\u00e9ho kulturn\u00edho st\u0159ediska Vimperk, z fondu odm\u011bn.<\/p>\n<p>&nbsp;<\/p>\n<p><strong>Usnesen\u00ed \u010d. 522<\/strong><br \/>\nRada m\u011bsta rozhodla v souladu s ustanoven\u00edm odst. 7.3. vnit\u0159n\u00ed sm\u011brnice \u010d. 2\/2020 zadat p\u0159\u00edm\u00fdm zad\u00e1n\u00edm zak\u00e1zku na provozov\u00e1n\u00ed cyklobusu spole\u010dnosti \u0160VARCTRANS s. r. o. v term\u00ednu od 01.07. do 31.08.2025 na trase Vimperk \u2013 Kvilda \u2013 Str\u00e1\u017en\u00fd a zp\u011bt za nab\u00edzenou cenu pon\u00ed\u017eenou o manipula\u010dn\u00ed poplatek a pov\u011b\u0159uje odbor \u0161kolstv\u00ed, kultury a cestovn\u00edho ruchu p\u0159\u00edpravou smlouvy a j\u00edzdn\u00edho \u0159\u00e1du.<\/p>\n<p>&nbsp;<\/p>\n<p><strong>Usnesen\u00ed \u010d. 523<\/strong><br \/>\nRada m\u011bsta rozhodla uzav\u0159\u00edt dodatek \u010d. 1 ke smlouv\u011b o d\u00edlo, jej\u00edm\u017e p\u0159edm\u011btem je zak\u00e1zka na stavebn\u00ed pr\u00e1ce: \u201eVimperk, \u00daV Brloh \u2013 obnova kalov\u00fdch lagun po povodni 2024\u201c mezi m\u011bstem Vimperk, Steinbrenerova 6, 385 17 Vimperk a spole\u010dnost\u00ed Stavimperk s. r. o., U Sloup\u016f 19, 385 01 Vimperk, I\u010c 05266441 dle p\u0159edlo\u017een\u00e9ho n\u00e1vrhu.<\/p>\n<p>&nbsp;<\/p>\n<p>Zdroj: M\u011bsto Vimperk<\/p>\n<p><strong>(red) \u2013 Za kr\u00e1sn\u011bj\u0161\u00ed Vimperk<\/strong><\/p>\n<p>Ilustra\u010dn\u00ed foto: archiv (red) \u2013 Za kr\u00e1sn\u011bj\u0161\u00ed Vimperk<\/p>\n<h6><a href=\"https:\/\/www.vimperk.cz\/zapisy-ze-zasedani-rady\/ds-1128\/p1=9521\" target=\"_blank\" rel=\"noopener\">Cel\u00fd z\u00e1pis z jedn\u00e1n\u00ed<\/a><\/h6>\n<hr \/>\n<p>&nbsp;<\/p>\n","protected":false},"excerpt":{"rendered":"<p>&nbsp; Rada <\/p>\n","protected":false},"author":2,"featured_media":129874,"comment_status":"open","ping_status":"open","sticky":false,"template":"","format":"gallery","meta":{"footnotes":""},"categories":[115],"tags":[],"jetpack_featured_media_url":"https:\/\/zakrasnejsivimperk.cz\/wp-content\/uploads\/2018\/05\/06\/dokumenty.jpg","_links":{"self":[{"href":"https:\/\/zakrasnejsivimperk.cz\/index.php?rest_route=\/wp\/v2\/posts\/349154"}],"collection":[{"href":"https:\/\/zakrasnejsivimperk.cz\/index.php?rest_route=\/wp\/v2\/posts"}],"about":[{"href":"https:\/\/zakrasnejsivimperk.cz\/index.php?rest_route=\/wp\/v2\/types\/post"}],"author":[{"embeddable":true,"href":"https:\/\/zakrasnejsivimperk.cz\/index.php?rest_route=\/wp\/v2\/users\/2"}],"replies":[{"embeddable":true,"href":"https:\/\/zakrasnejsivimperk.cz\/index.php?rest_route=%2Fwp%2Fv2%2Fcomments&post=349154"}],"version-history":[{"count":1,"href":"https:\/\/zakrasnejsivimperk.cz\/index.php?rest_route=\/wp\/v2\/posts\/349154\/revisions"}],"predecessor-version":[{"id":349155,"href":"https:\/\/zakrasnejsivimperk.cz\/index.php?rest_route=\/wp\/v2\/posts\/349154\/revisions\/349155"}],"wp:featuredmedia":[{"embeddable":true,"href":"https:\/\/zakrasnejsivimperk.cz\/index.php?rest_route=\/wp\/v2\/media\/129874"}],"wp:attachment":[{"href":"https:\/\/zakrasnejsivimperk.cz\/index.php?rest_route=%2Fwp%2Fv2%2Fmedia&parent=349154"}],"wp:term":[{"taxonomy":"category","embeddable":true,"href":"https:\/\/zakrasnejsivimperk.cz\/index.php?rest_route=%2Fwp%2Fv2%2Fcategories&post=349154"},{"taxonomy":"post_tag","embeddable":true,"href":"https:\/\/zakrasnejsivimperk.cz\/index.php?rest_route=%2Fwp%2Fv2%2Ftags&post=349154"}],"curies":[{"name":"wp","href":"https:\/\/api.w.org\/{rel}","templated":true}]}}