{"id":348347,"date":"2025-06-15T13:31:19","date_gmt":"2025-06-15T12:31:19","guid":{"rendered":"https:\/\/zakrasnejsivimperk.cz\/?p=348347"},"modified":"2025-06-15T13:31:19","modified_gmt":"2025-06-15T12:31:19","slug":"nase-mesto-vimperk-zapis-ze-zasedani-mestske-rady-konane-9-cervna-25","status":"publish","type":"post","link":"https:\/\/zakrasnejsivimperk.cz\/?p=348347","title":{"rendered":"NA\u0160E M\u011aSTO VIMPERK: Z\u00e1pis ze zased\u00e1n\u00ed m\u011bstsk\u00e9 rady konan\u00e9 9. \u010dervna \u00b425"},"content":{"rendered":"<p><img loading=\"lazy\" decoding=\"async\" class=\"aligncenter wp-image-129874 size-full\" src=\"https:\/\/zakrasnejsivimperk.cz\/wp-content\/uploads\/2018\/05\/06\/dokumenty.jpg\" alt=\"\" width=\"799\" height=\"527\" srcset=\"https:\/\/zakrasnejsivimperk.cz\/wp-content\/uploads\/2018\/05\/06\/dokumenty.jpg 799w, https:\/\/zakrasnejsivimperk.cz\/wp-content\/uploads\/2018\/05\/06\/dokumenty-300x198.jpg 300w, https:\/\/zakrasnejsivimperk.cz\/wp-content\/uploads\/2018\/05\/06\/dokumenty-768x507.jpg 768w, https:\/\/zakrasnejsivimperk.cz\/wp-content\/uploads\/2018\/05\/06\/dokumenty-100x65.jpg 100w, https:\/\/zakrasnejsivimperk.cz\/wp-content\/uploads\/2018\/05\/06\/dokumenty-541x357.jpg 541w, https:\/\/zakrasnejsivimperk.cz\/wp-content\/uploads\/2018\/05\/06\/dokumenty-732x483.jpg 732w\" sizes=\"(max-width: 799px) 100vw, 799px\" \/><\/p>\n<p>&nbsp;<\/p>\n<h6>Rada m\u011bsta Vimperk na sv\u00e9m zased\u00e1n\u00ed 9. \u010dervna 2025 projednala a schv\u00e1lila <em>(p\u0159in\u00e1\u0161\u00edme doslovn\u00fd p\u0159epis n\u011bkter\u00fdch usnesen\u00ed bez redak\u010dn\u00ed \u00fapravy)<\/em>:<\/h6>\n<p>&nbsp;<\/p>\n<p><strong>Usnesen\u00ed \u010d. 478<\/strong><br \/>\nRada m\u011bsta rozhodla na z\u00e1klad\u011b protokolu o 1. jedn\u00e1n\u00ed hodnot\u00edc\u00ed komise pro ve\u0159ejnou zak\u00e1zku na dod\u00e1vky pro projekt s n\u00e1zvem \u201eZ\u0160 TGM Vimperk \u2013 modernizace u\u010debny robotiky \u2013 dod\u00e1vka vybaven\u00ed ICT\u201c vybrat \u00fa\u010dastn\u00edka Aricoma Systems a. s., se s\u00eddlem Hornopoln\u00ed 3322\/34, Moravsk\u00e1 Ostrava, 702 00 Ostrava, kter\u00fd podal nejv\u00fdhodn\u011bj\u0161\u00ed nab\u00eddku.<\/p>\n<p>&nbsp;<\/p>\n<p><strong>Usnesen\u00ed \u010d. 480<\/strong><br \/>\nRada m\u011bsta rozhodla uzav\u0159\u00edt dohodu o poskytnut\u00ed dotace na projekt rozvoje venkova v r\u00e1mci Strategick\u00e9ho pl\u00e1nu Spole\u010dn\u00e9 zem\u011bd\u011blsk\u00e9 politiky na obdob\u00ed 2023 \u2013 2027 pro projekt s n\u00e1zvem \u201eZ\u00e1meck\u00e1 stezka\u201c mezi m\u011bstem Vimperk a St\u00e1tn\u00edm zem\u011bd\u011blsk\u00fdm interven\u010dn\u00edm fondem, Ve Sme\u010dk\u00e1ch 801\/33, 110 00 Praha 1 dle p\u0159edlo\u017een\u00e9ho n\u00e1vrhu.<\/p>\n<p>&nbsp;<\/p>\n<p><strong>Usnesen\u00ed \u010d. 482<\/strong><br \/>\nRada m\u011bsta schvaluje mo\u017enost bezplatn\u00e9ho zp\u0159\u00edstupn\u011bn\u00ed pam\u00e1tkov\u011b chr\u00e1n\u011bn\u00fdch objekt\u016f v majetku m\u011bsta Vimperk pro ve\u0159ejnost dne 13.09.2025 v r\u00e1mci kon\u00e1n\u00ed akce Dn\u016f evropsk\u00e9ho kulturn\u00edho d\u011bdictv\u00ed (European Heritage Days).<\/p>\n<p>&nbsp;<\/p>\n<p><strong>Usnesen\u00ed \u010d. 483<\/strong><br \/>\nRada m\u011bsta rozhodla v souladu s ustanoven\u00edm odst. 7.3. vnit\u0159n\u00ed sm\u011brnice \u010d. 2\/2020 zadat p\u0159\u00edm\u00fdm zad\u00e1n\u00edm zak\u00e1zku mal\u00e9ho rozsahu na zhotoven\u00ed dvou mobiln\u00edch st\u011bn nakladatelstv\u00ed HALAMA a pov\u011b\u0159uje odbor \u0161kolstv\u00ed, kultury a cestovn\u00edho ruchu p\u0159\u00edpravou objedn\u00e1vky.<\/p>\n<p>&nbsp;<\/p>\n<p><strong>Usnesen\u00ed \u010d. 487<\/strong><br \/>\nRada m\u011bsta rozhodla poskytnout dotaci ve v\u00fd\u0161i 7.000 K\u010d TJ \u0160umavan Vimperk z. s. na \u010d\u00e1ste\u010dnou \u00fahradu n\u00e1klad\u016f p\u0159i po\u0159\u00e1d\u00e1n\u00ed turnaje Rohde &amp; Schwarz Cup 2025 dne 22.06.2025 v letn\u00edm sportovn\u00edm are\u00e1lu. Rada m\u011bsta po\u017eaduje p\u0159edlo\u017eit vy\u00fa\u010dtov\u00e1n\u00ed nejpozd\u011bji do 30.08.2025.<\/p>\n<p>&nbsp;<\/p>\n<p><strong>Usnesen\u00ed \u010d. 488<\/strong><br \/>\nRada m\u011bsta rozhodla p\u0159id\u011blit dotaci ve v\u00fd\u0161i 14.000 K\u010d Rad\u011b rodi\u010d\u016f p\u0159i V\u0161eobecn\u00e9m a sportovn\u00edm gymn\u00e1ziu Vimperk, Pivovarsk\u00e1 69, 385 01 Vimperk na \u010d\u00e1ste\u010dnou \u00fahradu n\u00e1klad\u016f spojen\u00fdch s \u00fa\u010dast\u00ed p\u011bveck\u00e9ho sboru Canto V\u0161eobecn\u00e9ho a sportovn\u00edho gymn\u00e1zia Vimperk na Festa academica Praha \u2013 festival p\u011bveck\u00fdch sbor\u016f 2025, kter\u00fd se uskute\u010dn\u00ed 03.10. \u2013 05.10.2025 v Orlov\u00e9 a 16.11. \u2013 17.11.2025 v Praze. Dotace bude poskytnuta z kapitoly rady m\u011bsta. Rada m\u011bsta po\u017eaduje p\u0159edlo\u017eit vy\u00fa\u010dtov\u00e1n\u00ed dotace do 20.12.2025.<\/p>\n<p>&nbsp;<\/p>\n<p><strong>Usnesen\u00ed \u010d. 489<\/strong><br \/>\nRada m\u011bsta rozhodla poskytnout dotaci ve v\u00fd\u0161i 5.000 K\u010d ZU\u0160 Vimperk, Nerudova 267, na \u010d\u00e1ste\u010dnou \u00fahradu n\u00e1klad\u016f p\u0159i reprezentaci \u017e\u00e1k\u016f ZU\u0160 v \u00fast\u0159edn\u00edm kole sout\u011b\u017ee ve h\u0159e na dechov\u00e9 n\u00e1stroje, kter\u00e1 se uskute\u010dnila 21.05.2025 \u2013 24.05.2025 v Praze. Rada m\u011bsta po\u017eaduje p\u0159edlo\u017eit vy\u00fa\u010dtov\u00e1n\u00ed nejpozd\u011bji do 30.08.2025.<\/p>\n<p>&nbsp;<\/p>\n<p><strong>Usnesen\u00ed \u010d. 491<\/strong><br \/>\nRada m\u011bsta rozhodla uzav\u0159\u00edt smlouvu o poskytov\u00e1n\u00ed slu\u017eby O2 Z\u00e1znam hovor\u016f mezi m\u011bstem Vimperk, Steinbrenerova 6\/2, 385 17 Vimperk, I\u010c 00250805 a spole\u010dnost\u00ed O2 Czech Republic a. s., Praha 4 \u2013 Michle, Za Brumlovkou 266\/2, 140 22, I\u010c 60193336 dle p\u0159edlo\u017een\u00e9ho n\u00e1vrhu.<\/p>\n<p>&nbsp;<\/p>\n<p><strong>Usnesen\u00ed \u010d. 492<\/strong><br \/>\nRada m\u011bsta v souladu s \u00a7 102 odst. 2 p\u00edsmena g) z\u00e1kona \u010d. 128\/2000 Sb., z\u00e1kona o obc\u00edch, v platn\u00e9m zn\u011bn\u00ed na n\u00e1vrh tajemn\u00edka M\u011b\u00da jmenuje Bc. Janu B\u00e1rtovou, vedouc\u00ed odboru v\u00fdstavby a \u00fazemn\u00edho pl\u00e1nov\u00e1n\u00ed s platnost\u00ed od 01.07.2025 na dobu neur\u010ditou, se zku\u0161ebn\u00ed dobou 6 m\u011bs\u00edc\u016f a pov\u011b\u0159uje tajemn\u00edka M\u011b\u00da vyd\u00e1n\u00edm a podpisem jmenovac\u00edho dekretu.<\/p>\n<p>&nbsp;<\/p>\n<p><strong>Usnesen\u00ed \u010d. 493<\/strong><br \/>\nRada m\u011bsta na z\u00e1klad\u011b p\u0159edlo\u017een\u00e9 Zpr\u00e1vy o hodnocen\u00ed nab\u00eddek pro ve\u0159ejnou zak\u00e1zku na stavebn\u00ed pr\u00e1ce v souladu se z\u00e1konem \u010d. 134\/2016 Sb., o zad\u00e1v\u00e1n\u00ed ve\u0159ejn\u00fdch zak\u00e1zek, ve zn\u011bn\u00ed pozd\u011bj\u0161\u00edch p\u0159edpis\u016f na akci \u201eZ\u00e1meck\u00e1 stezka etapa 3b, 3c, 4\u201c rozhodla vybrat dodavatele VKB stavby s. r. o., Buk 51, 383 01 Buk, I\u010c 02192012, kter\u00fd podal nejv\u00fdhodn\u011bj\u0161\u00ed nab\u00eddku.<\/p>\n<p>&nbsp;<\/p>\n<p>&nbsp;<\/p>\n<p>Zdroj: M\u011bsto Vimperk<\/p>\n<p><strong>(red) \u2013 Za kr\u00e1sn\u011bj\u0161\u00ed Vimperk<\/strong><\/p>\n<p>Ilustra\u010dn\u00ed foto: archiv (red) \u2013 Za kr\u00e1sn\u011bj\u0161\u00ed Vimperk<\/p>\n<h6><a href=\"https:\/\/www.vimperk.cz\/zapisy-ze-zasedani-rady\/ds-1128\/p1=9521\" target=\"_blank\" rel=\"noopener\">Cel\u00fd z\u00e1pis z jedn\u00e1n\u00ed<\/a><\/h6>\n<hr \/>\n<p>&nbsp;<\/p>\n","protected":false},"excerpt":{"rendered":"<p>&nbsp; Rada <\/p>\n","protected":false},"author":2,"featured_media":100721,"comment_status":"open","ping_status":"open","sticky":false,"template":"","format":"gallery","meta":{"footnotes":""},"categories":[115],"tags":[],"jetpack_featured_media_url":"https:\/\/zakrasnejsivimperk.cz\/wp-content\/uploads\/2017\/06\/15\/dokumenty-2.jpg","_links":{"self":[{"href":"https:\/\/zakrasnejsivimperk.cz\/index.php?rest_route=\/wp\/v2\/posts\/348347"}],"collection":[{"href":"https:\/\/zakrasnejsivimperk.cz\/index.php?rest_route=\/wp\/v2\/posts"}],"about":[{"href":"https:\/\/zakrasnejsivimperk.cz\/index.php?rest_route=\/wp\/v2\/types\/post"}],"author":[{"embeddable":true,"href":"https:\/\/zakrasnejsivimperk.cz\/index.php?rest_route=\/wp\/v2\/users\/2"}],"replies":[{"embeddable":true,"href":"https:\/\/zakrasnejsivimperk.cz\/index.php?rest_route=%2Fwp%2Fv2%2Fcomments&post=348347"}],"version-history":[{"count":1,"href":"https:\/\/zakrasnejsivimperk.cz\/index.php?rest_route=\/wp\/v2\/posts\/348347\/revisions"}],"predecessor-version":[{"id":348348,"href":"https:\/\/zakrasnejsivimperk.cz\/index.php?rest_route=\/wp\/v2\/posts\/348347\/revisions\/348348"}],"wp:featuredmedia":[{"embeddable":true,"href":"https:\/\/zakrasnejsivimperk.cz\/index.php?rest_route=\/wp\/v2\/media\/100721"}],"wp:attachment":[{"href":"https:\/\/zakrasnejsivimperk.cz\/index.php?rest_route=%2Fwp%2Fv2%2Fmedia&parent=348347"}],"wp:term":[{"taxonomy":"category","embeddable":true,"href":"https:\/\/zakrasnejsivimperk.cz\/index.php?rest_route=%2Fwp%2Fv2%2Fcategories&post=348347"},{"taxonomy":"post_tag","embeddable":true,"href":"https:\/\/zakrasnejsivimperk.cz\/index.php?rest_route=%2Fwp%2Fv2%2Ftags&post=348347"}],"curies":[{"name":"wp","href":"https:\/\/api.w.org\/{rel}","templated":true}]}}