{"id":347165,"date":"2025-06-06T10:27:19","date_gmt":"2025-06-06T09:27:19","guid":{"rendered":"https:\/\/zakrasnejsivimperk.cz\/?p=347165"},"modified":"2025-06-08T17:59:34","modified_gmt":"2025-06-08T16:59:34","slug":"jizni-cechy-lipno-jako-prvni-zavadi-sos-svozy-pro-cyklisty-a-stava-se-z-neho-cyklisticky-raj-budoucnosti-s-respektem-k-prirode","status":"publish","type":"post","link":"https:\/\/zakrasnejsivimperk.cz\/?p=347165","title":{"rendered":"JI\u017dN\u00cd \u010cECHY: Lipno jako prvn\u00ed zav\u00e1d\u00ed SOS svozy pro cyklisty a st\u00e1v\u00e1 se z n\u011bho cyklistick\u00fd r\u00e1j budoucnosti s respektem k p\u0159\u00edrod\u011b"},"content":{"rendered":"<p><img loading=\"lazy\" decoding=\"async\" class=\"aligncenter wp-image-347166 size-full\" src=\"https:\/\/zakrasnejsivimperk.cz\/wp-content\/uploads\/2025\/05\/29\/lipno-cykliste-1.jpeg\" alt=\"\" width=\"1366\" height=\"911\" srcset=\"https:\/\/zakrasnejsivimperk.cz\/wp-content\/uploads\/2025\/05\/29\/lipno-cykliste-1.jpeg 1366w, https:\/\/zakrasnejsivimperk.cz\/wp-content\/uploads\/2025\/05\/29\/lipno-cykliste-1-300x200.jpeg 300w, https:\/\/zakrasnejsivimperk.cz\/wp-content\/uploads\/2025\/05\/29\/lipno-cykliste-1-1024x683.jpeg 1024w, https:\/\/zakrasnejsivimperk.cz\/wp-content\/uploads\/2025\/05\/29\/lipno-cykliste-1-768x512.jpeg 768w, https:\/\/zakrasnejsivimperk.cz\/wp-content\/uploads\/2025\/05\/29\/lipno-cykliste-1-535x357.jpeg 535w, https:\/\/zakrasnejsivimperk.cz\/wp-content\/uploads\/2025\/05\/29\/lipno-cykliste-1-724x483.jpeg 724w\" sizes=\"(max-width: 1366px) 100vw, 1366px\" \/><\/p>\n<p>&nbsp;<\/p>\n<h6>Lipensko potvrzuje svou pov\u011bst cyklistick\u00e9ho r\u00e1je a op\u011bt ukazuje, pro\u010d pat\u0159\u00ed mezi nejvyhled\u00e1van\u011bj\u0161\u00ed destinace nejenom pro milovn\u00edky j\u00edzdy na kole. Jako prvn\u00ed v \u010cesk\u00e9 republice p\u0159ich\u00e1z\u00ed s novinkou v podob\u011b SOS svozu cyklist\u016f. Nechyb\u00ed \u0161etrn\u00fd p\u0159\u00edstup k p\u0159\u00edrod\u011b d\u00edky kr\u00e1tk\u00fdm dodavatelsk\u00fdm \u0159et\u011bzc\u016fm. Udr\u017eitelnost tu nen\u00ed m\u00f3dn\u00ed slovo, ale ka\u017edodenn\u00ed realita.<\/h6>\n<p><img loading=\"lazy\" decoding=\"async\" class=\"size-medium wp-image-247981 alignright\" src=\"https:\/\/zakrasnejsivimperk.cz\/wp-content\/uploads\/2022\/02\/24\/lipno-logo-300x116.jpg\" alt=\"\" width=\"300\" height=\"116\" srcset=\"https:\/\/zakrasnejsivimperk.cz\/wp-content\/uploads\/2022\/02\/24\/lipno-logo-300x116.jpg 300w, https:\/\/zakrasnejsivimperk.cz\/wp-content\/uploads\/2022\/02\/24\/lipno-logo.jpg 716w\" sizes=\"(max-width: 300px) 100vw, 300px\" \/>Lipensko pat\u0159\u00ed dlouhodob\u011b k top destinac\u00edm pro milovn\u00edky j\u00edzdy na kole. D\u00edky nov\u00e9 platform\u011b <a href=\"https:\/\/www.kolemkolem.info\/\" target=\"_blank\" rel=\"noopener\"><strong>www.kolemkolem.info<\/strong><\/a> je pl\u00e1nov\u00e1n\u00ed v\u00fdlet\u016f je\u0161t\u011b snaz\u0161\u00ed. Nejv\u011bt\u0161\u00ed lok\u00e1ln\u00ed pl\u00e1nova\u010d cyklov\u00fdlet\u016f umo\u017e\u0148uje vybrat trasu podle typu kola, d\u00e9lky \u010di obt\u00ed\u017enosti a nab\u00edz\u00ed tak\u00e9 informace o ob\u010derstven\u00ed, servisech nebo mo\u017enosti p\u0159enesen\u00ed trasy do navigace. Na Lipn\u011b si tak sv\u016fj ide\u00e1ln\u00ed cyklov\u00fdlet napl\u00e1nuje ka\u017ed\u00fd \u2013 od rodin s d\u011btmi a\u017e po zku\u0161en\u00e9 bikery.<\/p>\n<p><em>\u201eLipensko potvrzuje sv\u00e9 veden\u00ed mezi cyklistick\u00fdmi destinacemi a stejn\u011b jako v jin\u00fdch oblastech posouv\u00e1 op\u011bt la\u0165ku o stupe\u0148 v\u00fd\u0161e. Krom\u011b \u0161pi\u010dkov\u00e9ho pl\u00e1nova\u010de jako prvn\u00ed zav\u00e1d\u00edme SOS svoz cyklist\u016f. Velk\u00e9 pod\u011bkov\u00e1n\u00ed pat\u0159\u00ed partner\u016fm t\u011bchto svoz\u016f, Kooperativ\u011b a Toyot\u011b Dol\u00e1k,\u201c<\/em> \u0159\u00edk\u00e1 p\u0159edseda spolku KolemKolem V\u00edt Bechynsk\u00fd.<\/p>\n<p>T\u00edm ale snaha projektu nekon\u010d\u00ed. D\u00edky spole\u010dnosti BOSCH se na Lipn\u011b dostavuj\u00ed v\u00fdjezdov\u00e9 traily nebo nab\u00edjec\u00ed infrastruktura. Nadace \u010cEZ si za sv\u00e9 vzala naopak navigaci pro mal\u00e9 i velk\u00e9 cyklisty.<\/p>\n<p>V projektu KolemKolem jsou dnes sdru\u017eeny \u010dty\u0159i obce pod\u00e9l unik\u00e1tn\u00ed Vltavsk\u00e9 cyklistick\u00e9 stezky, Frymburk, Lipno nad Vltavou, Lou\u010dovice a Vy\u0161\u0161\u00ed Brod.<\/p>\n<h6>Udr\u017eiteln\u011b a s respektem k \u0160umav\u011b<\/h6>\n<p>V Rodinn\u00e9m are\u00e1lu Lipno v\u011b\u0159\u00ed, \u017ee ka\u017ed\u00fd krok m\u00e1 smysl. Proto vol\u00ed cestu, kter\u00e1 respektuje krajinu \u0160umavy \u2013 jej\u00ed klid, rytmus a s\u00edlu. Udr\u017eitelnost se zde stala ka\u017edodenn\u00ed realitou. Vlastn\u00ed farma Ov\u010d\u00edn pom\u00e1h\u00e1 udr\u017eovat biodiverzitu a p\u00e9\u010di o krajinu bez techniky. \u0158eznictv\u00ed Kramol\u00ednsk\u00fd v\u016fl vyu\u017e\u00edv\u00e1 maso od \u0159ezn\u00edk\u016f, kter\u00e9 necestovalo p\u0159es p\u016fl sv\u011bta. To se pak d\u00e1le zpracov\u00e1v\u00e1 p\u0159\u00edmo v are\u00e1lu. Elekt\u0159ina poch\u00e1z\u00ed z m\u00edstn\u00ed vodn\u00ed elektr\u00e1rny a pe\u010divo bere are\u00e1l z nedalek\u00e9ho Vy\u0161\u0161\u00edho Brodu.<\/p>\n<p><em>\u201eChceme, aby i dal\u0161\u00ed generace m\u011bly \u0161anci objevovat kr\u00e1su \u0160umavy tak, jak ji zn\u00e1me my. Na\u0161\u00ed snahou je destinace kr\u00e1tk\u00fdch vzd\u00e1lenost\u00ed s vyu\u017eit\u00edm v\u0161ech zp\u016fsob\u016f dopravy a kr\u00e1tk\u00fdch dodavatelsk\u00fdch \u0159et\u011bzc\u016f,\u201c<\/em> vysv\u011btluje gener\u00e1ln\u00ed \u0159editel Rodinn\u00e9ho are\u00e1lu Lipno Mat\u011bj Kratochv\u00edl.<\/p>\n<h6>Jistota nejenom rodinn\u00e9 dovolen\u00e9 za rozumnou cenu<\/h6>\n<p>Lipensko pat\u0159\u00ed k nejatraktivn\u011bj\u0161\u00ed destinaci v r\u00e1mci \u010cesk\u00e9 republiky a nab\u00edz\u00ed nep\u0159ebern\u00e9 mno\u017estv\u00ed vy\u017eit\u00ed. A\u0165 u\u017e sem zam\u00ed\u0159\u00ed zamilovan\u00e1 dvojice, parta p\u0159\u00e1tel, seniorsk\u00fd p\u00e1r nebo cel\u00e1 rodina. Jistotou je i kvalitn\u00ed gastronomie, kter\u00e1 v posledn\u00ed dob\u011b z\u00edsk\u00e1v\u00e1 st\u00e1le v\u00edce pozornosti p\u0159i rozhodov\u00e1n\u00ed kam na dovolenou. Od leto\u0161n\u00edho jara mohou n\u00e1v\u0161t\u011bvn\u00edci Rodinn\u00e9ho are\u00e1lu u\u0161et\u0159it d\u00edky dynamick\u00fdm cen\u00e1m. Nov\u00fd model cen p\u0159in\u00e1\u0161\u00ed v\u00fdhodu v\u0161em a hlavn\u011b t\u011bm, kdo pl\u00e1nuj\u00ed s p\u0159edstihem. Ceny za\u010d\u00ednaj\u00ed v\u00fdrazn\u011b n\u00ed\u017ee ne\u017e loni.<\/p>\n<p>V\u00edce informac\u00ed najdete na <a href=\"https:\/\/www.lipno.info\/\" target=\"_blank\" rel=\"noopener\"><strong>www.lipno.info<\/strong><\/a> a <a href=\"https:\/\/www.kolemkolem.info\/\" target=\"_blank\" rel=\"noopener\"><strong>www.kolemkolem.info<\/strong><\/a>.<\/p>\n<p>&nbsp;<\/p>\n<p><strong>Ji\u0159\u00ed GRUNTOR\u00c1D, Rodinn\u00fd are\u00e1l Lipno<\/strong><\/p>\n<p>Foto: archiv are\u00e1lu<\/p>\n<p>&nbsp;<\/p>\n<p><img loading=\"lazy\" decoding=\"async\" class=\"aligncenter wp-image-347167 size-full\" src=\"https:\/\/zakrasnejsivimperk.cz\/wp-content\/uploads\/2025\/05\/29\/lipno-cykliste-1.jpg\" alt=\"\" width=\"1367\" height=\"911\" srcset=\"https:\/\/zakrasnejsivimperk.cz\/wp-content\/uploads\/2025\/05\/29\/lipno-cykliste-1.jpg 1367w, https:\/\/zakrasnejsivimperk.cz\/wp-content\/uploads\/2025\/05\/29\/lipno-cykliste-1-300x200.jpg 300w, https:\/\/zakrasnejsivimperk.cz\/wp-content\/uploads\/2025\/05\/29\/lipno-cykliste-1-1024x682.jpg 1024w, https:\/\/zakrasnejsivimperk.cz\/wp-content\/uploads\/2025\/05\/29\/lipno-cykliste-1-768x512.jpg 768w, https:\/\/zakrasnejsivimperk.cz\/wp-content\/uploads\/2025\/05\/29\/lipno-cykliste-1-536x357.jpg 536w, https:\/\/zakrasnejsivimperk.cz\/wp-content\/uploads\/2025\/05\/29\/lipno-cykliste-1-725x483.jpg 725w\" sizes=\"(max-width: 1367px) 100vw, 1367px\" \/><\/p>\n<p>&nbsp;<\/p>\n<p><img loading=\"lazy\" decoding=\"async\" class=\"aligncenter wp-image-347168 size-full\" src=\"https:\/\/zakrasnejsivimperk.cz\/wp-content\/uploads\/2025\/05\/29\/lipno-cykliste-2.jpg\" alt=\"\" width=\"1367\" height=\"911\" srcset=\"https:\/\/zakrasnejsivimperk.cz\/wp-content\/uploads\/2025\/05\/29\/lipno-cykliste-2.jpg 1367w, https:\/\/zakrasnejsivimperk.cz\/wp-content\/uploads\/2025\/05\/29\/lipno-cykliste-2-300x200.jpg 300w, https:\/\/zakrasnejsivimperk.cz\/wp-content\/uploads\/2025\/05\/29\/lipno-cykliste-2-1024x682.jpg 1024w, https:\/\/zakrasnejsivimperk.cz\/wp-content\/uploads\/2025\/05\/29\/lipno-cykliste-2-768x512.jpg 768w, https:\/\/zakrasnejsivimperk.cz\/wp-content\/uploads\/2025\/05\/29\/lipno-cykliste-2-536x357.jpg 536w, https:\/\/zakrasnejsivimperk.cz\/wp-content\/uploads\/2025\/05\/29\/lipno-cykliste-2-725x483.jpg 725w\" sizes=\"(max-width: 1367px) 100vw, 1367px\" \/><\/p>\n<p>&nbsp;<\/p>\n<p><img loading=\"lazy\" decoding=\"async\" class=\"aligncenter wp-image-347169 size-full\" src=\"https:\/\/zakrasnejsivimperk.cz\/wp-content\/uploads\/2025\/05\/29\/lipno-cykliste-3.jpg\" alt=\"\" width=\"1367\" height=\"911\" srcset=\"https:\/\/zakrasnejsivimperk.cz\/wp-content\/uploads\/2025\/05\/29\/lipno-cykliste-3.jpg 1367w, https:\/\/zakrasnejsivimperk.cz\/wp-content\/uploads\/2025\/05\/29\/lipno-cykliste-3-300x200.jpg 300w, https:\/\/zakrasnejsivimperk.cz\/wp-content\/uploads\/2025\/05\/29\/lipno-cykliste-3-1024x682.jpg 1024w, https:\/\/zakrasnejsivimperk.cz\/wp-content\/uploads\/2025\/05\/29\/lipno-cykliste-3-768x512.jpg 768w, https:\/\/zakrasnejsivimperk.cz\/wp-content\/uploads\/2025\/05\/29\/lipno-cykliste-3-536x357.jpg 536w, https:\/\/zakrasnejsivimperk.cz\/wp-content\/uploads\/2025\/05\/29\/lipno-cykliste-3-725x483.jpg 725w\" sizes=\"(max-width: 1367px) 100vw, 1367px\" \/><\/p>\n<hr \/>\n<p>&nbsp;<\/p>\n","protected":false},"excerpt":{"rendered":"<p>&nbsp; Lipensko <\/p>\n","protected":false},"author":2,"featured_media":347170,"comment_status":"open","ping_status":"open","sticky":false,"template":"","format":"gallery","meta":{"footnotes":""},"categories":[72,107],"tags":[],"jetpack_featured_media_url":"https:\/\/zakrasnejsivimperk.cz\/wp-content\/uploads\/2025\/05\/29\/ram-lipno.jpg","_links":{"self":[{"href":"https:\/\/zakrasnejsivimperk.cz\/index.php?rest_route=\/wp\/v2\/posts\/347165"}],"collection":[{"href":"https:\/\/zakrasnejsivimperk.cz\/index.php?rest_route=\/wp\/v2\/posts"}],"about":[{"href":"https:\/\/zakrasnejsivimperk.cz\/index.php?rest_route=\/wp\/v2\/types\/post"}],"author":[{"embeddable":true,"href":"https:\/\/zakrasnejsivimperk.cz\/index.php?rest_route=\/wp\/v2\/users\/2"}],"replies":[{"embeddable":true,"href":"https:\/\/zakrasnejsivimperk.cz\/index.php?rest_route=%2Fwp%2Fv2%2Fcomments&post=347165"}],"version-history":[{"count":1,"href":"https:\/\/zakrasnejsivimperk.cz\/index.php?rest_route=\/wp\/v2\/posts\/347165\/revisions"}],"predecessor-version":[{"id":347171,"href":"https:\/\/zakrasnejsivimperk.cz\/index.php?rest_route=\/wp\/v2\/posts\/347165\/revisions\/347171"}],"wp:featuredmedia":[{"embeddable":true,"href":"https:\/\/zakrasnejsivimperk.cz\/index.php?rest_route=\/wp\/v2\/media\/347170"}],"wp:attachment":[{"href":"https:\/\/zakrasnejsivimperk.cz\/index.php?rest_route=%2Fwp%2Fv2%2Fmedia&parent=347165"}],"wp:term":[{"taxonomy":"category","embeddable":true,"href":"https:\/\/zakrasnejsivimperk.cz\/index.php?rest_route=%2Fwp%2Fv2%2Fcategories&post=347165"},{"taxonomy":"post_tag","embeddable":true,"href":"https:\/\/zakrasnejsivimperk.cz\/index.php?rest_route=%2Fwp%2Fv2%2Ftags&post=347165"}],"curies":[{"name":"wp","href":"https:\/\/api.w.org\/{rel}","templated":true}]}}