{"id":346797,"date":"2025-05-26T13:46:30","date_gmt":"2025-05-26T12:46:30","guid":{"rendered":"https:\/\/zakrasnejsivimperk.cz\/?p=346797"},"modified":"2025-05-26T13:46:30","modified_gmt":"2025-05-26T12:46:30","slug":"nase-mesto-vimperk-zapis-ze-zasedani-mestske-rady-konane-19-kvetna-25","status":"publish","type":"post","link":"https:\/\/zakrasnejsivimperk.cz\/?p=346797","title":{"rendered":"NA\u0160E M\u011aSTO VIMPERK: Z\u00e1pis ze zased\u00e1n\u00ed m\u011bstsk\u00e9 rady konan\u00e9 19. kv\u011btna \u00b425"},"content":{"rendered":"<p><img loading=\"lazy\" decoding=\"async\" class=\"aligncenter wp-image-129874 size-full\" src=\"https:\/\/zakrasnejsivimperk.cz\/wp-content\/uploads\/2018\/05\/06\/dokumenty.jpg\" alt=\"\" width=\"799\" height=\"527\" srcset=\"https:\/\/zakrasnejsivimperk.cz\/wp-content\/uploads\/2018\/05\/06\/dokumenty.jpg 799w, https:\/\/zakrasnejsivimperk.cz\/wp-content\/uploads\/2018\/05\/06\/dokumenty-300x198.jpg 300w, https:\/\/zakrasnejsivimperk.cz\/wp-content\/uploads\/2018\/05\/06\/dokumenty-768x507.jpg 768w, https:\/\/zakrasnejsivimperk.cz\/wp-content\/uploads\/2018\/05\/06\/dokumenty-100x65.jpg 100w, https:\/\/zakrasnejsivimperk.cz\/wp-content\/uploads\/2018\/05\/06\/dokumenty-541x357.jpg 541w, https:\/\/zakrasnejsivimperk.cz\/wp-content\/uploads\/2018\/05\/06\/dokumenty-732x483.jpg 732w\" sizes=\"(max-width: 799px) 100vw, 799px\" \/><\/p>\n<p>&nbsp;<\/p>\n<h6>Rada m\u011bsta Vimperk na sv\u00e9m zased\u00e1n\u00ed 19. kv\u011btna 2025 projednala a schv\u00e1lila <em>(p\u0159in\u00e1\u0161\u00edme doslovn\u00fd p\u0159epis n\u011bkter\u00fdch usnesen\u00ed bez redak\u010dn\u00ed \u00fapravy)<\/em>:<\/h6>\n<p>&nbsp;<\/p>\n<p><strong>Usnesen\u00ed \u010d. 391<\/strong><br \/>\nRada m\u011bsta bere na v\u011bdom\u00ed rozhodnut\u00ed \u0159editelky Z\u00e1kladn\u00ed \u0161koly T. G. Masaryka Vimperk o vyhl\u00e1\u0161en\u00ed \u0159editelsk\u00e9ho volna ve dnech 25. &#8211; 27. \u010dervna 2025 z technick\u00fdch a organiza\u010dn\u00edch d\u016fvod\u016f.<\/p>\n<p>&nbsp;<\/p>\n<p><strong>Usnesen\u00ed \u010d. 393<\/strong><br \/>\nRada m\u011bsta schvaluje p\u0159edlo\u017een\u00fd n\u00e1vrh finan\u010dn\u00edch odm\u011bn pro \u0159editele z\u00e1kladn\u00edch a mate\u0159sk\u00fdch \u0161kol, jejich\u017e z\u0159izovatelem je m\u011bsto Vimperk.<\/p>\n<p>&nbsp;<\/p>\n<p><strong>Usnesen\u00ed \u010d. 394<\/strong><br \/>\nRada m\u011bsta souhlas\u00ed se zn\u011bn\u00edm smluv o poskytnut\u00ed finan\u010dn\u00edho p\u0159\u00edsp\u011bvku na provoz cyklobusu.<\/p>\n<p>&nbsp;<\/p>\n<p><strong>Usnesen\u00ed \u010d. 395<\/strong><br \/>\nRada m\u011bsta rozhodla prov\u00e9st v\u00fdb\u011br dodavatele ve\u0159ejn\u00e9 zak\u00e1zky mal\u00e9ho rozsahu, jej\u00edm\u017e p\u0159edm\u011btem je spolupr\u00e1ce p\u0159i p\u0159\u00edprav\u011b a realizaci Slavnosti p\u0159\u00e1telstv\u00ed, v souladu s \u010dl\u00e1nkem 5 vnit\u0159n\u00ed sm\u011brnice \u010d. 4\/2025 o zad\u00e1v\u00e1n\u00ed ve\u0159ejn\u00fdch zak\u00e1zek mal\u00e9ho rozsahu formou p\u0159\u00edm\u00e9ho zad\u00e1n\u00ed a zadat uvedenou zak\u00e1zku spolku SH\u0160 Berit, z. s.<\/p>\n<p>&nbsp;<\/p>\n<p><strong>Usnesen\u00ed \u010d. 397<\/strong><br \/>\nRada m\u011bsta jmenuje nov\u00fdm \u010dlenem redak\u010dn\u00ed rady Vimpersk\u00fdch novin Jana Mazance s platnost\u00ed od 19. kv\u011btna 2025.<\/p>\n<p>&nbsp;<\/p>\n<p><strong>Usnesen\u00ed \u010d. 398<\/strong><br \/>\nRada m\u011bsta rozhodla uzav\u0159\u00edt Smlouvu o spolupo\u0159adatelstv\u00ed kulturn\u00ed akce \u201ePou\u0165ov\u00e1 z\u00e1bava\u201c mezi m\u011bstem Vimperk a Franti\u0161kem B\u0159e\u010dkou dle p\u0159edlo\u017een\u00e9ho n\u00e1vrhu.<\/p>\n<p>&nbsp;<\/p>\n<p><strong>Usnesen\u00ed \u010d. 399<\/strong><br \/>\nRada m\u011bsta rozhodla poskytnout dotaci z rozpo\u010dtu odboru soci\u00e1ln\u00edch v\u011bc\u00ed a zdravotnictv\u00ed ve v\u00fd\u0161i 5.000 K\u010d organizaci Centrum H\u00e1jek z. \u00fa. na projekt Soci\u00e1ln\u00ed rehabilitace Centrum H\u00e1jek z. \u00fa. dle p\u0159edlo\u017een\u00e9ho n\u00e1vrhu. Vy\u00fa\u010dtov\u00e1n\u00ed dotace je po\u017eadov\u00e1no dolo\u017eit do 31.01.2026.<\/p>\n<p>&nbsp;<\/p>\n<p><strong>Usnesen\u00ed \u010d. 400<\/strong><br \/>\nRada m\u011bsta rozhodla poskytnout dotaci z rozpo\u010dtu odboru soci\u00e1ln\u00edch v\u011bc\u00ed a zdravotnictv\u00ed ve v\u00fd\u0161i 15.000 K\u010d organizaci Svaz t\u011blesn\u011b posti\u017een\u00fdch v \u010cR, m\u00edstn\u00ed organizace Vimperk na projekt Zaji\u0161t\u011bn\u00ed volno\u010dasov\u00fdch aktivit \u010dlen\u016f organizace dle p\u0159edlo\u017een\u00e9ho n\u00e1vrhu. Vy\u00fa\u010dtov\u00e1n\u00ed dotace je po\u017eadov\u00e1no dolo\u017eit do 31.01.2026.<\/p>\n<p>&nbsp;<\/p>\n<p><strong>Usnesen\u00ed \u010d. 401<\/strong><br \/>\nRada m\u011bsta rozhodla poskytnout dotaci z rozpo\u010dtu odboru soci\u00e1ln\u00edch v\u011bc\u00ed a zdravotnictv\u00ed ve v\u00fd\u0161i 5.000 K\u010d organizaci Tyfloservis, o. p. s. na projekt Cesta ze tmy \u2013 Vimperk 2025 dle p\u0159edlo\u017een\u00e9ho n\u00e1vrhu. Vy\u00fa\u010dtov\u00e1n\u00ed dotace je po\u017eadov\u00e1no dolo\u017eit do 31.01.2026.<\/p>\n<p>&nbsp;<\/p>\n<p><strong>Usnesen\u00ed \u010d. 403<\/strong><br \/>\nRada m\u011bsta rozhodla p\u0159id\u011blit dotaci ve v\u00fd\u0161i 10.000 K\u010d TJ \u0160umavan Vimperk, z. s., 1. m\u00e1je 321\/25, 385 01 Vimperk na \u010d\u00e1ste\u010dnou \u00fahradu n\u00e1klad\u016f na organizaci krajsk\u00e9ho kola BTM ve stoln\u00edm tenisu v kategori\u00edch U13 a U15, kter\u00fd se uskute\u010dn\u00ed 24.05.2025 &#8211; 25.05.2025 v hale Z\u0160 Smetanova ve Vimperku. Dotace bude poskytnuta z kapitoly rady m\u011bsta. Rada m\u011bsta po\u017eaduje p\u0159edlo\u017eit vy\u00fa\u010dtov\u00e1n\u00ed dotace do 30.06.2025.<\/p>\n<p>&nbsp;<\/p>\n<p><strong>Usnesen\u00ed \u010d. 420<\/strong><br \/>\nRada m\u011bsta zastupuj\u00edc\u00ed m\u011bsto Vimperk jako vlastn\u00edka pozemk\u016f v katastr\u00e1ln\u00edm \u00fazem\u00ed Vimperk souhlas\u00ed s kon\u00e1n\u00edm sportovn\u00ed akce WalkRun \u0160umava na vybran\u00fdch pozemc\u00edch m\u011bsta Vimperk dne 14.06.2025, a to za podm\u00ednky, \u017ee po skon\u010den\u00ed akce dojde k \u00faklidu a odstran\u011bn\u00ed provizorn\u00edho zna\u010den\u00ed na jednotliv\u00fdch tras\u00e1ch a po\u0159adatel si zajist\u00ed soub\u011b\u017en\u011b tak\u00e9 souhlas od spr\u00e1vce are\u00e1lu b\u00fdval\u00e9ho letn\u00edho kina, tj. M\u011bstsk\u00e9ho kulturn\u00edho st\u0159ediska. Souhlas je vyd\u00e1v\u00e1n po\u0159adateli t\u00e9to sportovn\u00ed akce Charit\u011b Prachatice-Vimperk, se s\u00eddlem Prav\u011bt\u00edn 23, Vimperk.<\/p>\n<p>&nbsp;<\/p>\n<p><strong>Usnesen\u00ed \u010d. 428<\/strong><br \/>\nRada m\u011bsta rozhodla v souladu s ustanoven\u00edm \u010dl. 7 odst. 7.3 vnit\u0159n\u00ed sm\u011brnice \u010d. 4\/2025, o zad\u00e1v\u00e1n\u00ed ve\u0159ejn\u00fdch zak\u00e1zek mal\u00e9ho rozsahu, zadat p\u0159\u00edm\u00fdm zad\u00e1n\u00edm ve\u0159ejnou zak\u00e1zku mal\u00e9ho rozsahu na slu\u017eby s n\u00e1zvem \u201eSingltrek Vimperk\u201c \u2013 zpracov\u00e1n\u00ed projektov\u00e9 dokumentace spole\u010dnosti Singltrek, s. r. o., M\u0161ensk\u00e1 50, 466 04 Jablonec nad Nisou, I\u010c 28721942.<\/p>\n<p>&nbsp;<\/p>\n<p><strong>Usnesen\u00ed \u010d. 430<\/strong><br \/>\nRada m\u011bsta rozhodla v souladu s ustanoven\u00edm odst. 7.3. \u010dl. 7. Vnit\u0159n\u00ed sm\u011brnice \u010d. 4\/2025 \u201eO zad\u00e1v\u00e1n\u00ed ve\u0159ejn\u00fdch zak\u00e1zek mal\u00e9ho rozsahu\u201c zadat ve\u0159ejnou zak\u00e1zku mal\u00e9ho rozsahu na zpracov\u00e1n\u00ed n\u00e1vrhov\u00e9 \u010d\u00e1sti Koncepce rozvoje m\u011bsta Vimperk spole\u010dnosti 4ct s. r. o., se s\u00eddlem V J\u00e1m\u011b 1598\/4, Nov\u00e9 M\u011bsto, 110 00 Praha 1, I\u010c 24287610.<\/p>\n<p>&nbsp;<\/p>\n<p>&nbsp;<\/p>\n<p>Zdroj: M\u011bsto Vimperk<\/p>\n<p><strong>(red) \u2013 Za kr\u00e1sn\u011bj\u0161\u00ed Vimperk<\/strong><\/p>\n<p>Ilustra\u010dn\u00ed foto: archiv (red) \u2013 Za kr\u00e1sn\u011bj\u0161\u00ed Vimperk<\/p>\n<h6><a href=\"https:\/\/www.vimperk.cz\/zapisy-ze-zasedani-rady\/ds-1128\/p1=9521\" target=\"_blank\" rel=\"noopener\">Cel\u00fd z\u00e1pis z jedn\u00e1n\u00ed<\/a><\/h6>\n<hr \/>\n<p>&nbsp;<\/p>\n","protected":false},"excerpt":{"rendered":"<p>&nbsp; Rada <\/p>\n","protected":false},"author":2,"featured_media":129874,"comment_status":"open","ping_status":"open","sticky":false,"template":"","format":"gallery","meta":{"footnotes":""},"categories":[115],"tags":[],"jetpack_featured_media_url":"https:\/\/zakrasnejsivimperk.cz\/wp-content\/uploads\/2018\/05\/06\/dokumenty.jpg","_links":{"self":[{"href":"https:\/\/zakrasnejsivimperk.cz\/index.php?rest_route=\/wp\/v2\/posts\/346797"}],"collection":[{"href":"https:\/\/zakrasnejsivimperk.cz\/index.php?rest_route=\/wp\/v2\/posts"}],"about":[{"href":"https:\/\/zakrasnejsivimperk.cz\/index.php?rest_route=\/wp\/v2\/types\/post"}],"author":[{"embeddable":true,"href":"https:\/\/zakrasnejsivimperk.cz\/index.php?rest_route=\/wp\/v2\/users\/2"}],"replies":[{"embeddable":true,"href":"https:\/\/zakrasnejsivimperk.cz\/index.php?rest_route=%2Fwp%2Fv2%2Fcomments&post=346797"}],"version-history":[{"count":1,"href":"https:\/\/zakrasnejsivimperk.cz\/index.php?rest_route=\/wp\/v2\/posts\/346797\/revisions"}],"predecessor-version":[{"id":346798,"href":"https:\/\/zakrasnejsivimperk.cz\/index.php?rest_route=\/wp\/v2\/posts\/346797\/revisions\/346798"}],"wp:featuredmedia":[{"embeddable":true,"href":"https:\/\/zakrasnejsivimperk.cz\/index.php?rest_route=\/wp\/v2\/media\/129874"}],"wp:attachment":[{"href":"https:\/\/zakrasnejsivimperk.cz\/index.php?rest_route=%2Fwp%2Fv2%2Fmedia&parent=346797"}],"wp:term":[{"taxonomy":"category","embeddable":true,"href":"https:\/\/zakrasnejsivimperk.cz\/index.php?rest_route=%2Fwp%2Fv2%2Fcategories&post=346797"},{"taxonomy":"post_tag","embeddable":true,"href":"https:\/\/zakrasnejsivimperk.cz\/index.php?rest_route=%2Fwp%2Fv2%2Ftags&post=346797"}],"curies":[{"name":"wp","href":"https:\/\/api.w.org\/{rel}","templated":true}]}}